{"id":10351,"date":"2020-07-16T14:39:41","date_gmt":"2020-07-16T17:39:41","guid":{"rendered":"http:\/\/gremioseguridad.com\/electronica\/?p=10351"},"modified":"2020-07-16T14:39:43","modified_gmt":"2020-07-16T17:39:43","slug":"vertiv-sol-control","status":"publish","type":"post","link":"https:\/\/infoseguridadit.com\/electronica\/2020\/07\/16\/vertiv-sol-control\/","title":{"rendered":"Vertiv Formaliza un Acuerdo de Distribuci\u00f3n en Paraguay"},"content":{"rendered":"\n<p><strong>Vertiv <em>Formaliza<\/em> un Acuerdo de Distribuci\u00f3n con Sol Control SRL en Paraguay<\/strong><\/p>\n\n\n\n<p>Vertiv (NYSE: VRT), un proveedor global de soluciones de continuidad e <a aria-label=\"undefined (abre en una nueva pesta\u00f1a)\" href=\"http:\/\/gremioseguridad.com\/electronica\/?s=infraestructura\" target=\"_blank\" rel=\"noreferrer noopener\">infraestructura<\/a> cr\u00edtica digital, anunci\u00f3 su acuerdo de distribuci\u00f3n con <a href=\"https:\/\/www.solcontrol.com.py\/v2\/\">Sol Control SRL<\/a> en Paraguay, un mayorista de inform\u00e1tica con m\u00e1s de 25 a\u00f1os en el mercado. La relaci\u00f3n se centrar\u00e1 en proporcionar a los clientes de Sol Control SRL todo el portafolio de productos de Vertiv enfocado en las \u00faltimas innovaciones en <a href=\"https:\/\/www.vertiv.com\/es-latam\/products-catalog\/instalaciones-gabinetes-y-racks\/racks-and-containment\/#\/\">racks<\/a>, <a aria-label=\"undefined (abre en una nueva pesta\u00f1a)\" href=\"https:\/\/www.vertiv.com\/es-latam\/products-catalog\/potencia-critica\/uninterruptible-power-supplies-ups\/#\/\" target=\"_blank\" rel=\"noreferrer noopener\">unidades de suministro ininterrumpido de energ\u00eda (UPS)<\/a> y <a aria-label=\"undefined (abre en una nueva pesta\u00f1a)\" href=\"https:\/\/www.vertiv.com\/es-latam\/products-catalog\/potencia-critica\/power-distribution\/#\/\" target=\"_blank\" rel=\"noreferrer noopener\">unidades de distribuci\u00f3n de energ\u00eda para racks (rPDU)<\/a>, <a aria-label=\"undefined (abre en una nueva pesta\u00f1a)\" href=\"https:\/\/www.vertiv.com\/es-latam\/products-catalog\/gerenciamiento-termico\/?utm_source=google-ads&amp;utm_medium=paid-search&amp;utm_campaign=always_on_ES_20&amp;utm_term=ES&amp;utm_content=gerenciamiento-termico&amp;gclid=Cj0KCQjwl4v4BRDaARIsAFjATPmmxFoiy-UFeeCYcB82Upoj9w6IR69amQMDqrBgEIEktxGfV1IMzO4aAm8iEALw_wcB\" target=\"_blank\" rel=\"noreferrer noopener\">aires acondicionados de precisi\u00f3n<\/a> y <a aria-label=\"undefined (abre en una nueva pesta\u00f1a)\" href=\"https:\/\/www.vertiv.com\/es-latam\/products-catalog\/instalaciones-gabinetes-y-racks\/integrated-solutions\/smartcabinet3\/\" target=\"_blank\" rel=\"noreferrer noopener\">soluciones inteligentes.<\/a><\/p>\n\n\n\n<div class=\"wp-block-image\"><figure class=\"aligncenter size-large is-resized\"><img loading=\"lazy\" decoding=\"async\" src=\"http:\/\/gremioseguridad.com\/electronica\/wp-content\/uploads\/2020\/07\/Vertiv-Alianza-Sol-control.jpg\" alt=\"vertiv infogremio\" class=\"wp-image-10352\" width=\"585\" height=\"384\" srcset=\"https:\/\/infoseguridadit.com\/electronica\/wp-content\/uploads\/2020\/07\/Vertiv-Alianza-Sol-control.jpg 538w, https:\/\/infoseguridadit.com\/electronica\/wp-content\/uploads\/2020\/07\/Vertiv-Alianza-Sol-control-300x197.jpg 300w\" sizes=\"auto, (max-width: 585px) 100vw, 585px\" \/><\/figure><\/div>\n\n\n\n<p>\u00abVertiv contin\u00faa expandiendo sus canales de distribuci\u00f3n en toda Am\u00e9rica Latina, enfoc\u00e1ndose en compa\u00f1\u00edas de distribuci\u00f3n con gran trayectoria y conocimiento del mercado, como es Sol Control SRL, que tiene una vasta experiencia ayudando a los clientes con sus desaf\u00edos tecnol\u00f3gicos\u201d, dijo Ricardo Duque, vicepresidente de estrategias de canales de Vertiv para Am\u00e9rica Latina. \u201cDe la mano de Sol Control SRL, Vertiv acceder\u00e1 a una cadena de distribuci\u00f3n nacional que le permitir\u00e1 llegar a cada usuario, desde la microempresa, que desea darle seguridad a su informaci\u00f3n digital, hasta las macro industrias que necesitan soluciones de envergadura, con valores asequibles y resultados \u00f3ptimos\u201d.<\/p>\n\n\n\n<p>Sol Control SRL ha incursionado en el \u00faltimo tiempo en los productos de valor, dando soporte a los canales especializados en industria, negocios corporativos, y proveedores del gobierno, a trav\u00e9s de sus filiales en las ciudades m\u00e1s importantes del pa\u00eds.<\/p>\n\n\n\n<p><\/p>\n\n\n\n<p>\u201cEn Sudam\u00e9rica, y principalmente en peque\u00f1os pa\u00edses como Paraguay, el rubro tecnol\u00f3gico se actualiza m\u00e1s lento que en pa\u00edses con econom\u00edas m\u00e1s desarrolladas, incluso, ciertas generaciones de productos llegan a saltarse por la brevedad de su existencia a nivel mundial. Esto implica que el campo est\u00e1 f\u00e9rtil para recibir nuevos desarollos e innovaciones tecnol\u00f3gicas,\u201d se\u00f1ala Alfredo L\u00f3pez, gerente general de Sol Control SRL. \u201c<\/p>\n\n\n\n<p>\u201cEste nuevo acuerdo ofrecer\u00e1 a los clientes de Sol Control SRL nuestro portafolio y experiencia al servicio de un mayor crecimiento y m\u00e1s oportunidades,\u201d comenta Mariana Coste, gerente de Canales APUB de Vertiv.<\/p>\n\n\n\n<p>Como parte de esta relaci\u00f3n, los canales de Sol Control SRL se beneficiar\u00e1n de los cambios recientes del Programa para Socios de Vertiv, que incluye, entre otras, herramientas de automatizaci\u00f3n de mercadeo y programas de capacitaci\u00f3n continua.<\/p>\n\n\n\n<p>Para m\u00e1s informaci\u00f3n acerca de Vertiv visite Vertiv.com o en las redes sociales: <a href=\"https:\/\/www.facebook.com\/VertivLatinoamerica\/?ref=br_rs\" target=\"_blank\" aria-label=\"undefined (abre en una nueva pesta\u00f1a)\" rel=\"noreferrer noopener\">Facebook,<\/a> \u00a0<a href=\"https:\/\/www.linkedin.com\/company\/vertiv\/\" target=\"_blank\" aria-label=\"undefined (abre en una nueva pesta\u00f1a)\" rel=\"noreferrer noopener\">LinkedIn<\/a> y <a href=\"https:\/\/twitter.com\/VertivCo_LATAM\" target=\"_blank\" aria-label=\"undefined (abre en una nueva pesta\u00f1a)\" rel=\"noreferrer noopener\">Twitter<\/a>.<\/p>\n\n\n\n<p><strong>Sobre Vertiv<\/strong><\/p>\n\n\n\n<p>Vertiv (NYSE: VRT) Vertiv ofrece hardware, software, an\u00e1lisis y servicios continuos para garantizar que las aplicaciones vitales de sus clientes tengan un funcionamiento ininterrumpido, un rendimiento \u00f3ptimo y un crecimiento conforme a las necesidades de su negocio.\u00a0Como Arquitectos de la Continuidad, Vertiv resuelve los desaf\u00edos m\u00e1s importantes a los que se enfrentan los centros de datos actuales, las redes de comunicaciones y las instalaciones industriales y comerciales, a trav\u00e9s de una cartera de soluciones y servicios de infraestructura de TI, enfriamiento y potencia, la cual se extiende desde la nube hasta el borde de la red. Con su sede ubicada en Columbus, Ohio, EE.UU., Vertiv emplea aproximadamente a 20.000 trabajadores y ejerce sus actividades en m\u00e1s de 130 pa\u00edses. Para m\u00e1s informaci\u00f3n y para conocer las \u00faltimas noticias y contenidos de Vertiv, por favor visite el sitio\u00a0Vertiv.com.<\/p>\n\n\n\n<p><strong>Sobre Sol Control<\/strong><\/p>\n\n\n\n<p>Sol Control S.R.L. es una empresa dedicada a la importaci\u00f3n y distribuci\u00f3n de art\u00edculos electr\u00f3nicos, equipos y componentes inform\u00e1ticos, de audio y video, software, insumos, proyectores y perif\u00e9ricos, impresoras, equipos POS, entre otros; con m\u00e1s de 20 a\u00f1os de experiencia y en constante incorporaci\u00f3n de nuevos art\u00edculos a nuestra l\u00ednea de productos.<\/p>\n\n\n\n<p>Trabajamos con las marcas l\u00edderes del mercado internacional, asegurando que nuestros clientes reciban el servicio de post venta y la garant\u00eda comprometida, independientemente del destino final de los bienes adquiridos. Ofrecemos precios competitivos, priorizando siempre la satisfacci\u00f3n de los consumidores de nuestros art\u00edculos.<\/p>\n","protected":false},"excerpt":{"rendered":"<p>Vertiv Formaliza un Acuerdo de Distribuci\u00f3n con Sol Control SRL en Paraguay Vertiv (NYSE: VRT), un proveedor global de soluciones de continuidad e infraestructura cr\u00edtica digital, anunci\u00f3 su acuerdo de distribuci\u00f3n con Sol Control SRL en Paraguay, un mayorista de inform\u00e1tica con m\u00e1s de 25 a\u00f1os en el mercado. La relaci\u00f3n se centrar\u00e1 en proporcionar [&hellip;]<\/p>\n","protected":false},"author":1,"featured_media":10352,"comment_status":"closed","ping_status":"closed","sticky":false,"template":"","format":"standard","meta":{"jetpack_post_was_ever_published":false,"_joinchat":[],"footnotes":"","jetpack_publicize_message":"","jetpack_publicize_feature_enabled":true,"jetpack_social_post_already_shared":true,"jetpack_social_options":{"image_generator_settings":{"template":"highway","default_image_id":0,"font":"","enabled":false},"version":2}},"categories":[66],"tags":[],"class_list":["post-10351","post","type-post","status-publish","format-standard","has-post-thumbnail","hentry","category-actualidad"],"yoast_head":"<!-- This site is optimized with the Yoast SEO plugin v27.3 - https:\/\/yoast.com\/product\/yoast-seo-wordpress\/ -->\n<title>Vertiv Formaliza un Acuerdo de Distribuci\u00f3n en Paraguay - InfoSeguridadIT<\/title>\n<meta name=\"description\" content=\"Vertiv contin\u00faa expandiendo sus canales de distribuci\u00f3n en toda Am\u00e9rica Latina, enfoc\u00e1ndose en compa\u00f1\u00edas de distribuci\u00f3n con gran trayectoria y conocimiento\" \/>\n<meta name=\"robots\" content=\"index, follow, max-snippet:-1, max-image-preview:large, max-video-preview:-1\" \/>\n<link rel=\"canonical\" href=\"https:\/\/infoseguridadit.com\/electronica\/2020\/07\/16\/vertiv-sol-control\/\" \/>\n<meta property=\"og:locale\" content=\"es_ES\" \/>\n<meta property=\"og:type\" content=\"article\" \/>\n<meta property=\"og:title\" content=\"Vertiv Formaliza un Acuerdo de Distribuci\u00f3n en Paraguay - InfoSeguridadIT\" \/>\n<meta property=\"og:description\" content=\"Vertiv contin\u00faa expandiendo sus canales de distribuci\u00f3n en toda Am\u00e9rica Latina, enfoc\u00e1ndose en compa\u00f1\u00edas de distribuci\u00f3n con gran trayectoria y conocimiento\" \/>\n<meta property=\"og:url\" content=\"https:\/\/infoseguridadit.com\/electronica\/2020\/07\/16\/vertiv-sol-control\/\" \/>\n<meta property=\"og:site_name\" content=\"InfoSeguridadIT\" \/>\n<meta property=\"article:publisher\" content=\"https:\/\/www.facebook.com\/Infoseguridadit\" \/>\n<meta property=\"article:author\" content=\"https:\/\/www.facebook.com\/Infoseguridadit\/\" \/>\n<meta property=\"article:published_time\" content=\"2020-07-16T17:39:41+00:00\" \/>\n<meta property=\"article:modified_time\" content=\"2020-07-16T17:39:43+00:00\" \/>\n<meta property=\"og:image\" content=\"https:\/\/i0.wp.com\/infoseguridadit.com\/electronica\/wp-content\/uploads\/2020\/07\/Vertiv-Alianza-Sol-control.jpg?fit=538%2C353&ssl=1\" \/>\n\t<meta property=\"og:image:width\" content=\"538\" \/>\n\t<meta property=\"og:image:height\" content=\"353\" \/>\n\t<meta property=\"og:image:type\" content=\"image\/jpeg\" \/>\n<meta name=\"author\" content=\"InfoSeguridadIT\" \/>\n<meta name=\"twitter:card\" content=\"summary_large_image\" \/>\n<meta name=\"twitter:creator\" content=\"@gremioseguridad\" \/>\n<meta name=\"twitter:site\" content=\"@gremioseguridad\" \/>\n<meta name=\"twitter:label1\" content=\"Escrito por\" \/>\n\t<meta name=\"twitter:data1\" content=\"InfoSeguridadIT\" \/>\n\t<meta name=\"twitter:label2\" content=\"Tiempo de lectura\" \/>\n\t<meta name=\"twitter:data2\" content=\"3 minutos\" \/>\n<script type=\"application\/ld+json\" class=\"yoast-schema-graph\">{\"@context\":\"https:\\\/\\\/schema.org\",\"@graph\":[{\"@type\":\"Article\",\"@id\":\"https:\\\/\\\/infoseguridadit.com\\\/electronica\\\/2020\\\/07\\\/16\\\/vertiv-sol-control\\\/#article\",\"isPartOf\":{\"@id\":\"https:\\\/\\\/infoseguridadit.com\\\/electronica\\\/2020\\\/07\\\/16\\\/vertiv-sol-control\\\/\"},\"author\":{\"name\":\"InfoSeguridadIT\",\"@id\":\"https:\\\/\\\/infoseguridadit.com\\\/electronica\\\/#\\\/schema\\\/person\\\/ebbcebab56199bc170ca93cc17e06b80\"},\"headline\":\"Vertiv Formaliza un Acuerdo de Distribuci\u00f3n en Paraguay\",\"datePublished\":\"2020-07-16T17:39:41+00:00\",\"dateModified\":\"2020-07-16T17:39:43+00:00\",\"mainEntityOfPage\":{\"@id\":\"https:\\\/\\\/infoseguridadit.com\\\/electronica\\\/2020\\\/07\\\/16\\\/vertiv-sol-control\\\/\"},\"wordCount\":707,\"publisher\":{\"@id\":\"https:\\\/\\\/infoseguridadit.com\\\/electronica\\\/#organization\"},\"image\":{\"@id\":\"https:\\\/\\\/infoseguridadit.com\\\/electronica\\\/2020\\\/07\\\/16\\\/vertiv-sol-control\\\/#primaryimage\"},\"thumbnailUrl\":\"https:\\\/\\\/infoseguridadit.com\\\/electronica\\\/wp-content\\\/uploads\\\/2020\\\/07\\\/Vertiv-Alianza-Sol-control.jpg\",\"articleSection\":[\"Actualidad\"],\"inLanguage\":\"es\"},{\"@type\":\"WebPage\",\"@id\":\"https:\\\/\\\/infoseguridadit.com\\\/electronica\\\/2020\\\/07\\\/16\\\/vertiv-sol-control\\\/\",\"url\":\"https:\\\/\\\/infoseguridadit.com\\\/electronica\\\/2020\\\/07\\\/16\\\/vertiv-sol-control\\\/\",\"name\":\"Vertiv Formaliza un Acuerdo de Distribuci\u00f3n en Paraguay - InfoSeguridadIT\",\"isPartOf\":{\"@id\":\"https:\\\/\\\/infoseguridadit.com\\\/electronica\\\/#website\"},\"primaryImageOfPage\":{\"@id\":\"https:\\\/\\\/infoseguridadit.com\\\/electronica\\\/2020\\\/07\\\/16\\\/vertiv-sol-control\\\/#primaryimage\"},\"image\":{\"@id\":\"https:\\\/\\\/infoseguridadit.com\\\/electronica\\\/2020\\\/07\\\/16\\\/vertiv-sol-control\\\/#primaryimage\"},\"thumbnailUrl\":\"https:\\\/\\\/infoseguridadit.com\\\/electronica\\\/wp-content\\\/uploads\\\/2020\\\/07\\\/Vertiv-Alianza-Sol-control.jpg\",\"datePublished\":\"2020-07-16T17:39:41+00:00\",\"dateModified\":\"2020-07-16T17:39:43+00:00\",\"description\":\"Vertiv contin\u00faa expandiendo sus canales de distribuci\u00f3n en toda Am\u00e9rica Latina, enfoc\u00e1ndose en compa\u00f1\u00edas de distribuci\u00f3n con gran trayectoria y conocimiento\",\"breadcrumb\":{\"@id\":\"https:\\\/\\\/infoseguridadit.com\\\/electronica\\\/2020\\\/07\\\/16\\\/vertiv-sol-control\\\/#breadcrumb\"},\"inLanguage\":\"es\",\"potentialAction\":[{\"@type\":\"ReadAction\",\"target\":[\"https:\\\/\\\/infoseguridadit.com\\\/electronica\\\/2020\\\/07\\\/16\\\/vertiv-sol-control\\\/\"]}]},{\"@type\":\"ImageObject\",\"inLanguage\":\"es\",\"@id\":\"https:\\\/\\\/infoseguridadit.com\\\/electronica\\\/2020\\\/07\\\/16\\\/vertiv-sol-control\\\/#primaryimage\",\"url\":\"https:\\\/\\\/infoseguridadit.com\\\/electronica\\\/wp-content\\\/uploads\\\/2020\\\/07\\\/Vertiv-Alianza-Sol-control.jpg\",\"contentUrl\":\"https:\\\/\\\/infoseguridadit.com\\\/electronica\\\/wp-content\\\/uploads\\\/2020\\\/07\\\/Vertiv-Alianza-Sol-control.jpg\",\"width\":538,\"height\":353,\"caption\":\"vertiv infogremio\"},{\"@type\":\"BreadcrumbList\",\"@id\":\"https:\\\/\\\/infoseguridadit.com\\\/electronica\\\/2020\\\/07\\\/16\\\/vertiv-sol-control\\\/#breadcrumb\",\"itemListElement\":[{\"@type\":\"ListItem\",\"position\":1,\"name\":\"Portada\",\"item\":\"https:\\\/\\\/infoseguridadit.com\\\/electronica\\\/\"},{\"@type\":\"ListItem\",\"position\":2,\"name\":\"Vertiv Formaliza un Acuerdo de Distribuci\u00f3n en Paraguay\"}]},{\"@type\":\"WebSite\",\"@id\":\"https:\\\/\\\/infoseguridadit.com\\\/electronica\\\/#website\",\"url\":\"https:\\\/\\\/infoseguridadit.com\\\/electronica\\\/\",\"name\":\"InfoSeguridadIT\",\"description\":\"InfoSeguridadIT es un portal de noticias sobre tecnolog\u00eda y seguridad electr\u00f3nica dirigido a Integradores, Distribuidores, Importadores, Fabricantes, etc.\",\"publisher\":{\"@id\":\"https:\\\/\\\/infoseguridadit.com\\\/electronica\\\/#organization\"},\"potentialAction\":[{\"@type\":\"SearchAction\",\"target\":{\"@type\":\"EntryPoint\",\"urlTemplate\":\"https:\\\/\\\/infoseguridadit.com\\\/electronica\\\/?s={search_term_string}\"},\"query-input\":{\"@type\":\"PropertyValueSpecification\",\"valueRequired\":true,\"valueName\":\"search_term_string\"}}],\"inLanguage\":\"es\"},{\"@type\":\"Organization\",\"@id\":\"https:\\\/\\\/infoseguridadit.com\\\/electronica\\\/#organization\",\"name\":\"InfoSeguridadIT\",\"url\":\"https:\\\/\\\/infoseguridadit.com\\\/electronica\\\/\",\"logo\":{\"@type\":\"ImageObject\",\"inLanguage\":\"es\",\"@id\":\"https:\\\/\\\/infoseguridadit.com\\\/electronica\\\/#\\\/schema\\\/logo\\\/image\\\/\",\"url\":\"http:\\\/\\\/infoseguridadit.com\\\/electronica\\\/wp-content\\\/uploads\\\/2023\\\/10\\\/cropped-logo-isit-latam-low-b.png\",\"contentUrl\":\"http:\\\/\\\/infoseguridadit.com\\\/electronica\\\/wp-content\\\/uploads\\\/2023\\\/10\\\/cropped-logo-isit-latam-low-b.png\",\"width\":400,\"height\":111,\"caption\":\"InfoSeguridadIT\"},\"image\":{\"@id\":\"https:\\\/\\\/infoseguridadit.com\\\/electronica\\\/#\\\/schema\\\/logo\\\/image\\\/\"},\"sameAs\":[\"https:\\\/\\\/www.facebook.com\\\/Infoseguridadit\",\"https:\\\/\\\/x.com\\\/gremioseguridad\",\"https:\\\/\\\/www.instagram.com\\\/infoseguridadit\\\/\",\"https:\\\/\\\/www.linkedin.com\\\/in\\\/ramiro-de-rosa--7879a99\\\/\"]},{\"@type\":\"Person\",\"@id\":\"https:\\\/\\\/infoseguridadit.com\\\/electronica\\\/#\\\/schema\\\/person\\\/ebbcebab56199bc170ca93cc17e06b80\",\"name\":\"InfoSeguridadIT\",\"image\":{\"@type\":\"ImageObject\",\"inLanguage\":\"es\",\"@id\":\"https:\\\/\\\/secure.gravatar.com\\\/avatar\\\/f65dac9718ad877804b6a3fb5a58ca3238715fb7957e908f214fc5d6161d758f?s=96&d=mm&r=g\",\"url\":\"https:\\\/\\\/secure.gravatar.com\\\/avatar\\\/f65dac9718ad877804b6a3fb5a58ca3238715fb7957e908f214fc5d6161d758f?s=96&d=mm&r=g\",\"contentUrl\":\"https:\\\/\\\/secure.gravatar.com\\\/avatar\\\/f65dac9718ad877804b6a3fb5a58ca3238715fb7957e908f214fc5d6161d758f?s=96&d=mm&r=g\",\"caption\":\"InfoSeguridadIT\"},\"sameAs\":[\"https:\\\/\\\/infoseguridadit.com\\\/electronica\\\/\",\"https:\\\/\\\/www.facebook.com\\\/Infoseguridadit\\\/\",\"https:\\\/\\\/www.instagram.com\\\/infoseguridadit\"],\"url\":\"https:\\\/\\\/infoseguridadit.com\\\/electronica\\\/author\\\/ramiroderosa\\\/\"}]}<\/script>\n<!-- \/ Yoast SEO plugin. -->","yoast_head_json":{"title":"Vertiv Formaliza un Acuerdo de Distribuci\u00f3n en Paraguay - InfoSeguridadIT","description":"Vertiv contin\u00faa expandiendo sus canales de distribuci\u00f3n en toda Am\u00e9rica Latina, enfoc\u00e1ndose en compa\u00f1\u00edas de distribuci\u00f3n con gran trayectoria y conocimiento","robots":{"index":"index","follow":"follow","max-snippet":"max-snippet:-1","max-image-preview":"max-image-preview:large","max-video-preview":"max-video-preview:-1"},"canonical":"https:\/\/infoseguridadit.com\/electronica\/2020\/07\/16\/vertiv-sol-control\/","og_locale":"es_ES","og_type":"article","og_title":"Vertiv Formaliza un Acuerdo de Distribuci\u00f3n en Paraguay - InfoSeguridadIT","og_description":"Vertiv contin\u00faa expandiendo sus canales de distribuci\u00f3n en toda Am\u00e9rica Latina, enfoc\u00e1ndose en compa\u00f1\u00edas de distribuci\u00f3n con gran trayectoria y conocimiento","og_url":"https:\/\/infoseguridadit.com\/electronica\/2020\/07\/16\/vertiv-sol-control\/","og_site_name":"InfoSeguridadIT","article_publisher":"https:\/\/www.facebook.com\/Infoseguridadit","article_author":"https:\/\/www.facebook.com\/Infoseguridadit\/","article_published_time":"2020-07-16T17:39:41+00:00","article_modified_time":"2020-07-16T17:39:43+00:00","og_image":[{"width":538,"height":353,"url":"https:\/\/i0.wp.com\/infoseguridadit.com\/electronica\/wp-content\/uploads\/2020\/07\/Vertiv-Alianza-Sol-control.jpg?fit=538%2C353&ssl=1","type":"image\/jpeg"}],"author":"InfoSeguridadIT","twitter_card":"summary_large_image","twitter_creator":"@gremioseguridad","twitter_site":"@gremioseguridad","twitter_misc":{"Escrito por":"InfoSeguridadIT","Tiempo de lectura":"3 minutos"},"schema":{"@context":"https:\/\/schema.org","@graph":[{"@type":"Article","@id":"https:\/\/infoseguridadit.com\/electronica\/2020\/07\/16\/vertiv-sol-control\/#article","isPartOf":{"@id":"https:\/\/infoseguridadit.com\/electronica\/2020\/07\/16\/vertiv-sol-control\/"},"author":{"name":"InfoSeguridadIT","@id":"https:\/\/infoseguridadit.com\/electronica\/#\/schema\/person\/ebbcebab56199bc170ca93cc17e06b80"},"headline":"Vertiv Formaliza un Acuerdo de Distribuci\u00f3n en Paraguay","datePublished":"2020-07-16T17:39:41+00:00","dateModified":"2020-07-16T17:39:43+00:00","mainEntityOfPage":{"@id":"https:\/\/infoseguridadit.com\/electronica\/2020\/07\/16\/vertiv-sol-control\/"},"wordCount":707,"publisher":{"@id":"https:\/\/infoseguridadit.com\/electronica\/#organization"},"image":{"@id":"https:\/\/infoseguridadit.com\/electronica\/2020\/07\/16\/vertiv-sol-control\/#primaryimage"},"thumbnailUrl":"https:\/\/infoseguridadit.com\/electronica\/wp-content\/uploads\/2020\/07\/Vertiv-Alianza-Sol-control.jpg","articleSection":["Actualidad"],"inLanguage":"es"},{"@type":"WebPage","@id":"https:\/\/infoseguridadit.com\/electronica\/2020\/07\/16\/vertiv-sol-control\/","url":"https:\/\/infoseguridadit.com\/electronica\/2020\/07\/16\/vertiv-sol-control\/","name":"Vertiv Formaliza un Acuerdo de Distribuci\u00f3n en Paraguay - InfoSeguridadIT","isPartOf":{"@id":"https:\/\/infoseguridadit.com\/electronica\/#website"},"primaryImageOfPage":{"@id":"https:\/\/infoseguridadit.com\/electronica\/2020\/07\/16\/vertiv-sol-control\/#primaryimage"},"image":{"@id":"https:\/\/infoseguridadit.com\/electronica\/2020\/07\/16\/vertiv-sol-control\/#primaryimage"},"thumbnailUrl":"https:\/\/infoseguridadit.com\/electronica\/wp-content\/uploads\/2020\/07\/Vertiv-Alianza-Sol-control.jpg","datePublished":"2020-07-16T17:39:41+00:00","dateModified":"2020-07-16T17:39:43+00:00","description":"Vertiv contin\u00faa expandiendo sus canales de distribuci\u00f3n en toda Am\u00e9rica Latina, enfoc\u00e1ndose en compa\u00f1\u00edas de distribuci\u00f3n con gran trayectoria y conocimiento","breadcrumb":{"@id":"https:\/\/infoseguridadit.com\/electronica\/2020\/07\/16\/vertiv-sol-control\/#breadcrumb"},"inLanguage":"es","potentialAction":[{"@type":"ReadAction","target":["https:\/\/infoseguridadit.com\/electronica\/2020\/07\/16\/vertiv-sol-control\/"]}]},{"@type":"ImageObject","inLanguage":"es","@id":"https:\/\/infoseguridadit.com\/electronica\/2020\/07\/16\/vertiv-sol-control\/#primaryimage","url":"https:\/\/infoseguridadit.com\/electronica\/wp-content\/uploads\/2020\/07\/Vertiv-Alianza-Sol-control.jpg","contentUrl":"https:\/\/infoseguridadit.com\/electronica\/wp-content\/uploads\/2020\/07\/Vertiv-Alianza-Sol-control.jpg","width":538,"height":353,"caption":"vertiv infogremio"},{"@type":"BreadcrumbList","@id":"https:\/\/infoseguridadit.com\/electronica\/2020\/07\/16\/vertiv-sol-control\/#breadcrumb","itemListElement":[{"@type":"ListItem","position":1,"name":"Portada","item":"https:\/\/infoseguridadit.com\/electronica\/"},{"@type":"ListItem","position":2,"name":"Vertiv Formaliza un Acuerdo de Distribuci\u00f3n en Paraguay"}]},{"@type":"WebSite","@id":"https:\/\/infoseguridadit.com\/electronica\/#website","url":"https:\/\/infoseguridadit.com\/electronica\/","name":"InfoSeguridadIT","description":"InfoSeguridadIT es un portal de noticias sobre tecnolog\u00eda y seguridad electr\u00f3nica dirigido a Integradores, Distribuidores, Importadores, Fabricantes, etc.","publisher":{"@id":"https:\/\/infoseguridadit.com\/electronica\/#organization"},"potentialAction":[{"@type":"SearchAction","target":{"@type":"EntryPoint","urlTemplate":"https:\/\/infoseguridadit.com\/electronica\/?s={search_term_string}"},"query-input":{"@type":"PropertyValueSpecification","valueRequired":true,"valueName":"search_term_string"}}],"inLanguage":"es"},{"@type":"Organization","@id":"https:\/\/infoseguridadit.com\/electronica\/#organization","name":"InfoSeguridadIT","url":"https:\/\/infoseguridadit.com\/electronica\/","logo":{"@type":"ImageObject","inLanguage":"es","@id":"https:\/\/infoseguridadit.com\/electronica\/#\/schema\/logo\/image\/","url":"http:\/\/infoseguridadit.com\/electronica\/wp-content\/uploads\/2023\/10\/cropped-logo-isit-latam-low-b.png","contentUrl":"http:\/\/infoseguridadit.com\/electronica\/wp-content\/uploads\/2023\/10\/cropped-logo-isit-latam-low-b.png","width":400,"height":111,"caption":"InfoSeguridadIT"},"image":{"@id":"https:\/\/infoseguridadit.com\/electronica\/#\/schema\/logo\/image\/"},"sameAs":["https:\/\/www.facebook.com\/Infoseguridadit","https:\/\/x.com\/gremioseguridad","https:\/\/www.instagram.com\/infoseguridadit\/","https:\/\/www.linkedin.com\/in\/ramiro-de-rosa--7879a99\/"]},{"@type":"Person","@id":"https:\/\/infoseguridadit.com\/electronica\/#\/schema\/person\/ebbcebab56199bc170ca93cc17e06b80","name":"InfoSeguridadIT","image":{"@type":"ImageObject","inLanguage":"es","@id":"https:\/\/secure.gravatar.com\/avatar\/f65dac9718ad877804b6a3fb5a58ca3238715fb7957e908f214fc5d6161d758f?s=96&d=mm&r=g","url":"https:\/\/secure.gravatar.com\/avatar\/f65dac9718ad877804b6a3fb5a58ca3238715fb7957e908f214fc5d6161d758f?s=96&d=mm&r=g","contentUrl":"https:\/\/secure.gravatar.com\/avatar\/f65dac9718ad877804b6a3fb5a58ca3238715fb7957e908f214fc5d6161d758f?s=96&d=mm&r=g","caption":"InfoSeguridadIT"},"sameAs":["https:\/\/infoseguridadit.com\/electronica\/","https:\/\/www.facebook.com\/Infoseguridadit\/","https:\/\/www.instagram.com\/infoseguridadit"],"url":"https:\/\/infoseguridadit.com\/electronica\/author\/ramiroderosa\/"}]}},"jetpack_publicize_connections":[],"jetpack_featured_media_url":"https:\/\/infoseguridadit.com\/electronica\/wp-content\/uploads\/2020\/07\/Vertiv-Alianza-Sol-control.jpg","jetpack-related-posts":[{"id":10460,"url":"https:\/\/infoseguridadit.com\/electronica\/2020\/07\/29\/vertiv\/","url_meta":{"origin":10351,"position":0},"title":"Vertiv anuncia cambios en su equipo de Sudam\u00e9rica","author":"InfoSeguridadIT","date":"29 de julio de 2020","format":false,"excerpt":"Vertiv,\u00a0proveedor global de soluciones de continuidad e infraestructura cr\u00edtica digital, anunci\u00f3 hoy cambios en el equipo directivo, al colocar a tres nuevos ejecutivos al frente del negocio de telecom, enterprise & industrial y data center, en los pa\u00edses de SSA\u00a0(sur de\u00a0Sudam\u00e9rica), que comprende Argentina, Bolivia, Chile, Paraguay, Per\u00fa y Uruguay.\u2026","rel":"","context":"En \u00abActualidad\u00bb","block_context":{"text":"Actualidad","link":"https:\/\/infoseguridadit.com\/electronica\/category\/actualidad\/"},"img":{"alt_text":"vertiv-infogremio","src":"https:\/\/i0.wp.com\/infoseguridadit.com\/electronica\/wp-content\/uploads\/2020\/07\/vertiv-home.jpg?resize=350%2C200&ssl=1","width":350,"height":200,"srcset":"https:\/\/i0.wp.com\/infoseguridadit.com\/electronica\/wp-content\/uploads\/2020\/07\/vertiv-home.jpg?resize=350%2C200&ssl=1 1x, https:\/\/i0.wp.com\/infoseguridadit.com\/electronica\/wp-content\/uploads\/2020\/07\/vertiv-home.jpg?resize=525%2C300&ssl=1 1.5x, https:\/\/i0.wp.com\/infoseguridadit.com\/electronica\/wp-content\/uploads\/2020\/07\/vertiv-home.jpg?resize=700%2C400&ssl=1 2x"},"classes":[]},{"id":11068,"url":"https:\/\/infoseguridadit.com\/electronica\/2020\/10\/29\/vertiv-2\/","url_meta":{"origin":10351,"position":1},"title":"El \u00e1rea que crecer\u00e1 pos-pandemia","author":"InfoSeguridadIT","date":"29 de octubre de 2020","format":false,"excerpt":"Seg\u00fan los datos recopilados en la investigaci\u00f3n \u201cCentro de Datos del 2025\u201d, m\u00e1s de la mitad (53%) de los profesionales de la industria de TI, est\u00e1n convencidos de que sus inversiones ser\u00e1n superiores al 100%, y un 20% cree incluso que esta inversi\u00f3n, que abarca situaciones que van desde el\u2026","rel":"","context":"En \u00abInfraestructura\u00bb","block_context":{"text":"Infraestructura","link":"https:\/\/infoseguridadit.com\/electronica\/category\/infraestructura\/"},"img":{"alt_text":"vertiv","src":"https:\/\/i0.wp.com\/infoseguridadit.com\/electronica\/wp-content\/uploads\/2020\/10\/Borde-de-la-red-el-%C3%A1rea-que-crecer%C3%A1-pos-pandemia.-Imagen-destacada-1.jpg?resize=350%2C200&ssl=1","width":350,"height":200,"srcset":"https:\/\/i0.wp.com\/infoseguridadit.com\/electronica\/wp-content\/uploads\/2020\/10\/Borde-de-la-red-el-%C3%A1rea-que-crecer%C3%A1-pos-pandemia.-Imagen-destacada-1.jpg?resize=350%2C200&ssl=1 1x, https:\/\/i0.wp.com\/infoseguridadit.com\/electronica\/wp-content\/uploads\/2020\/10\/Borde-de-la-red-el-%C3%A1rea-que-crecer%C3%A1-pos-pandemia.-Imagen-destacada-1.jpg?resize=525%2C300&ssl=1 1.5x"},"classes":[]},{"id":11131,"url":"https:\/\/infoseguridadit.com\/electronica\/2020\/11\/16\/vertiv-3\/","url_meta":{"origin":10351,"position":2},"title":"Vertiv Nombra a Rafael Garrido como Vicepresidente para la Regi\u00f3n de Am\u00e9rica Latina","author":"InfoSeguridadIT","date":"16 de noviembre de 2020","format":false,"excerpt":"Garrido aportar\u00e1 su experiencia tecnol\u00f3gica y liderazgo en este destacado puesto de Vertiv en la regi\u00f3n vertiv El proveedor global de soluciones de continuidad e infraestructura cr\u00edtica digital, anunci\u00f3 el nombramiento de Rafael Garrido como vicepresidente para la regi\u00f3n de Am\u00e9rica Latina. Garrido se desempe\u00f1\u00f3 como gerente nacional en Vertiv\u2026","rel":"","context":"En \u00abInfraestructura\u00bb","block_context":{"text":"Infraestructura","link":"https:\/\/infoseguridadit.com\/electronica\/category\/infraestructura\/"},"img":{"alt_text":"Rafael_Garrido","src":"https:\/\/i0.wp.com\/infoseguridadit.com\/electronica\/wp-content\/uploads\/2020\/11\/Rafael_Garrido.jpg?resize=350%2C200&ssl=1","width":350,"height":200,"srcset":"https:\/\/i0.wp.com\/infoseguridadit.com\/electronica\/wp-content\/uploads\/2020\/11\/Rafael_Garrido.jpg?resize=350%2C200&ssl=1 1x, https:\/\/i0.wp.com\/infoseguridadit.com\/electronica\/wp-content\/uploads\/2020\/11\/Rafael_Garrido.jpg?resize=525%2C300&ssl=1 1.5x"},"classes":[]},{"id":11106,"url":"https:\/\/infoseguridadit.com\/electronica\/2020\/11\/03\/vertiv-empodera-a-sus-socios-con-herramientas-para-el-desafiante-entorno-digital\/","url_meta":{"origin":10351,"position":3},"title":"Vertiv empodera a sus socios con herramientas para el desafiante entorno digital","author":"InfoSeguridadIT","date":"3 de noviembre de 2020","format":false,"excerpt":"Vertiv anuncia un programa exclusivo para que sus socios sean m\u00e1s competitivos en un mundo digitalizado. Vertiv (NYSE: VRT), un proveedor global de soluciones de continuidad e infraestructura cr\u00edtica digital, anunci\u00f3 hoy el programa exclusivo Digital Mastery Program para socios de Vertiv, distribuidores e integradores de soluciones. El programa tiene\u2026","rel":"","context":"En \u00abActualidad\u00bb","block_context":{"text":"Actualidad","link":"https:\/\/infoseguridadit.com\/electronica\/category\/actualidad\/"},"img":{"alt_text":"Vertiv-digital","src":"https:\/\/i0.wp.com\/infoseguridadit.com\/electronica\/wp-content\/uploads\/2020\/10\/Vertiv-digital-foto-portada.jpg?resize=350%2C200&ssl=1","width":350,"height":200,"srcset":"https:\/\/i0.wp.com\/infoseguridadit.com\/electronica\/wp-content\/uploads\/2020\/10\/Vertiv-digital-foto-portada.jpg?resize=350%2C200&ssl=1 1x, https:\/\/i0.wp.com\/infoseguridadit.com\/electronica\/wp-content\/uploads\/2020\/10\/Vertiv-digital-foto-portada.jpg?resize=525%2C300&ssl=1 1.5x"},"classes":[]},{"id":14967,"url":"https:\/\/infoseguridadit.com\/electronica\/2024\/02\/21\/honeywell\/","url_meta":{"origin":10351,"position":4},"title":"Honeywell colabora en certificaci\u00f3n profesional en centros de datos","author":"InfoSeguridadIT","date":"21 de febrero de 2024","format":false,"excerpt":"Honeywell, junto a CommScope, colaboradores estrat\u00e9gicos de la industria, ayudan a impulsar el \u00e9xito del programa Vertiv, un proveedor mundial de soluciones de continuidad e infraestructura digital cr\u00edtica, anunci\u00f3 hoy la conclusi\u00f3n del primer programa de certificaci\u00f3n de la Data Center Professional Academy. El programa fue patrocinado por CommScope y\u2026","rel":"","context":"En \u00abActualidad\u00bb","block_context":{"text":"Actualidad","link":"https:\/\/infoseguridadit.com\/electronica\/category\/actualidad\/"},"img":{"alt_text":"vertiv infoseguridadit","src":"https:\/\/i0.wp.com\/infoseguridadit.com\/electronica\/wp-content\/uploads\/2024\/02\/unnamed-3-scaled.jpg?resize=350%2C200&ssl=1","width":350,"height":200,"srcset":"https:\/\/i0.wp.com\/infoseguridadit.com\/electronica\/wp-content\/uploads\/2024\/02\/unnamed-3-scaled.jpg?resize=350%2C200&ssl=1 1x, https:\/\/i0.wp.com\/infoseguridadit.com\/electronica\/wp-content\/uploads\/2024\/02\/unnamed-3-scaled.jpg?resize=525%2C300&ssl=1 1.5x, https:\/\/i0.wp.com\/infoseguridadit.com\/electronica\/wp-content\/uploads\/2024\/02\/unnamed-3-scaled.jpg?resize=700%2C400&ssl=1 2x, https:\/\/i0.wp.com\/infoseguridadit.com\/electronica\/wp-content\/uploads\/2024\/02\/unnamed-3-scaled.jpg?resize=1050%2C600&ssl=1 3x, https:\/\/i0.wp.com\/infoseguridadit.com\/electronica\/wp-content\/uploads\/2024\/02\/unnamed-3-scaled.jpg?resize=1400%2C800&ssl=1 4x"},"classes":[]},{"id":11257,"url":"https:\/\/infoseguridadit.com\/electronica\/2020\/11\/18\/centros-de-datos\/","url_meta":{"origin":10351,"position":5},"title":"\u00bfCu\u00e1l es la realidad actual del centro de datos y qui\u00e9nes ser\u00e1n los principales jugadores en el 2021?","author":"InfoSeguridadIT","date":"18 de noviembre de 2020","format":false,"excerpt":"Vertiv anuncia el panel en el que se abordar\u00e1 una visi\u00f3n global sobre el panorama de los proveedores de coubicaciones. Vertiv\u00a0(NYSE: VRT), un proveedor global de soluciones de continuidad e infraestructura cr\u00edtica digital, anuncia hoy la presentaci\u00f3n de su panel titulado \u201cColocation & Hyperscale: \u00bfCu\u00e1l es la realidad actual del\u2026","rel":"","context":"En \u00abEventos\u00bb","block_context":{"text":"Eventos","link":"https:\/\/infoseguridadit.com\/electronica\/category\/eventos\/"},"img":{"alt_text":"vertiv","src":"https:\/\/i0.wp.com\/infoseguridadit.com\/electronica\/wp-content\/uploads\/2020\/11\/unnamed.jpg?resize=350%2C200&ssl=1","width":350,"height":200,"srcset":"https:\/\/i0.wp.com\/infoseguridadit.com\/electronica\/wp-content\/uploads\/2020\/11\/unnamed.jpg?resize=350%2C200&ssl=1 1x, https:\/\/i0.wp.com\/infoseguridadit.com\/electronica\/wp-content\/uploads\/2020\/11\/unnamed.jpg?resize=525%2C300&ssl=1 1.5x"},"classes":[]}],"jetpack_shortlink":"https:\/\/wp.me\/p6cGtH-2GX","_links":{"self":[{"href":"https:\/\/infoseguridadit.com\/electronica\/wp-json\/wp\/v2\/posts\/10351","targetHints":{"allow":["GET"]}}],"collection":[{"href":"https:\/\/infoseguridadit.com\/electronica\/wp-json\/wp\/v2\/posts"}],"about":[{"href":"https:\/\/infoseguridadit.com\/electronica\/wp-json\/wp\/v2\/types\/post"}],"author":[{"embeddable":true,"href":"https:\/\/infoseguridadit.com\/electronica\/wp-json\/wp\/v2\/users\/1"}],"replies":[{"embeddable":true,"href":"https:\/\/infoseguridadit.com\/electronica\/wp-json\/wp\/v2\/comments?post=10351"}],"version-history":[{"count":1,"href":"https:\/\/infoseguridadit.com\/electronica\/wp-json\/wp\/v2\/posts\/10351\/revisions"}],"predecessor-version":[{"id":10353,"href":"https:\/\/infoseguridadit.com\/electronica\/wp-json\/wp\/v2\/posts\/10351\/revisions\/10353"}],"wp:featuredmedia":[{"embeddable":true,"href":"https:\/\/infoseguridadit.com\/electronica\/wp-json\/wp\/v2\/media\/10352"}],"wp:attachment":[{"href":"https:\/\/infoseguridadit.com\/electronica\/wp-json\/wp\/v2\/media?parent=10351"}],"wp:term":[{"taxonomy":"category","embeddable":true,"href":"https:\/\/infoseguridadit.com\/electronica\/wp-json\/wp\/v2\/categories?post=10351"},{"taxonomy":"post_tag","embeddable":true,"href":"https:\/\/infoseguridadit.com\/electronica\/wp-json\/wp\/v2\/tags?post=10351"}],"curies":[{"name":"wp","href":"https:\/\/api.w.org\/{rel}","templated":true}]}}