{"id":10460,"date":"2020-07-29T06:33:47","date_gmt":"2020-07-29T09:33:47","guid":{"rendered":"http:\/\/gremioseguridad.com\/electronica\/?p=10460"},"modified":"2020-07-29T06:37:55","modified_gmt":"2020-07-29T09:37:55","slug":"vertiv","status":"publish","type":"post","link":"https:\/\/infoseguridadit.com\/electronica\/2020\/07\/29\/vertiv\/","title":{"rendered":"Vertiv anuncia cambios en su equipo de Sudam\u00e9rica"},"content":{"rendered":"\n<p>Vertiv,\u00a0proveedor global de soluciones de continuidad e infraestructura cr\u00edtica digital, anunci\u00f3 hoy cambios en el equipo directivo, al colocar a tres nuevos ejecutivos al frente del negocio de telecom, enterprise &amp; industrial y data center<em>, <\/em>en los pa\u00edses de SSA\u00a0(sur de\u00a0Sudam\u00e9rica), que comprende Argentina, Bolivia, Chile, Paraguay, Per\u00fa y Uruguay. Cada uno cumplir\u00e1 el rol de liderar el desarrollo y posicionamiento de estos segmentos en Sudam\u00e9rica, apoyados en el equipo comercial de cada pa\u00eds.<\/p>\n\n\n\n<blockquote class=\"wp-block-quote is-layout-flow wp-block-quote-is-layout-flow\"><p>\u201cEsta nueva estructura es un paso m\u00e1s hacia la regionalizaci\u00f3n de nuestra organizaci\u00f3n y la consolidaci\u00f3n de nuestra estrategia de\u00a0lanzamiento al mercado\u201d, dijo Daniel de Vinatea,\u00a0gerente general de Vertiv para la regi\u00f3n sur de Sudam\u00e9rica (SSA)<em>.\u00a0\u201c<\/em>Estoy seguro de que estos cambios generar\u00e1n los resultados esperados. Conf\u00edo en el potencial de los l\u00edderes que asumen estos nuevos\u00a0puestos\u201d, asegur\u00f3 el gerente general.<\/p><\/blockquote>\n\n\n\n<div class=\"wp-block-image\"><figure class=\"alignright size-large is-resized\"><img loading=\"lazy\" decoding=\"async\" src=\"http:\/\/gremioseguridad.com\/electronica\/wp-content\/uploads\/2020\/07\/Ce\u0301sar-Lo\u0301pez.jpg\" alt=\"Ce\u0301sar Lo\u0301pez vertiv infogremio\" class=\"wp-image-10461\" width=\"228\" height=\"267\" srcset=\"https:\/\/infoseguridadit.com\/electronica\/wp-content\/uploads\/2020\/07\/Ce\u0301sar-Lo\u0301pez.jpg 548w, https:\/\/infoseguridadit.com\/electronica\/wp-content\/uploads\/2020\/07\/Ce\u0301sar-Lo\u0301pez-257x300.jpg 257w\" sizes=\"auto, (max-width: 228px) 100vw, 228px\" \/><\/figure><\/div>\n\n\n\n<p>C\u00e9sar L\u00f3pez asume la gerencia del negocio de telecomunicaciones para el sur de Sudam\u00e9rica, con el objetivo de anticiparse a las necesidades de este mercado en cuanto a la infraestructura cr\u00edtica, para soportar las nuevas tendencias de transformaci\u00f3n digital (como la red 5G, el IoT, la IA) de las redes de telecomunicaciones en la regi\u00f3n y conducir a la continuidad eficiente de los negocios de los clientes de Vertiv. L\u00f3pez, quien dirigi\u00f3 la gerencia comercial de telecomunicaciones para Vertiv en Per\u00fa, tiene m\u00e1s de 15 a\u00f1os de experiencia en el sector, con estudios en la Escuela de Alta Direcci\u00f3n de la Universidad de Piura \u2013 PAD. Ha participado en el programa de Administraci\u00f3n de la Universidad ESAN y tiene un t\u00edtulo en&nbsp;Ingenier\u00eda El\u00e9ctrica y Mec\u00e1nica&nbsp;de la Universidad Nacional de Ingenier\u00eda (UNI).<\/p>\n\n\n\n<div class=\"wp-block-image\"><figure class=\"alignright size-large is-resized\"><img loading=\"lazy\" decoding=\"async\" src=\"http:\/\/gremioseguridad.com\/electronica\/wp-content\/uploads\/2020\/07\/david-goncalvez.jpg\" alt=\"david goncalvez infogremio\" class=\"wp-image-10463\" width=\"241\" height=\"219\" srcset=\"https:\/\/infoseguridadit.com\/electronica\/wp-content\/uploads\/2020\/07\/david-goncalvez.jpg 800w, https:\/\/infoseguridadit.com\/electronica\/wp-content\/uploads\/2020\/07\/david-goncalvez-300x274.jpg 300w, https:\/\/infoseguridadit.com\/electronica\/wp-content\/uploads\/2020\/07\/david-goncalvez-768x702.jpg 768w\" sizes=\"auto, (max-width: 241px) 100vw, 241px\" \/><\/figure><\/div>\n\n\n\n<p>David Goncalvez ha sido nombrado el nuevo gerente de negocios de centros de datos para SSA. \u00c9l trae a estos pa\u00edses de la regi\u00f3n el conocimiento y experiencia que ha ganado Vertiv en los \u00faltimos a\u00f1os con la ejecuci\u00f3n de grandes proyectos dentro del mercado de centros de datos en Chile. Goncalvez, quien anteriormente dirigi\u00f3 la Gerencia de Ventas Directas para Chile, tiene\u00a0una Maestr\u00eda de la Universidad de Chile y un t\u00edtulo en Ingenier\u00eda de Sistemas de la Universidad Nacional Experimental<br>Polit\u00e9cnica de la Fuerza Armada en Caracas.<\/p>\n\n\n\n<div class=\"wp-block-image\"><figure class=\"alignright size-large is-resized\"><img loading=\"lazy\" decoding=\"async\" src=\"http:\/\/gremioseguridad.com\/electronica\/wp-content\/uploads\/2020\/07\/Vertiv-Mariela-Misiano.jpg\" alt=\"Vertiv - Mariela Misiano infogremio\" class=\"wp-image-10462\" width=\"198\" height=\"299\" srcset=\"https:\/\/infoseguridadit.com\/electronica\/wp-content\/uploads\/2020\/07\/Vertiv-Mariela-Misiano.jpg 429w, https:\/\/infoseguridadit.com\/electronica\/wp-content\/uploads\/2020\/07\/Vertiv-Mariela-Misiano-199x300.jpg 199w\" sizes=\"auto, (max-width: 198px) 100vw, 198px\" \/><\/figure><\/div>\n\n\n\n<p>Mariela Misiano es la nueva gerente de enterprise &amp; industrialpara toda la regi\u00f3n sur. Ella est\u00e1 a cargo de desarrollar los mercados verticales junto con el equipo de canales de cada pa\u00eds, con la finalidad de brindar la asesor\u00eda necesaria para mejorar condiciones o ejecutar nuevos proyectos que permitan garantizar y mejorar la continuidad de los servicios ofrecidos por las grandes industrias. Anteriormente dirigi\u00f3<\/p>\n\n\n\n<p>la gerencia de ventas para Argentina, Paraguay, Uruguay y Bolivia en Vertiv. Misiano tiene&nbsp;una Maestr\u00eda&nbsp;en&nbsp;Administraci\u00f3n de Empresas de la Universidad Torcuato Di Tella de Buenos Aires y una&nbsp;licenciatura&nbsp;en&nbsp;Ingenier\u00eda&nbsp;Qu\u00edmica de la Universidad de Buenos Aires.<br><br><\/p>\n\n\n\n<p>Para <a href=\"http:\/\/gremioseguridad.com\/electronica\/?s=vertiv\" target=\"_blank\" aria-label=\"undefined (abre en una nueva pesta\u00f1a)\" rel=\"noreferrer noopener\">m\u00e1s informaci\u00f3n<\/a> acerca de Vertiv, visite\u00a0Vertiv.com\u00a0o con\u00e9ctese a trav\u00e9s de las redes sociales:\u00a0<a href=\"https:\/\/www.facebook.com\/VertivLatinoamerica\/?ref=br_rs\">Facebook,<\/a>\u00a0\u00a0<a href=\"https:\/\/www.linkedin.com\/company\/vertiv\/\">LinkedIn<\/a>\u00a0y\u00a0<a href=\"https:\/\/twitter.com\/VertivCo_LATAM\">Twitter<\/a><\/p>\n\n\n\n<p><strong>Sobre Vertiv<\/strong><\/p>\n\n\n\n<p>Vertiv (NYSE: VRT) Vertiv ofrece hardware, software, an\u00e1lisis y servicios continuos para garantizar que las aplicaciones vitales de sus clientes tengan un funcionamiento ininterrumpido, un rendimiento \u00f3ptimo y un crecimiento conforme a las necesidades de su negocio.\u00a0Como Arquitectos de la Continuidad, Vertiv resuelve los desaf\u00edos m\u00e1s importantes a los que se enfrentan los centros de datos actuales, las redes de comunicaciones y las instalaciones industriales y comerciales, a trav\u00e9s de una cartera de soluciones y servicios de infraestructura de TI, enfriamiento y potencia, la cual se extiende desde la nube hasta el borde de la red. Con su sede ubicada en Columbus, Ohio, EE.UU., Vertiv emplea aproximadamente a 20.000 trabajadores y ejerce sus actividades en m\u00e1s de 130 pa\u00edses. Para m\u00e1s informaci\u00f3n y para conocer las \u00faltimas noticias y contenidos de Vertiv, por favor visite el sitio\u00a0Vertiv.com.<\/p>\n","protected":false},"excerpt":{"rendered":"<p>Vertiv,\u00a0proveedor global de soluciones de continuidad e infraestructura cr\u00edtica digital, anunci\u00f3 hoy cambios en el equipo directivo, al colocar a tres nuevos ejecutivos al frente del negocio de telecom, enterprise &amp; industrial y data center, en los pa\u00edses de SSA\u00a0(sur de\u00a0Sudam\u00e9rica), que comprende Argentina, Bolivia, Chile, Paraguay, Per\u00fa y Uruguay. Cada uno cumplir\u00e1 el rol [&hellip;]<\/p>\n","protected":false},"author":1,"featured_media":10464,"comment_status":"closed","ping_status":"closed","sticky":false,"template":"","format":"standard","meta":{"jetpack_post_was_ever_published":false,"_joinchat":[],"footnotes":"","jetpack_publicize_message":"","jetpack_publicize_feature_enabled":true,"jetpack_social_post_already_shared":true,"jetpack_social_options":{"image_generator_settings":{"template":"highway","default_image_id":0,"font":"","enabled":false},"version":2}},"categories":[66,207,519],"tags":[],"class_list":["post-10460","post","type-post","status-publish","format-standard","has-post-thumbnail","hentry","category-actualidad","category-energia-sustentable","category-infraestructura"],"yoast_head":"<!-- This site is optimized with the Yoast SEO plugin v27.3 - https:\/\/yoast.com\/product\/yoast-seo-wordpress\/ -->\n<title>Vertiv anuncia cambios en su equipo de Sudam\u00e9rica - InfoSeguridadIT<\/title>\n<meta name=\"description\" content=\"Vertiv, proveedor global de soluciones de continuidad e infraestructura cr\u00edtica digital, anunci\u00f3 hoy cambios en el equipo directivo de sudam\u00e9rica\" \/>\n<meta name=\"robots\" content=\"index, follow, max-snippet:-1, max-image-preview:large, max-video-preview:-1\" \/>\n<link rel=\"canonical\" href=\"https:\/\/infoseguridadit.com\/electronica\/2020\/07\/29\/vertiv\/\" \/>\n<meta property=\"og:locale\" content=\"es_ES\" \/>\n<meta property=\"og:type\" content=\"article\" \/>\n<meta property=\"og:title\" content=\"Vertiv anuncia cambios en su equipo de Sudam\u00e9rica - InfoSeguridadIT\" \/>\n<meta property=\"og:description\" content=\"Vertiv, proveedor global de soluciones de continuidad e infraestructura cr\u00edtica digital, anunci\u00f3 hoy cambios en el equipo directivo de sudam\u00e9rica\" \/>\n<meta property=\"og:url\" content=\"https:\/\/infoseguridadit.com\/electronica\/2020\/07\/29\/vertiv\/\" \/>\n<meta property=\"og:site_name\" content=\"InfoSeguridadIT\" \/>\n<meta property=\"article:publisher\" content=\"https:\/\/www.facebook.com\/Infoseguridadit\" \/>\n<meta property=\"article:author\" content=\"https:\/\/www.facebook.com\/Infoseguridadit\/\" \/>\n<meta property=\"article:published_time\" content=\"2020-07-29T09:33:47+00:00\" \/>\n<meta property=\"article:modified_time\" content=\"2020-07-29T09:37:55+00:00\" \/>\n<meta property=\"og:image\" content=\"https:\/\/i0.wp.com\/infoseguridadit.com\/electronica\/wp-content\/uploads\/2020\/07\/vertiv-home.jpg?fit=1032%2C627&ssl=1\" \/>\n\t<meta property=\"og:image:width\" content=\"1032\" \/>\n\t<meta property=\"og:image:height\" content=\"627\" \/>\n\t<meta property=\"og:image:type\" content=\"image\/jpeg\" \/>\n<meta name=\"author\" content=\"InfoSeguridadIT\" \/>\n<meta name=\"twitter:card\" content=\"summary_large_image\" \/>\n<meta name=\"twitter:creator\" content=\"@gremioseguridad\" \/>\n<meta name=\"twitter:site\" content=\"@gremioseguridad\" \/>\n<meta name=\"twitter:label1\" content=\"Escrito por\" \/>\n\t<meta name=\"twitter:data1\" content=\"InfoSeguridadIT\" \/>\n\t<meta name=\"twitter:label2\" content=\"Tiempo de lectura\" \/>\n\t<meta name=\"twitter:data2\" content=\"3 minutos\" \/>\n<script type=\"application\/ld+json\" class=\"yoast-schema-graph\">{\"@context\":\"https:\\\/\\\/schema.org\",\"@graph\":[{\"@type\":\"Article\",\"@id\":\"https:\\\/\\\/infoseguridadit.com\\\/electronica\\\/2020\\\/07\\\/29\\\/vertiv\\\/#article\",\"isPartOf\":{\"@id\":\"https:\\\/\\\/infoseguridadit.com\\\/electronica\\\/2020\\\/07\\\/29\\\/vertiv\\\/\"},\"author\":{\"name\":\"InfoSeguridadIT\",\"@id\":\"https:\\\/\\\/infoseguridadit.com\\\/electronica\\\/#\\\/schema\\\/person\\\/ebbcebab56199bc170ca93cc17e06b80\"},\"headline\":\"Vertiv anuncia cambios en su equipo de Sudam\u00e9rica\",\"datePublished\":\"2020-07-29T09:33:47+00:00\",\"dateModified\":\"2020-07-29T09:37:55+00:00\",\"mainEntityOfPage\":{\"@id\":\"https:\\\/\\\/infoseguridadit.com\\\/electronica\\\/2020\\\/07\\\/29\\\/vertiv\\\/\"},\"wordCount\":702,\"publisher\":{\"@id\":\"https:\\\/\\\/infoseguridadit.com\\\/electronica\\\/#organization\"},\"image\":{\"@id\":\"https:\\\/\\\/infoseguridadit.com\\\/electronica\\\/2020\\\/07\\\/29\\\/vertiv\\\/#primaryimage\"},\"thumbnailUrl\":\"https:\\\/\\\/infoseguridadit.com\\\/electronica\\\/wp-content\\\/uploads\\\/2020\\\/07\\\/vertiv-home.jpg\",\"articleSection\":[\"Actualidad\",\"Energ\u00eda Sustentable\",\"Infraestructura\"],\"inLanguage\":\"es\"},{\"@type\":\"WebPage\",\"@id\":\"https:\\\/\\\/infoseguridadit.com\\\/electronica\\\/2020\\\/07\\\/29\\\/vertiv\\\/\",\"url\":\"https:\\\/\\\/infoseguridadit.com\\\/electronica\\\/2020\\\/07\\\/29\\\/vertiv\\\/\",\"name\":\"Vertiv anuncia cambios en su equipo de Sudam\u00e9rica - InfoSeguridadIT\",\"isPartOf\":{\"@id\":\"https:\\\/\\\/infoseguridadit.com\\\/electronica\\\/#website\"},\"primaryImageOfPage\":{\"@id\":\"https:\\\/\\\/infoseguridadit.com\\\/electronica\\\/2020\\\/07\\\/29\\\/vertiv\\\/#primaryimage\"},\"image\":{\"@id\":\"https:\\\/\\\/infoseguridadit.com\\\/electronica\\\/2020\\\/07\\\/29\\\/vertiv\\\/#primaryimage\"},\"thumbnailUrl\":\"https:\\\/\\\/infoseguridadit.com\\\/electronica\\\/wp-content\\\/uploads\\\/2020\\\/07\\\/vertiv-home.jpg\",\"datePublished\":\"2020-07-29T09:33:47+00:00\",\"dateModified\":\"2020-07-29T09:37:55+00:00\",\"description\":\"Vertiv, proveedor global de soluciones de continuidad e infraestructura cr\u00edtica digital, anunci\u00f3 hoy cambios en el equipo directivo de sudam\u00e9rica\",\"breadcrumb\":{\"@id\":\"https:\\\/\\\/infoseguridadit.com\\\/electronica\\\/2020\\\/07\\\/29\\\/vertiv\\\/#breadcrumb\"},\"inLanguage\":\"es\",\"potentialAction\":[{\"@type\":\"ReadAction\",\"target\":[\"https:\\\/\\\/infoseguridadit.com\\\/electronica\\\/2020\\\/07\\\/29\\\/vertiv\\\/\"]}]},{\"@type\":\"ImageObject\",\"inLanguage\":\"es\",\"@id\":\"https:\\\/\\\/infoseguridadit.com\\\/electronica\\\/2020\\\/07\\\/29\\\/vertiv\\\/#primaryimage\",\"url\":\"https:\\\/\\\/infoseguridadit.com\\\/electronica\\\/wp-content\\\/uploads\\\/2020\\\/07\\\/vertiv-home.jpg\",\"contentUrl\":\"https:\\\/\\\/infoseguridadit.com\\\/electronica\\\/wp-content\\\/uploads\\\/2020\\\/07\\\/vertiv-home.jpg\",\"width\":1032,\"height\":627,\"caption\":\"vertiv-infogremio\"},{\"@type\":\"BreadcrumbList\",\"@id\":\"https:\\\/\\\/infoseguridadit.com\\\/electronica\\\/2020\\\/07\\\/29\\\/vertiv\\\/#breadcrumb\",\"itemListElement\":[{\"@type\":\"ListItem\",\"position\":1,\"name\":\"Portada\",\"item\":\"https:\\\/\\\/infoseguridadit.com\\\/electronica\\\/\"},{\"@type\":\"ListItem\",\"position\":2,\"name\":\"Vertiv anuncia cambios en su equipo de Sudam\u00e9rica\"}]},{\"@type\":\"WebSite\",\"@id\":\"https:\\\/\\\/infoseguridadit.com\\\/electronica\\\/#website\",\"url\":\"https:\\\/\\\/infoseguridadit.com\\\/electronica\\\/\",\"name\":\"InfoSeguridadIT\",\"description\":\"InfoSeguridadIT es un portal de noticias sobre tecnolog\u00eda y seguridad electr\u00f3nica dirigido a Integradores, Distribuidores, Importadores, Fabricantes, etc.\",\"publisher\":{\"@id\":\"https:\\\/\\\/infoseguridadit.com\\\/electronica\\\/#organization\"},\"potentialAction\":[{\"@type\":\"SearchAction\",\"target\":{\"@type\":\"EntryPoint\",\"urlTemplate\":\"https:\\\/\\\/infoseguridadit.com\\\/electronica\\\/?s={search_term_string}\"},\"query-input\":{\"@type\":\"PropertyValueSpecification\",\"valueRequired\":true,\"valueName\":\"search_term_string\"}}],\"inLanguage\":\"es\"},{\"@type\":\"Organization\",\"@id\":\"https:\\\/\\\/infoseguridadit.com\\\/electronica\\\/#organization\",\"name\":\"InfoSeguridadIT\",\"url\":\"https:\\\/\\\/infoseguridadit.com\\\/electronica\\\/\",\"logo\":{\"@type\":\"ImageObject\",\"inLanguage\":\"es\",\"@id\":\"https:\\\/\\\/infoseguridadit.com\\\/electronica\\\/#\\\/schema\\\/logo\\\/image\\\/\",\"url\":\"http:\\\/\\\/infoseguridadit.com\\\/electronica\\\/wp-content\\\/uploads\\\/2023\\\/10\\\/cropped-logo-isit-latam-low-b.png\",\"contentUrl\":\"http:\\\/\\\/infoseguridadit.com\\\/electronica\\\/wp-content\\\/uploads\\\/2023\\\/10\\\/cropped-logo-isit-latam-low-b.png\",\"width\":400,\"height\":111,\"caption\":\"InfoSeguridadIT\"},\"image\":{\"@id\":\"https:\\\/\\\/infoseguridadit.com\\\/electronica\\\/#\\\/schema\\\/logo\\\/image\\\/\"},\"sameAs\":[\"https:\\\/\\\/www.facebook.com\\\/Infoseguridadit\",\"https:\\\/\\\/x.com\\\/gremioseguridad\",\"https:\\\/\\\/www.instagram.com\\\/infoseguridadit\\\/\",\"https:\\\/\\\/www.linkedin.com\\\/in\\\/ramiro-de-rosa--7879a99\\\/\"]},{\"@type\":\"Person\",\"@id\":\"https:\\\/\\\/infoseguridadit.com\\\/electronica\\\/#\\\/schema\\\/person\\\/ebbcebab56199bc170ca93cc17e06b80\",\"name\":\"InfoSeguridadIT\",\"image\":{\"@type\":\"ImageObject\",\"inLanguage\":\"es\",\"@id\":\"https:\\\/\\\/secure.gravatar.com\\\/avatar\\\/f65dac9718ad877804b6a3fb5a58ca3238715fb7957e908f214fc5d6161d758f?s=96&d=mm&r=g\",\"url\":\"https:\\\/\\\/secure.gravatar.com\\\/avatar\\\/f65dac9718ad877804b6a3fb5a58ca3238715fb7957e908f214fc5d6161d758f?s=96&d=mm&r=g\",\"contentUrl\":\"https:\\\/\\\/secure.gravatar.com\\\/avatar\\\/f65dac9718ad877804b6a3fb5a58ca3238715fb7957e908f214fc5d6161d758f?s=96&d=mm&r=g\",\"caption\":\"InfoSeguridadIT\"},\"sameAs\":[\"https:\\\/\\\/infoseguridadit.com\\\/electronica\\\/\",\"https:\\\/\\\/www.facebook.com\\\/Infoseguridadit\\\/\",\"https:\\\/\\\/www.instagram.com\\\/infoseguridadit\"],\"url\":\"https:\\\/\\\/infoseguridadit.com\\\/electronica\\\/author\\\/ramiroderosa\\\/\"}]}<\/script>\n<!-- \/ Yoast SEO plugin. -->","yoast_head_json":{"title":"Vertiv anuncia cambios en su equipo de Sudam\u00e9rica - InfoSeguridadIT","description":"Vertiv, proveedor global de soluciones de continuidad e infraestructura cr\u00edtica digital, anunci\u00f3 hoy cambios en el equipo directivo de sudam\u00e9rica","robots":{"index":"index","follow":"follow","max-snippet":"max-snippet:-1","max-image-preview":"max-image-preview:large","max-video-preview":"max-video-preview:-1"},"canonical":"https:\/\/infoseguridadit.com\/electronica\/2020\/07\/29\/vertiv\/","og_locale":"es_ES","og_type":"article","og_title":"Vertiv anuncia cambios en su equipo de Sudam\u00e9rica - InfoSeguridadIT","og_description":"Vertiv, proveedor global de soluciones de continuidad e infraestructura cr\u00edtica digital, anunci\u00f3 hoy cambios en el equipo directivo de sudam\u00e9rica","og_url":"https:\/\/infoseguridadit.com\/electronica\/2020\/07\/29\/vertiv\/","og_site_name":"InfoSeguridadIT","article_publisher":"https:\/\/www.facebook.com\/Infoseguridadit","article_author":"https:\/\/www.facebook.com\/Infoseguridadit\/","article_published_time":"2020-07-29T09:33:47+00:00","article_modified_time":"2020-07-29T09:37:55+00:00","og_image":[{"width":1032,"height":627,"url":"https:\/\/i0.wp.com\/infoseguridadit.com\/electronica\/wp-content\/uploads\/2020\/07\/vertiv-home.jpg?fit=1032%2C627&ssl=1","type":"image\/jpeg"}],"author":"InfoSeguridadIT","twitter_card":"summary_large_image","twitter_creator":"@gremioseguridad","twitter_site":"@gremioseguridad","twitter_misc":{"Escrito por":"InfoSeguridadIT","Tiempo de lectura":"3 minutos"},"schema":{"@context":"https:\/\/schema.org","@graph":[{"@type":"Article","@id":"https:\/\/infoseguridadit.com\/electronica\/2020\/07\/29\/vertiv\/#article","isPartOf":{"@id":"https:\/\/infoseguridadit.com\/electronica\/2020\/07\/29\/vertiv\/"},"author":{"name":"InfoSeguridadIT","@id":"https:\/\/infoseguridadit.com\/electronica\/#\/schema\/person\/ebbcebab56199bc170ca93cc17e06b80"},"headline":"Vertiv anuncia cambios en su equipo de Sudam\u00e9rica","datePublished":"2020-07-29T09:33:47+00:00","dateModified":"2020-07-29T09:37:55+00:00","mainEntityOfPage":{"@id":"https:\/\/infoseguridadit.com\/electronica\/2020\/07\/29\/vertiv\/"},"wordCount":702,"publisher":{"@id":"https:\/\/infoseguridadit.com\/electronica\/#organization"},"image":{"@id":"https:\/\/infoseguridadit.com\/electronica\/2020\/07\/29\/vertiv\/#primaryimage"},"thumbnailUrl":"https:\/\/infoseguridadit.com\/electronica\/wp-content\/uploads\/2020\/07\/vertiv-home.jpg","articleSection":["Actualidad","Energ\u00eda Sustentable","Infraestructura"],"inLanguage":"es"},{"@type":"WebPage","@id":"https:\/\/infoseguridadit.com\/electronica\/2020\/07\/29\/vertiv\/","url":"https:\/\/infoseguridadit.com\/electronica\/2020\/07\/29\/vertiv\/","name":"Vertiv anuncia cambios en su equipo de Sudam\u00e9rica - InfoSeguridadIT","isPartOf":{"@id":"https:\/\/infoseguridadit.com\/electronica\/#website"},"primaryImageOfPage":{"@id":"https:\/\/infoseguridadit.com\/electronica\/2020\/07\/29\/vertiv\/#primaryimage"},"image":{"@id":"https:\/\/infoseguridadit.com\/electronica\/2020\/07\/29\/vertiv\/#primaryimage"},"thumbnailUrl":"https:\/\/infoseguridadit.com\/electronica\/wp-content\/uploads\/2020\/07\/vertiv-home.jpg","datePublished":"2020-07-29T09:33:47+00:00","dateModified":"2020-07-29T09:37:55+00:00","description":"Vertiv, proveedor global de soluciones de continuidad e infraestructura cr\u00edtica digital, anunci\u00f3 hoy cambios en el equipo directivo de sudam\u00e9rica","breadcrumb":{"@id":"https:\/\/infoseguridadit.com\/electronica\/2020\/07\/29\/vertiv\/#breadcrumb"},"inLanguage":"es","potentialAction":[{"@type":"ReadAction","target":["https:\/\/infoseguridadit.com\/electronica\/2020\/07\/29\/vertiv\/"]}]},{"@type":"ImageObject","inLanguage":"es","@id":"https:\/\/infoseguridadit.com\/electronica\/2020\/07\/29\/vertiv\/#primaryimage","url":"https:\/\/infoseguridadit.com\/electronica\/wp-content\/uploads\/2020\/07\/vertiv-home.jpg","contentUrl":"https:\/\/infoseguridadit.com\/electronica\/wp-content\/uploads\/2020\/07\/vertiv-home.jpg","width":1032,"height":627,"caption":"vertiv-infogremio"},{"@type":"BreadcrumbList","@id":"https:\/\/infoseguridadit.com\/electronica\/2020\/07\/29\/vertiv\/#breadcrumb","itemListElement":[{"@type":"ListItem","position":1,"name":"Portada","item":"https:\/\/infoseguridadit.com\/electronica\/"},{"@type":"ListItem","position":2,"name":"Vertiv anuncia cambios en su equipo de Sudam\u00e9rica"}]},{"@type":"WebSite","@id":"https:\/\/infoseguridadit.com\/electronica\/#website","url":"https:\/\/infoseguridadit.com\/electronica\/","name":"InfoSeguridadIT","description":"InfoSeguridadIT es un portal de noticias sobre tecnolog\u00eda y seguridad electr\u00f3nica dirigido a Integradores, Distribuidores, Importadores, Fabricantes, etc.","publisher":{"@id":"https:\/\/infoseguridadit.com\/electronica\/#organization"},"potentialAction":[{"@type":"SearchAction","target":{"@type":"EntryPoint","urlTemplate":"https:\/\/infoseguridadit.com\/electronica\/?s={search_term_string}"},"query-input":{"@type":"PropertyValueSpecification","valueRequired":true,"valueName":"search_term_string"}}],"inLanguage":"es"},{"@type":"Organization","@id":"https:\/\/infoseguridadit.com\/electronica\/#organization","name":"InfoSeguridadIT","url":"https:\/\/infoseguridadit.com\/electronica\/","logo":{"@type":"ImageObject","inLanguage":"es","@id":"https:\/\/infoseguridadit.com\/electronica\/#\/schema\/logo\/image\/","url":"http:\/\/infoseguridadit.com\/electronica\/wp-content\/uploads\/2023\/10\/cropped-logo-isit-latam-low-b.png","contentUrl":"http:\/\/infoseguridadit.com\/electronica\/wp-content\/uploads\/2023\/10\/cropped-logo-isit-latam-low-b.png","width":400,"height":111,"caption":"InfoSeguridadIT"},"image":{"@id":"https:\/\/infoseguridadit.com\/electronica\/#\/schema\/logo\/image\/"},"sameAs":["https:\/\/www.facebook.com\/Infoseguridadit","https:\/\/x.com\/gremioseguridad","https:\/\/www.instagram.com\/infoseguridadit\/","https:\/\/www.linkedin.com\/in\/ramiro-de-rosa--7879a99\/"]},{"@type":"Person","@id":"https:\/\/infoseguridadit.com\/electronica\/#\/schema\/person\/ebbcebab56199bc170ca93cc17e06b80","name":"InfoSeguridadIT","image":{"@type":"ImageObject","inLanguage":"es","@id":"https:\/\/secure.gravatar.com\/avatar\/f65dac9718ad877804b6a3fb5a58ca3238715fb7957e908f214fc5d6161d758f?s=96&d=mm&r=g","url":"https:\/\/secure.gravatar.com\/avatar\/f65dac9718ad877804b6a3fb5a58ca3238715fb7957e908f214fc5d6161d758f?s=96&d=mm&r=g","contentUrl":"https:\/\/secure.gravatar.com\/avatar\/f65dac9718ad877804b6a3fb5a58ca3238715fb7957e908f214fc5d6161d758f?s=96&d=mm&r=g","caption":"InfoSeguridadIT"},"sameAs":["https:\/\/infoseguridadit.com\/electronica\/","https:\/\/www.facebook.com\/Infoseguridadit\/","https:\/\/www.instagram.com\/infoseguridadit"],"url":"https:\/\/infoseguridadit.com\/electronica\/author\/ramiroderosa\/"}]}},"jetpack_publicize_connections":[],"jetpack_featured_media_url":"https:\/\/infoseguridadit.com\/electronica\/wp-content\/uploads\/2020\/07\/vertiv-home.jpg","jetpack-related-posts":[{"id":10351,"url":"https:\/\/infoseguridadit.com\/electronica\/2020\/07\/16\/vertiv-sol-control\/","url_meta":{"origin":10460,"position":0},"title":"Vertiv Formaliza un Acuerdo de Distribuci\u00f3n en Paraguay","author":"InfoSeguridadIT","date":"16 de julio de 2020","format":false,"excerpt":"Vertiv Formaliza un Acuerdo de Distribuci\u00f3n con Sol Control SRL en Paraguay Vertiv (NYSE: VRT), un proveedor global de soluciones de continuidad e infraestructura cr\u00edtica digital, anunci\u00f3 su acuerdo de distribuci\u00f3n con Sol Control SRL en Paraguay, un mayorista de inform\u00e1tica con m\u00e1s de 25 a\u00f1os en el mercado. La\u2026","rel":"","context":"En \u00abActualidad\u00bb","block_context":{"text":"Actualidad","link":"https:\/\/infoseguridadit.com\/electronica\/category\/actualidad\/"},"img":{"alt_text":"vertiv infogremio","src":"https:\/\/i0.wp.com\/infoseguridadit.com\/electronica\/wp-content\/uploads\/2020\/07\/Vertiv-Alianza-Sol-control.jpg?resize=350%2C200&ssl=1","width":350,"height":200,"srcset":"https:\/\/i0.wp.com\/infoseguridadit.com\/electronica\/wp-content\/uploads\/2020\/07\/Vertiv-Alianza-Sol-control.jpg?resize=350%2C200&ssl=1 1x, https:\/\/i0.wp.com\/infoseguridadit.com\/electronica\/wp-content\/uploads\/2020\/07\/Vertiv-Alianza-Sol-control.jpg?resize=525%2C300&ssl=1 1.5x"},"classes":[]},{"id":11253,"url":"https:\/\/infoseguridadit.com\/electronica\/2020\/11\/17\/infraestructura\/","url_meta":{"origin":10460,"position":1},"title":"Centros de datos, el nuevo auge de la inversi\u00f3n inmobiliaria","author":"InfoSeguridadIT","date":"17 de noviembre de 2020","format":false,"excerpt":"Los centros de datos, en la mira de inversores inmobiliarios comerciales que buscan obtener rendimientos constantes a largo plazo. Desde la irrupci\u00f3n de la pandemia mundial del COVID-19, la vida como la conoc\u00edamos dio un giro dr\u00e1stico hacia lo digital. Las ventas que antes se hac\u00edan en tiendas f\u00edsicas pasaron\u2026","rel":"","context":"En \u00abInfraestructura\u00bb","block_context":{"text":"Infraestructura","link":"https:\/\/infoseguridadit.com\/electronica\/category\/infraestructura\/"},"img":{"alt_text":"Saida Ortiz_10","src":"https:\/\/i0.wp.com\/infoseguridadit.com\/electronica\/wp-content\/uploads\/2020\/11\/Saida-Ortiz_10-1-scaled.jpg?resize=350%2C200&ssl=1","width":350,"height":200,"srcset":"https:\/\/i0.wp.com\/infoseguridadit.com\/electronica\/wp-content\/uploads\/2020\/11\/Saida-Ortiz_10-1-scaled.jpg?resize=350%2C200&ssl=1 1x, https:\/\/i0.wp.com\/infoseguridadit.com\/electronica\/wp-content\/uploads\/2020\/11\/Saida-Ortiz_10-1-scaled.jpg?resize=525%2C300&ssl=1 1.5x, https:\/\/i0.wp.com\/infoseguridadit.com\/electronica\/wp-content\/uploads\/2020\/11\/Saida-Ortiz_10-1-scaled.jpg?resize=700%2C400&ssl=1 2x, https:\/\/i0.wp.com\/infoseguridadit.com\/electronica\/wp-content\/uploads\/2020\/11\/Saida-Ortiz_10-1-scaled.jpg?resize=1050%2C600&ssl=1 3x, https:\/\/i0.wp.com\/infoseguridadit.com\/electronica\/wp-content\/uploads\/2020\/11\/Saida-Ortiz_10-1-scaled.jpg?resize=1400%2C800&ssl=1 4x"},"classes":[]},{"id":11068,"url":"https:\/\/infoseguridadit.com\/electronica\/2020\/10\/29\/vertiv-2\/","url_meta":{"origin":10460,"position":2},"title":"El \u00e1rea que crecer\u00e1 pos-pandemia","author":"InfoSeguridadIT","date":"29 de octubre de 2020","format":false,"excerpt":"Seg\u00fan los datos recopilados en la investigaci\u00f3n \u201cCentro de Datos del 2025\u201d, m\u00e1s de la mitad (53%) de los profesionales de la industria de TI, est\u00e1n convencidos de que sus inversiones ser\u00e1n superiores al 100%, y un 20% cree incluso que esta inversi\u00f3n, que abarca situaciones que van desde el\u2026","rel":"","context":"En \u00abInfraestructura\u00bb","block_context":{"text":"Infraestructura","link":"https:\/\/infoseguridadit.com\/electronica\/category\/infraestructura\/"},"img":{"alt_text":"vertiv","src":"https:\/\/i0.wp.com\/infoseguridadit.com\/electronica\/wp-content\/uploads\/2020\/10\/Borde-de-la-red-el-%C3%A1rea-que-crecer%C3%A1-pos-pandemia.-Imagen-destacada-1.jpg?resize=350%2C200&ssl=1","width":350,"height":200,"srcset":"https:\/\/i0.wp.com\/infoseguridadit.com\/electronica\/wp-content\/uploads\/2020\/10\/Borde-de-la-red-el-%C3%A1rea-que-crecer%C3%A1-pos-pandemia.-Imagen-destacada-1.jpg?resize=350%2C200&ssl=1 1x, https:\/\/i0.wp.com\/infoseguridadit.com\/electronica\/wp-content\/uploads\/2020\/10\/Borde-de-la-red-el-%C3%A1rea-que-crecer%C3%A1-pos-pandemia.-Imagen-destacada-1.jpg?resize=525%2C300&ssl=1 1.5x"},"classes":[]},{"id":10410,"url":"https:\/\/infoseguridadit.com\/electronica\/2020\/07\/19\/proteger-a-sus-empleados-esenciales-durante-la-pandemia\/","url_meta":{"origin":10460,"position":3},"title":"Proteger a sus empleados esenciales durante la pandemia","author":"InfoSeguridadIT","date":"19 de julio de 2020","format":false,"excerpt":"La \u201cnueva normalidad\u201d impone cambios. \u00bfC\u00f3mo enfrentar la incertidumbre y los retos de seguridad que implica seguir operando en medio de la crisis sanitaria? Consejos como planes de contingencia, asesoramiento legal y restricciones de viajes son algunas de las variables que se alientan para la prevenci\u00f3n y el control. La\u2026","rel":"","context":"En \u00abInformes\u00bb","block_context":{"text":"Informes","link":"https:\/\/infoseguridadit.com\/electronica\/category\/inf\/"},"img":{"alt_text":"proteger empleados covid-19","src":"https:\/\/i0.wp.com\/infoseguridadit.com\/electronica\/wp-content\/uploads\/2020\/07\/proteger-empleados.jpg?resize=350%2C200&ssl=1","width":350,"height":200,"srcset":"https:\/\/i0.wp.com\/infoseguridadit.com\/electronica\/wp-content\/uploads\/2020\/07\/proteger-empleados.jpg?resize=350%2C200&ssl=1 1x, https:\/\/i0.wp.com\/infoseguridadit.com\/electronica\/wp-content\/uploads\/2020\/07\/proteger-empleados.jpg?resize=525%2C300&ssl=1 1.5x, https:\/\/i0.wp.com\/infoseguridadit.com\/electronica\/wp-content\/uploads\/2020\/07\/proteger-empleados.jpg?resize=700%2C400&ssl=1 2x"},"classes":[]},{"id":11143,"url":"https:\/\/infoseguridadit.com\/electronica\/2020\/11\/10\/mantenimiento-preventivo\/","url_meta":{"origin":10460,"position":4},"title":"Mantenimiento preventivo: la clave para el funcionamiento de infraestructuras criticas","author":"InfoSeguridadIT","date":"10 de noviembre de 2020","format":false,"excerpt":"Mantenimiento preventivo: Los expertos analizan el panorama de las infraestructuras cr\u00edticas y centros de datos. Los costos de las interrupciones en el servicio llegan a USD 9.000 por minuto. Durante los \u00faltimos a\u00f1os hab\u00edamos visto a la mayor\u00eda de las empresas, de todas las industrias, evolucionar poco a poco hacia\u2026","rel":"","context":"En \u00abActualidad\u00bb","block_context":{"text":"Actualidad","link":"https:\/\/infoseguridadit.com\/electronica\/category\/actualidad\/"},"img":{"alt_text":"MANTENIMIENTO PREVENTIVO","src":"https:\/\/i0.wp.com\/infoseguridadit.com\/electronica\/wp-content\/uploads\/2020\/11\/infraestructura-fisica.jpg?resize=350%2C200&ssl=1","width":350,"height":200,"srcset":"https:\/\/i0.wp.com\/infoseguridadit.com\/electronica\/wp-content\/uploads\/2020\/11\/infraestructura-fisica.jpg?resize=350%2C200&ssl=1 1x, https:\/\/i0.wp.com\/infoseguridadit.com\/electronica\/wp-content\/uploads\/2020\/11\/infraestructura-fisica.jpg?resize=525%2C300&ssl=1 1.5x, https:\/\/i0.wp.com\/infoseguridadit.com\/electronica\/wp-content\/uploads\/2020\/11\/infraestructura-fisica.jpg?resize=700%2C400&ssl=1 2x"},"classes":[]},{"id":13654,"url":"https:\/\/infoseguridadit.com\/electronica\/2022\/10\/15\/vertiv-4\/","url_meta":{"origin":10460,"position":5},"title":"Vertiv publica la Gu\u00eda para la sostenibilidad del centro de datos","author":"InfoSeguridadIT","date":"15 de octubre de 2022","format":false,"excerpt":"Vertiv, un proveedor global de infraestructura digital cr\u00edtica y soluciones de continuidad, public\u00f3 su\u00a0Gu\u00eda para la sostenibilidad del centro de datos, un recurso en l\u00ednea para aquellos propietarios y operadores de centros de datos que buscan reducir el impacto ambiental de sus instalaciones. Seg\u00fan un informe de la\u00a0Agencia Internacional de\u2026","rel":"","context":"En \u00abInformes\u00bb","block_context":{"text":"Informes","link":"https:\/\/infoseguridadit.com\/electronica\/category\/inf\/"},"img":{"alt_text":"vertiv","src":"https:\/\/i0.wp.com\/infoseguridadit.com\/electronica\/wp-content\/uploads\/2022\/10\/vertiv.jpg?resize=350%2C200&ssl=1","width":350,"height":200,"srcset":"https:\/\/i0.wp.com\/infoseguridadit.com\/electronica\/wp-content\/uploads\/2022\/10\/vertiv.jpg?resize=350%2C200&ssl=1 1x, https:\/\/i0.wp.com\/infoseguridadit.com\/electronica\/wp-content\/uploads\/2022\/10\/vertiv.jpg?resize=525%2C300&ssl=1 1.5x, https:\/\/i0.wp.com\/infoseguridadit.com\/electronica\/wp-content\/uploads\/2022\/10\/vertiv.jpg?resize=700%2C400&ssl=1 2x, https:\/\/i0.wp.com\/infoseguridadit.com\/electronica\/wp-content\/uploads\/2022\/10\/vertiv.jpg?resize=1050%2C600&ssl=1 3x, https:\/\/i0.wp.com\/infoseguridadit.com\/electronica\/wp-content\/uploads\/2022\/10\/vertiv.jpg?resize=1400%2C800&ssl=1 4x"},"classes":[]}],"jetpack_shortlink":"https:\/\/wp.me\/s6cGtH-vertiv","_links":{"self":[{"href":"https:\/\/infoseguridadit.com\/electronica\/wp-json\/wp\/v2\/posts\/10460","targetHints":{"allow":["GET"]}}],"collection":[{"href":"https:\/\/infoseguridadit.com\/electronica\/wp-json\/wp\/v2\/posts"}],"about":[{"href":"https:\/\/infoseguridadit.com\/electronica\/wp-json\/wp\/v2\/types\/post"}],"author":[{"embeddable":true,"href":"https:\/\/infoseguridadit.com\/electronica\/wp-json\/wp\/v2\/users\/1"}],"replies":[{"embeddable":true,"href":"https:\/\/infoseguridadit.com\/electronica\/wp-json\/wp\/v2\/comments?post=10460"}],"version-history":[{"count":1,"href":"https:\/\/infoseguridadit.com\/electronica\/wp-json\/wp\/v2\/posts\/10460\/revisions"}],"predecessor-version":[{"id":10465,"href":"https:\/\/infoseguridadit.com\/electronica\/wp-json\/wp\/v2\/posts\/10460\/revisions\/10465"}],"wp:featuredmedia":[{"embeddable":true,"href":"https:\/\/infoseguridadit.com\/electronica\/wp-json\/wp\/v2\/media\/10464"}],"wp:attachment":[{"href":"https:\/\/infoseguridadit.com\/electronica\/wp-json\/wp\/v2\/media?parent=10460"}],"wp:term":[{"taxonomy":"category","embeddable":true,"href":"https:\/\/infoseguridadit.com\/electronica\/wp-json\/wp\/v2\/categories?post=10460"},{"taxonomy":"post_tag","embeddable":true,"href":"https:\/\/infoseguridadit.com\/electronica\/wp-json\/wp\/v2\/tags?post=10460"}],"curies":[{"name":"wp","href":"https:\/\/api.w.org\/{rel}","templated":true}]}}