{"id":10601,"date":"2020-08-21T14:41:52","date_gmt":"2020-08-21T17:41:52","guid":{"rendered":"http:\/\/gremioseguridad.com\/electronica\/?p=10601"},"modified":"2020-08-21T15:01:15","modified_gmt":"2020-08-21T18:01:15","slug":"alas-se-expande-de-manera-disruptiva","status":"publish","type":"post","link":"https:\/\/infoseguridadit.com\/electronica\/2020\/08\/21\/alas-se-expande-de-manera-disruptiva\/","title":{"rendered":"ALAS se expande de manera disruptiva."},"content":{"rendered":"\n<h4 class=\"wp-block-heading\"><em>ALAS, la Asociaci\u00f3n Latinoamericana de Seguridad, expande sus fronteras, abre el juego y acerca la seguridad, incluso, al usuario final.<\/em><\/h4>\n\n\n\n<p><strong><em>Por: Ramiro De Rosa, Director de Infogremio<\/em><\/strong><\/p>\n\n\n\n<p><em>Como si se tratara de un commodity (\u00bfacaso no lo es?) ALAS abre sus puertas al usuario final. Esta estrategia, que hace unos a\u00f1os habr\u00eda sido cuestionable, hoy es sin dudas, disruptiva. Acerca al \u00abend user\u00bb, al consumidor, al que tiene el problema, literalmente: LA SOLUCI\u00d3N. <\/em><\/p>\n\n\n\n<p><em>Quiz\u00e1 sea solo el comienzo del recorrido, la piedra fundamental, pero sin dudas abre el debate. <\/em><\/p>\n\n\n\n<p><em>Entrevistamos al Lic. Daniel Banda, Presidente de ALAS Comit\u00e9 Argentina y Board Director en ALAS INTERNATIONAL, que nos cuenta su visi\u00f3n de este tema. \u00bfLleg\u00f3 la hora de mostrar el juego completo y entender DE VERDAD, la necesidad de SEGURIDAD que reclama la sociedad?<\/em><\/p>\n\n\n\n<p><strong>Sorprende la aparici\u00f3n de socios \u00abusuarios finales\u00bb en ALAS. \u00bfQu\u00e9 nos pod\u00e9s decir al respecto?<\/strong><\/p>\n\n\n\n<p>ALAS ARGENTINA tiene un crecimiento muy grande en la transversalidad, porque nuestra meta es sentar en la misma mesa a proveedores y usuarios finales recurrentes de tecnolog\u00edas de la seguridad. \u00bfPor qu\u00e9 las asociaciones y c\u00e1maras se han encerrado tanto en lo institucional y han olvidado el verbo \u00abhacer\u00bb negocios para sus socios? Nosotros ya ocupamos el espacio vac\u00edo de la generaci\u00f3n de oportunidades, a traves del debate horizontal sobre tecnolog\u00edas, usos, experiencias compartidas, en el concepto del networking convertido en realidad cotidiana, a trav\u00e9s de consejos asesores conformados por socios.<\/p>\n\n\n\n<p>Si me pongo el sombrero del usuario final, de mercados verticales como por ejemplo countries,  municipios o bancos, observo que no tienen un espacio de comunidad y debate sobre tecnolog\u00edas para su sector. Bien, ALAS lo tiene creado y est\u00e1 invitando a todos los sectores a asociarse y participar activamente. Y para lograrlo los libera de cuota social, o sea que les da membres\u00eda gratuita. Aprendizaje, experiencias compartidas y representaci\u00f3n del sector a cambio de participaci\u00f3n, sin costo. Y qu\u00e9 pasa cuando el mega consumidor esta en ALAS? el proveedor quiere estar&#8230; quiere sentarse con su eventual cliente, para ganarlo o para cuidarlo. Sin duda un ciclo virtuoso, porque vamos a hablar la misma lengua, toda la cadena de valor junta.<\/p>\n\n\n\n<div class=\"wp-block-image\"><figure class=\"aligncenter size-large\"><img loading=\"lazy\" decoding=\"async\" width=\"1024\" height=\"768\" src=\"http:\/\/gremioseguridad.com\/electronica\/wp-content\/uploads\/2020\/08\/875e6663-dfd8-4dd7-bcb3-0ccdc13149e3-1024x768.jpeg\" alt=\"daniel banda infogremio softguard alas\" class=\"wp-image-10605\" srcset=\"https:\/\/infoseguridadit.com\/electronica\/wp-content\/uploads\/2020\/08\/875e6663-dfd8-4dd7-bcb3-0ccdc13149e3-1024x768.jpeg 1024w, https:\/\/infoseguridadit.com\/electronica\/wp-content\/uploads\/2020\/08\/875e6663-dfd8-4dd7-bcb3-0ccdc13149e3-300x225.jpeg 300w, https:\/\/infoseguridadit.com\/electronica\/wp-content\/uploads\/2020\/08\/875e6663-dfd8-4dd7-bcb3-0ccdc13149e3-768x576.jpeg 768w, https:\/\/infoseguridadit.com\/electronica\/wp-content\/uploads\/2020\/08\/875e6663-dfd8-4dd7-bcb3-0ccdc13149e3.jpeg 1280w\" sizes=\"auto, (max-width: 1024px) 100vw, 1024px\" \/><figcaption>Lic. Daniel Banda <em>Presidente de ALAS Comit\u00e9 Argentina<\/em> y <em>Board Director en ALAS INTERNATIONA<\/em>L<\/figcaption><\/figure><\/div>\n\n\n\n<p><\/p>\n\n\n\n<p><strong>Somos un medio que siempre le habl\u00f3 al gremio. \u00bfQu\u00e9 lugar le da ALAS al instalador, al integrador?<\/strong><\/p>\n\n\n\n<p>Mir\u00e1, estamos asociando a todo el espectro, en el caso de integradores peque\u00f1os o individuales incluso creamos el perfil PROFESIONAL DE LA INDUSTRIA con membres\u00eda muy accesible y si mir\u00e1s la cadena de valor que se arma, el consumidor grande de sistemas y el proveedor de equipos ver\u00e1s que esta faltando el implementador, integrador, instalador, as\u00ed es que por muy poco, pueden participar de este espinel de posibilidades&#8230;<\/p>\n\n\n\n<p><strong>Repasemos el objetivo de ALAS, para aclarar un poco el panorama&#8230;<\/strong><\/p>\n\n\n\n<p>ALAS cuenta con una trayectoria de 23 a\u00f1os en la industria de la seguridad, siendo un referente a nivel mundial, que re\u00fane a las compa\u00f1\u00edas de mayor reconocimiento para el sector, a trav\u00e9s de la educaci\u00f3n, investigaci\u00f3n y relacionamiento, trabajando de la mano con m\u00e1s de 500 socios estrat\u00e9gicos en todo Latinoam\u00e9rica y el Caribe.<br>En la Argentina contamos con el Comit\u00e9 Nacional ALAS, un grupo de profesionales que representa la visi\u00f3n estrat\u00e9gica de ALAS para y en favor del pa\u00eds y su principal objetivo es crear v\u00ednculos sostenibles y espacios de relacionamiento que involucren a todos los actores del sector seguridad. <\/p>\n\n\n\n<p>Desde el comit\u00e9 trabajamos continuamente por el crecimiento y la profesionalizaci\u00f3n de la industria de la seguridad desde diferentes \u00e1mbitos, promoviendo la investigaci\u00f3n, el desarrollo de servicios tecnol\u00f3gicos, desarrollo de normativas y est\u00e1ndares, responsabilidad social empresarial y promoci\u00f3n de los \u00faltimos avances del sector.<\/p>\n\n\n\n<p>Desde mi punto de vista, toda inversi\u00f3n debe tener un retorno concreto. ALAS est\u00e1 demostrando que ha cumplido lo que prometi\u00f3 que har\u00eda al comienzo de 2020, en cuanto a su objetivo de transversalidad y de creaci\u00f3n de oportunidades de negocios. Y vamos por mucho m\u00e1s.<\/p>\n\n\n\n<p>\u00abGracias Ramiro, por estar siempre conectado, detectando esas chispas que hacen cambiar la industria y por rescatarlas, darles visibilidad y difusi\u00f3n en tus medios, lo valoro mucho\u00bb<\/p>\n\n\n\n<p><em>Hoy la seguridad est\u00e1 en un punto de inflexi\u00f3n. Se debate entre \u00abel negocio de la seguridad\u00bb y \u00abbrindar seguridad\u00bb dos caminos que sin duda deber\u00edan ir por la misma v\u00eda, pero que durante a\u00f1os fueron antag\u00f3nicos. Es hora de empezar a pensar en soluciones.<\/em><\/p>\n\n\n\n<p><\/p>\n","protected":false},"excerpt":{"rendered":"<p>ALAS, la Asociaci\u00f3n Latinoamericana de Seguridad, expande sus fronteras, abre el juego y acerca la seguridad, incluso, al usuario final. Por: Ramiro De Rosa, Director de Infogremio Como si se tratara de un commodity (\u00bfacaso no lo es?) ALAS abre sus puertas al usuario final. Esta estrategia, que hace unos a\u00f1os habr\u00eda sido cuestionable, hoy [&hellip;]<\/p>\n","protected":false},"author":1,"featured_media":10605,"comment_status":"closed","ping_status":"closed","sticky":false,"template":"","format":"standard","meta":{"jetpack_post_was_ever_published":false,"_joinchat":{"view":"no"},"footnotes":"","jetpack_publicize_message":"","jetpack_publicize_feature_enabled":true,"jetpack_social_post_already_shared":true,"jetpack_social_options":{"image_generator_settings":{"template":"highway","default_image_id":0,"font":"","enabled":false},"version":2}},"categories":[267],"tags":[381,449,495],"class_list":["post-10601","post","type-post","status-publish","format-standard","has-post-thumbnail","hentry","category-inf","tag-alas","tag-cumbre-gerencial-alas","tag-feria-digital-alas"],"yoast_head":"<!-- This site is optimized with the Yoast SEO plugin v27.3 - https:\/\/yoast.com\/product\/yoast-seo-wordpress\/ -->\n<title>ALAS se expande de manera disruptiva. - InfoSeguridadIT<\/title>\n<meta name=\"robots\" content=\"index, follow, max-snippet:-1, max-image-preview:large, max-video-preview:-1\" \/>\n<link rel=\"canonical\" href=\"https:\/\/infoseguridadit.com\/electronica\/2020\/08\/21\/alas-se-expande-de-manera-disruptiva\/\" \/>\n<meta property=\"og:locale\" content=\"es_ES\" \/>\n<meta property=\"og:type\" content=\"article\" \/>\n<meta property=\"og:title\" content=\"ALAS se expande de manera disruptiva. - InfoSeguridadIT\" \/>\n<meta property=\"og:description\" content=\"ALAS, la Asociaci\u00f3n Latinoamericana de Seguridad, expande sus fronteras, abre el juego y acerca la seguridad, incluso, al usuario final. Por: Ramiro De Rosa, Director de Infogremio Como si se tratara de un commodity (\u00bfacaso no lo es?) ALAS abre sus puertas al usuario final. Esta estrategia, que hace unos a\u00f1os habr\u00eda sido cuestionable, hoy [&hellip;]\" \/>\n<meta property=\"og:url\" content=\"https:\/\/infoseguridadit.com\/electronica\/2020\/08\/21\/alas-se-expande-de-manera-disruptiva\/\" \/>\n<meta property=\"og:site_name\" content=\"InfoSeguridadIT\" \/>\n<meta property=\"article:publisher\" content=\"https:\/\/www.facebook.com\/Infoseguridadit\" \/>\n<meta property=\"article:author\" content=\"https:\/\/www.facebook.com\/Infoseguridadit\/\" \/>\n<meta property=\"article:published_time\" content=\"2020-08-21T17:41:52+00:00\" \/>\n<meta property=\"article:modified_time\" content=\"2020-08-21T18:01:15+00:00\" \/>\n<meta property=\"og:image\" content=\"https:\/\/i0.wp.com\/infoseguridadit.com\/electronica\/wp-content\/uploads\/2020\/08\/875e6663-dfd8-4dd7-bcb3-0ccdc13149e3.jpeg?fit=1280%2C960&ssl=1\" \/>\n\t<meta property=\"og:image:width\" content=\"1280\" \/>\n\t<meta property=\"og:image:height\" content=\"960\" \/>\n\t<meta property=\"og:image:type\" content=\"image\/jpeg\" \/>\n<meta name=\"author\" content=\"InfoSeguridadIT\" \/>\n<meta name=\"twitter:card\" content=\"summary_large_image\" \/>\n<meta name=\"twitter:creator\" content=\"@gremioseguridad\" \/>\n<meta name=\"twitter:site\" content=\"@gremioseguridad\" \/>\n<meta name=\"twitter:label1\" content=\"Escrito por\" \/>\n\t<meta name=\"twitter:data1\" content=\"InfoSeguridadIT\" \/>\n\t<meta name=\"twitter:label2\" content=\"Tiempo de lectura\" \/>\n\t<meta name=\"twitter:data2\" content=\"4 minutos\" \/>\n<script type=\"application\/ld+json\" class=\"yoast-schema-graph\">{\"@context\":\"https:\\\/\\\/schema.org\",\"@graph\":[{\"@type\":\"Article\",\"@id\":\"https:\\\/\\\/infoseguridadit.com\\\/electronica\\\/2020\\\/08\\\/21\\\/alas-se-expande-de-manera-disruptiva\\\/#article\",\"isPartOf\":{\"@id\":\"https:\\\/\\\/infoseguridadit.com\\\/electronica\\\/2020\\\/08\\\/21\\\/alas-se-expande-de-manera-disruptiva\\\/\"},\"author\":{\"name\":\"InfoSeguridadIT\",\"@id\":\"https:\\\/\\\/infoseguridadit.com\\\/electronica\\\/#\\\/schema\\\/person\\\/ebbcebab56199bc170ca93cc17e06b80\"},\"headline\":\"ALAS se expande de manera disruptiva.\",\"datePublished\":\"2020-08-21T17:41:52+00:00\",\"dateModified\":\"2020-08-21T18:01:15+00:00\",\"mainEntityOfPage\":{\"@id\":\"https:\\\/\\\/infoseguridadit.com\\\/electronica\\\/2020\\\/08\\\/21\\\/alas-se-expande-de-manera-disruptiva\\\/\"},\"wordCount\":787,\"publisher\":{\"@id\":\"https:\\\/\\\/infoseguridadit.com\\\/electronica\\\/#organization\"},\"image\":{\"@id\":\"https:\\\/\\\/infoseguridadit.com\\\/electronica\\\/2020\\\/08\\\/21\\\/alas-se-expande-de-manera-disruptiva\\\/#primaryimage\"},\"thumbnailUrl\":\"https:\\\/\\\/infoseguridadit.com\\\/electronica\\\/wp-content\\\/uploads\\\/2020\\\/08\\\/875e6663-dfd8-4dd7-bcb3-0ccdc13149e3.jpeg\",\"keywords\":[\"alas\",\"cumbre gerencial alas\",\"Feria digital ALAS\"],\"articleSection\":[\"Informes\"],\"inLanguage\":\"es\"},{\"@type\":\"WebPage\",\"@id\":\"https:\\\/\\\/infoseguridadit.com\\\/electronica\\\/2020\\\/08\\\/21\\\/alas-se-expande-de-manera-disruptiva\\\/\",\"url\":\"https:\\\/\\\/infoseguridadit.com\\\/electronica\\\/2020\\\/08\\\/21\\\/alas-se-expande-de-manera-disruptiva\\\/\",\"name\":\"ALAS se expande de manera disruptiva. - InfoSeguridadIT\",\"isPartOf\":{\"@id\":\"https:\\\/\\\/infoseguridadit.com\\\/electronica\\\/#website\"},\"primaryImageOfPage\":{\"@id\":\"https:\\\/\\\/infoseguridadit.com\\\/electronica\\\/2020\\\/08\\\/21\\\/alas-se-expande-de-manera-disruptiva\\\/#primaryimage\"},\"image\":{\"@id\":\"https:\\\/\\\/infoseguridadit.com\\\/electronica\\\/2020\\\/08\\\/21\\\/alas-se-expande-de-manera-disruptiva\\\/#primaryimage\"},\"thumbnailUrl\":\"https:\\\/\\\/infoseguridadit.com\\\/electronica\\\/wp-content\\\/uploads\\\/2020\\\/08\\\/875e6663-dfd8-4dd7-bcb3-0ccdc13149e3.jpeg\",\"datePublished\":\"2020-08-21T17:41:52+00:00\",\"dateModified\":\"2020-08-21T18:01:15+00:00\",\"breadcrumb\":{\"@id\":\"https:\\\/\\\/infoseguridadit.com\\\/electronica\\\/2020\\\/08\\\/21\\\/alas-se-expande-de-manera-disruptiva\\\/#breadcrumb\"},\"inLanguage\":\"es\",\"potentialAction\":[{\"@type\":\"ReadAction\",\"target\":[\"https:\\\/\\\/infoseguridadit.com\\\/electronica\\\/2020\\\/08\\\/21\\\/alas-se-expande-de-manera-disruptiva\\\/\"]}]},{\"@type\":\"ImageObject\",\"inLanguage\":\"es\",\"@id\":\"https:\\\/\\\/infoseguridadit.com\\\/electronica\\\/2020\\\/08\\\/21\\\/alas-se-expande-de-manera-disruptiva\\\/#primaryimage\",\"url\":\"https:\\\/\\\/infoseguridadit.com\\\/electronica\\\/wp-content\\\/uploads\\\/2020\\\/08\\\/875e6663-dfd8-4dd7-bcb3-0ccdc13149e3.jpeg\",\"contentUrl\":\"https:\\\/\\\/infoseguridadit.com\\\/electronica\\\/wp-content\\\/uploads\\\/2020\\\/08\\\/875e6663-dfd8-4dd7-bcb3-0ccdc13149e3.jpeg\",\"width\":1280,\"height\":960,\"caption\":\"daniel banda infogremio softguard alas\"},{\"@type\":\"BreadcrumbList\",\"@id\":\"https:\\\/\\\/infoseguridadit.com\\\/electronica\\\/2020\\\/08\\\/21\\\/alas-se-expande-de-manera-disruptiva\\\/#breadcrumb\",\"itemListElement\":[{\"@type\":\"ListItem\",\"position\":1,\"name\":\"Portada\",\"item\":\"https:\\\/\\\/infoseguridadit.com\\\/electronica\\\/\"},{\"@type\":\"ListItem\",\"position\":2,\"name\":\"ALAS se expande de manera disruptiva.\"}]},{\"@type\":\"WebSite\",\"@id\":\"https:\\\/\\\/infoseguridadit.com\\\/electronica\\\/#website\",\"url\":\"https:\\\/\\\/infoseguridadit.com\\\/electronica\\\/\",\"name\":\"InfoSeguridadIT\",\"description\":\"InfoSeguridadIT es un portal de noticias sobre tecnolog\u00eda y seguridad electr\u00f3nica dirigido a Integradores, Distribuidores, Importadores, Fabricantes, etc.\",\"publisher\":{\"@id\":\"https:\\\/\\\/infoseguridadit.com\\\/electronica\\\/#organization\"},\"potentialAction\":[{\"@type\":\"SearchAction\",\"target\":{\"@type\":\"EntryPoint\",\"urlTemplate\":\"https:\\\/\\\/infoseguridadit.com\\\/electronica\\\/?s={search_term_string}\"},\"query-input\":{\"@type\":\"PropertyValueSpecification\",\"valueRequired\":true,\"valueName\":\"search_term_string\"}}],\"inLanguage\":\"es\"},{\"@type\":\"Organization\",\"@id\":\"https:\\\/\\\/infoseguridadit.com\\\/electronica\\\/#organization\",\"name\":\"InfoSeguridadIT\",\"url\":\"https:\\\/\\\/infoseguridadit.com\\\/electronica\\\/\",\"logo\":{\"@type\":\"ImageObject\",\"inLanguage\":\"es\",\"@id\":\"https:\\\/\\\/infoseguridadit.com\\\/electronica\\\/#\\\/schema\\\/logo\\\/image\\\/\",\"url\":\"http:\\\/\\\/infoseguridadit.com\\\/electronica\\\/wp-content\\\/uploads\\\/2023\\\/10\\\/cropped-logo-isit-latam-low-b.png\",\"contentUrl\":\"http:\\\/\\\/infoseguridadit.com\\\/electronica\\\/wp-content\\\/uploads\\\/2023\\\/10\\\/cropped-logo-isit-latam-low-b.png\",\"width\":400,\"height\":111,\"caption\":\"InfoSeguridadIT\"},\"image\":{\"@id\":\"https:\\\/\\\/infoseguridadit.com\\\/electronica\\\/#\\\/schema\\\/logo\\\/image\\\/\"},\"sameAs\":[\"https:\\\/\\\/www.facebook.com\\\/Infoseguridadit\",\"https:\\\/\\\/x.com\\\/gremioseguridad\",\"https:\\\/\\\/www.instagram.com\\\/infoseguridadit\\\/\",\"https:\\\/\\\/www.linkedin.com\\\/in\\\/ramiro-de-rosa--7879a99\\\/\"]},{\"@type\":\"Person\",\"@id\":\"https:\\\/\\\/infoseguridadit.com\\\/electronica\\\/#\\\/schema\\\/person\\\/ebbcebab56199bc170ca93cc17e06b80\",\"name\":\"InfoSeguridadIT\",\"image\":{\"@type\":\"ImageObject\",\"inLanguage\":\"es\",\"@id\":\"https:\\\/\\\/secure.gravatar.com\\\/avatar\\\/f65dac9718ad877804b6a3fb5a58ca3238715fb7957e908f214fc5d6161d758f?s=96&d=mm&r=g\",\"url\":\"https:\\\/\\\/secure.gravatar.com\\\/avatar\\\/f65dac9718ad877804b6a3fb5a58ca3238715fb7957e908f214fc5d6161d758f?s=96&d=mm&r=g\",\"contentUrl\":\"https:\\\/\\\/secure.gravatar.com\\\/avatar\\\/f65dac9718ad877804b6a3fb5a58ca3238715fb7957e908f214fc5d6161d758f?s=96&d=mm&r=g\",\"caption\":\"InfoSeguridadIT\"},\"sameAs\":[\"https:\\\/\\\/infoseguridadit.com\\\/electronica\\\/\",\"https:\\\/\\\/www.facebook.com\\\/Infoseguridadit\\\/\",\"https:\\\/\\\/www.instagram.com\\\/infoseguridadit\"],\"url\":\"https:\\\/\\\/infoseguridadit.com\\\/electronica\\\/author\\\/ramiroderosa\\\/\"}]}<\/script>\n<!-- \/ Yoast SEO plugin. -->","yoast_head_json":{"title":"ALAS se expande de manera disruptiva. - InfoSeguridadIT","robots":{"index":"index","follow":"follow","max-snippet":"max-snippet:-1","max-image-preview":"max-image-preview:large","max-video-preview":"max-video-preview:-1"},"canonical":"https:\/\/infoseguridadit.com\/electronica\/2020\/08\/21\/alas-se-expande-de-manera-disruptiva\/","og_locale":"es_ES","og_type":"article","og_title":"ALAS se expande de manera disruptiva. - InfoSeguridadIT","og_description":"ALAS, la Asociaci\u00f3n Latinoamericana de Seguridad, expande sus fronteras, abre el juego y acerca la seguridad, incluso, al usuario final. Por: Ramiro De Rosa, Director de Infogremio Como si se tratara de un commodity (\u00bfacaso no lo es?) ALAS abre sus puertas al usuario final. Esta estrategia, que hace unos a\u00f1os habr\u00eda sido cuestionable, hoy [&hellip;]","og_url":"https:\/\/infoseguridadit.com\/electronica\/2020\/08\/21\/alas-se-expande-de-manera-disruptiva\/","og_site_name":"InfoSeguridadIT","article_publisher":"https:\/\/www.facebook.com\/Infoseguridadit","article_author":"https:\/\/www.facebook.com\/Infoseguridadit\/","article_published_time":"2020-08-21T17:41:52+00:00","article_modified_time":"2020-08-21T18:01:15+00:00","og_image":[{"width":1280,"height":960,"url":"https:\/\/i0.wp.com\/infoseguridadit.com\/electronica\/wp-content\/uploads\/2020\/08\/875e6663-dfd8-4dd7-bcb3-0ccdc13149e3.jpeg?fit=1280%2C960&ssl=1","type":"image\/jpeg"}],"author":"InfoSeguridadIT","twitter_card":"summary_large_image","twitter_creator":"@gremioseguridad","twitter_site":"@gremioseguridad","twitter_misc":{"Escrito por":"InfoSeguridadIT","Tiempo de lectura":"4 minutos"},"schema":{"@context":"https:\/\/schema.org","@graph":[{"@type":"Article","@id":"https:\/\/infoseguridadit.com\/electronica\/2020\/08\/21\/alas-se-expande-de-manera-disruptiva\/#article","isPartOf":{"@id":"https:\/\/infoseguridadit.com\/electronica\/2020\/08\/21\/alas-se-expande-de-manera-disruptiva\/"},"author":{"name":"InfoSeguridadIT","@id":"https:\/\/infoseguridadit.com\/electronica\/#\/schema\/person\/ebbcebab56199bc170ca93cc17e06b80"},"headline":"ALAS se expande de manera disruptiva.","datePublished":"2020-08-21T17:41:52+00:00","dateModified":"2020-08-21T18:01:15+00:00","mainEntityOfPage":{"@id":"https:\/\/infoseguridadit.com\/electronica\/2020\/08\/21\/alas-se-expande-de-manera-disruptiva\/"},"wordCount":787,"publisher":{"@id":"https:\/\/infoseguridadit.com\/electronica\/#organization"},"image":{"@id":"https:\/\/infoseguridadit.com\/electronica\/2020\/08\/21\/alas-se-expande-de-manera-disruptiva\/#primaryimage"},"thumbnailUrl":"https:\/\/infoseguridadit.com\/electronica\/wp-content\/uploads\/2020\/08\/875e6663-dfd8-4dd7-bcb3-0ccdc13149e3.jpeg","keywords":["alas","cumbre gerencial alas","Feria digital ALAS"],"articleSection":["Informes"],"inLanguage":"es"},{"@type":"WebPage","@id":"https:\/\/infoseguridadit.com\/electronica\/2020\/08\/21\/alas-se-expande-de-manera-disruptiva\/","url":"https:\/\/infoseguridadit.com\/electronica\/2020\/08\/21\/alas-se-expande-de-manera-disruptiva\/","name":"ALAS se expande de manera disruptiva. - InfoSeguridadIT","isPartOf":{"@id":"https:\/\/infoseguridadit.com\/electronica\/#website"},"primaryImageOfPage":{"@id":"https:\/\/infoseguridadit.com\/electronica\/2020\/08\/21\/alas-se-expande-de-manera-disruptiva\/#primaryimage"},"image":{"@id":"https:\/\/infoseguridadit.com\/electronica\/2020\/08\/21\/alas-se-expande-de-manera-disruptiva\/#primaryimage"},"thumbnailUrl":"https:\/\/infoseguridadit.com\/electronica\/wp-content\/uploads\/2020\/08\/875e6663-dfd8-4dd7-bcb3-0ccdc13149e3.jpeg","datePublished":"2020-08-21T17:41:52+00:00","dateModified":"2020-08-21T18:01:15+00:00","breadcrumb":{"@id":"https:\/\/infoseguridadit.com\/electronica\/2020\/08\/21\/alas-se-expande-de-manera-disruptiva\/#breadcrumb"},"inLanguage":"es","potentialAction":[{"@type":"ReadAction","target":["https:\/\/infoseguridadit.com\/electronica\/2020\/08\/21\/alas-se-expande-de-manera-disruptiva\/"]}]},{"@type":"ImageObject","inLanguage":"es","@id":"https:\/\/infoseguridadit.com\/electronica\/2020\/08\/21\/alas-se-expande-de-manera-disruptiva\/#primaryimage","url":"https:\/\/infoseguridadit.com\/electronica\/wp-content\/uploads\/2020\/08\/875e6663-dfd8-4dd7-bcb3-0ccdc13149e3.jpeg","contentUrl":"https:\/\/infoseguridadit.com\/electronica\/wp-content\/uploads\/2020\/08\/875e6663-dfd8-4dd7-bcb3-0ccdc13149e3.jpeg","width":1280,"height":960,"caption":"daniel banda infogremio softguard alas"},{"@type":"BreadcrumbList","@id":"https:\/\/infoseguridadit.com\/electronica\/2020\/08\/21\/alas-se-expande-de-manera-disruptiva\/#breadcrumb","itemListElement":[{"@type":"ListItem","position":1,"name":"Portada","item":"https:\/\/infoseguridadit.com\/electronica\/"},{"@type":"ListItem","position":2,"name":"ALAS se expande de manera disruptiva."}]},{"@type":"WebSite","@id":"https:\/\/infoseguridadit.com\/electronica\/#website","url":"https:\/\/infoseguridadit.com\/electronica\/","name":"InfoSeguridadIT","description":"InfoSeguridadIT es un portal de noticias sobre tecnolog\u00eda y seguridad electr\u00f3nica dirigido a Integradores, Distribuidores, Importadores, Fabricantes, etc.","publisher":{"@id":"https:\/\/infoseguridadit.com\/electronica\/#organization"},"potentialAction":[{"@type":"SearchAction","target":{"@type":"EntryPoint","urlTemplate":"https:\/\/infoseguridadit.com\/electronica\/?s={search_term_string}"},"query-input":{"@type":"PropertyValueSpecification","valueRequired":true,"valueName":"search_term_string"}}],"inLanguage":"es"},{"@type":"Organization","@id":"https:\/\/infoseguridadit.com\/electronica\/#organization","name":"InfoSeguridadIT","url":"https:\/\/infoseguridadit.com\/electronica\/","logo":{"@type":"ImageObject","inLanguage":"es","@id":"https:\/\/infoseguridadit.com\/electronica\/#\/schema\/logo\/image\/","url":"http:\/\/infoseguridadit.com\/electronica\/wp-content\/uploads\/2023\/10\/cropped-logo-isit-latam-low-b.png","contentUrl":"http:\/\/infoseguridadit.com\/electronica\/wp-content\/uploads\/2023\/10\/cropped-logo-isit-latam-low-b.png","width":400,"height":111,"caption":"InfoSeguridadIT"},"image":{"@id":"https:\/\/infoseguridadit.com\/electronica\/#\/schema\/logo\/image\/"},"sameAs":["https:\/\/www.facebook.com\/Infoseguridadit","https:\/\/x.com\/gremioseguridad","https:\/\/www.instagram.com\/infoseguridadit\/","https:\/\/www.linkedin.com\/in\/ramiro-de-rosa--7879a99\/"]},{"@type":"Person","@id":"https:\/\/infoseguridadit.com\/electronica\/#\/schema\/person\/ebbcebab56199bc170ca93cc17e06b80","name":"InfoSeguridadIT","image":{"@type":"ImageObject","inLanguage":"es","@id":"https:\/\/secure.gravatar.com\/avatar\/f65dac9718ad877804b6a3fb5a58ca3238715fb7957e908f214fc5d6161d758f?s=96&d=mm&r=g","url":"https:\/\/secure.gravatar.com\/avatar\/f65dac9718ad877804b6a3fb5a58ca3238715fb7957e908f214fc5d6161d758f?s=96&d=mm&r=g","contentUrl":"https:\/\/secure.gravatar.com\/avatar\/f65dac9718ad877804b6a3fb5a58ca3238715fb7957e908f214fc5d6161d758f?s=96&d=mm&r=g","caption":"InfoSeguridadIT"},"sameAs":["https:\/\/infoseguridadit.com\/electronica\/","https:\/\/www.facebook.com\/Infoseguridadit\/","https:\/\/www.instagram.com\/infoseguridadit"],"url":"https:\/\/infoseguridadit.com\/electronica\/author\/ramiroderosa\/"}]}},"jetpack_publicize_connections":[],"jetpack_featured_media_url":"https:\/\/infoseguridadit.com\/electronica\/wp-content\/uploads\/2020\/08\/875e6663-dfd8-4dd7-bcb3-0ccdc13149e3.jpeg","jetpack-related-posts":[{"id":13557,"url":"https:\/\/infoseguridadit.com\/electronica\/2022\/09\/28\/la-cumbre-alas\/","url_meta":{"origin":10601,"position":0},"title":"La Cumbre ALAS marca el comienzo de una nueva etapa","author":"InfoSeguridadIT","date":"28 de septiembre de 2022","format":false,"excerpt":"La\u00a0Cumbre ALAS\u00a0en la ciudad de\u00a0Miami y una vuelta recargada despu\u00e9s de un receso de 3 a\u00f1os generado por la pandemia. El evento con dos 2 d\u00edas intensivos de conferencias acad\u00e9micas y debates, se convirti\u00f3 en el escenario perfecto para el\u00a0networking\u00a0presencial tan anhelado luego de tres a\u00f1os en donde muchas empresas\u2026","rel":"","context":"En \u00abInformes\u00bb","block_context":{"text":"Informes","link":"https:\/\/infoseguridadit.com\/electronica\/category\/inf\/"},"img":{"alt_text":"la cumbre alas","src":"https:\/\/i0.wp.com\/infoseguridadit.com\/electronica\/wp-content\/uploads\/2022\/09\/la-cumbre-alas.jpeg?resize=350%2C200&ssl=1","width":350,"height":200,"srcset":"https:\/\/i0.wp.com\/infoseguridadit.com\/electronica\/wp-content\/uploads\/2022\/09\/la-cumbre-alas.jpeg?resize=350%2C200&ssl=1 1x, https:\/\/i0.wp.com\/infoseguridadit.com\/electronica\/wp-content\/uploads\/2022\/09\/la-cumbre-alas.jpeg?resize=525%2C300&ssl=1 1.5x, https:\/\/i0.wp.com\/infoseguridadit.com\/electronica\/wp-content\/uploads\/2022\/09\/la-cumbre-alas.jpeg?resize=700%2C400&ssl=1 2x, https:\/\/i0.wp.com\/infoseguridadit.com\/electronica\/wp-content\/uploads\/2022\/09\/la-cumbre-alas.jpeg?resize=1050%2C600&ssl=1 3x"},"classes":[]},{"id":12368,"url":"https:\/\/infoseguridadit.com\/electronica\/2021\/09\/22\/alas-latam\/","url_meta":{"origin":10601,"position":1},"title":"ALAS, una asociaci\u00f3n que no se detiene y levanta vuelo hacia lo m\u00e1s alto.","author":"InfoSeguridadIT","date":"22 de septiembre de 2021","format":false,"excerpt":"En menos de dos a\u00f1os, la asociaci\u00f3n latinoamericana de seguridad ALAS se expande vertiginosamente aumentando m\u00e1s de 30 % sus miembros y estableciendo en 8 pa\u00edses diferentes comit\u00e9s de trabajo que potencian las relaciones con usuarios finales.\u00a0 ALAS, es sin lugar a dudas la principal comunidad de protagonistas de la\u2026","rel":"","context":"En \u00abActualidad\u00bb","block_context":{"text":"Actualidad","link":"https:\/\/infoseguridadit.com\/electronica\/category\/actualidad\/"},"img":{"alt_text":"","src":"https:\/\/i0.wp.com\/infoseguridadit.com\/electronica\/wp-content\/uploads\/2021\/09\/comites-nacionales-alas.jpeg?resize=350%2C200&ssl=1","width":350,"height":200,"srcset":"https:\/\/i0.wp.com\/infoseguridadit.com\/electronica\/wp-content\/uploads\/2021\/09\/comites-nacionales-alas.jpeg?resize=350%2C200&ssl=1 1x, https:\/\/i0.wp.com\/infoseguridadit.com\/electronica\/wp-content\/uploads\/2021\/09\/comites-nacionales-alas.jpeg?resize=525%2C300&ssl=1 1.5x, https:\/\/i0.wp.com\/infoseguridadit.com\/electronica\/wp-content\/uploads\/2021\/09\/comites-nacionales-alas.jpeg?resize=700%2C400&ssl=1 2x"},"classes":[]},{"id":13012,"url":"https:\/\/infoseguridadit.com\/electronica\/2022\/05\/10\/alas-uruguay\/","url_meta":{"origin":10601,"position":2},"title":"ALAS lo hizo de nuevo, esta vez le toc\u00f3 a Uruguay","author":"InfoSeguridadIT","date":"10 de mayo de 2022","format":false,"excerpt":"ALAS cerr\u00f3 el Encuentro Tecnol\u00f3gico Montevideo 2022 con unos n\u00fameros que no estaban en ninguno de los c\u00e1lculos. Y no porque no se tuvieran fe, sino porque hace veinte d\u00edas, s\u00ed, veinte d\u00edas! estaba todo por hacer. En veinte d\u00edas se arm\u00f3 el comit\u00e9 ALAS Uruguay, se definieron los cargos,\u2026","rel":"","context":"En \u00abInformes\u00bb","block_context":{"text":"Informes","link":"https:\/\/infoseguridadit.com\/electronica\/category\/inf\/"},"img":{"alt_text":"","src":"https:\/\/i0.wp.com\/infoseguridadit.com\/electronica\/wp-content\/uploads\/2022\/05\/et-alas-uruguay-infoseguridadit-2022-05-10-at-12.00.16-PM.jpeg?resize=350%2C200&ssl=1","width":350,"height":200,"srcset":"https:\/\/i0.wp.com\/infoseguridadit.com\/electronica\/wp-content\/uploads\/2022\/05\/et-alas-uruguay-infoseguridadit-2022-05-10-at-12.00.16-PM.jpeg?resize=350%2C200&ssl=1 1x, https:\/\/i0.wp.com\/infoseguridadit.com\/electronica\/wp-content\/uploads\/2022\/05\/et-alas-uruguay-infoseguridadit-2022-05-10-at-12.00.16-PM.jpeg?resize=525%2C300&ssl=1 1.5x, https:\/\/i0.wp.com\/infoseguridadit.com\/electronica\/wp-content\/uploads\/2022\/05\/et-alas-uruguay-infoseguridadit-2022-05-10-at-12.00.16-PM.jpeg?resize=700%2C400&ssl=1 2x, https:\/\/i0.wp.com\/infoseguridadit.com\/electronica\/wp-content\/uploads\/2022\/05\/et-alas-uruguay-infoseguridadit-2022-05-10-at-12.00.16-PM.jpeg?resize=1050%2C600&ssl=1 3x, https:\/\/i0.wp.com\/infoseguridadit.com\/electronica\/wp-content\/uploads\/2022\/05\/et-alas-uruguay-infoseguridadit-2022-05-10-at-12.00.16-PM.jpeg?resize=1400%2C800&ssl=1 4x"},"classes":[]},{"id":12762,"url":"https:\/\/infoseguridadit.com\/electronica\/2022\/04\/09\/encuentro-tecnologico-alas-2022\/","url_meta":{"origin":10601,"position":3},"title":"Encuentro Tecnol\u00f3gico ALAS 2022, el desaf\u00edo de no ser igual","author":"InfoSeguridadIT","date":"9 de abril de 2022","format":false,"excerpt":"Encuentro Tecnol\u00f3gico ALAS 2022, sin duda un nombre con mucho peso. Sin embargo, la nueva normalidad nos obliga a ser distintos. Ya no podremos hacer m\u00e1s de lo mismo. En este nuevo contexto, entrevistamos a Sebasti\u00e1n Cason, CEO en ItegoGPS - Presidente de Comit\u00e9 Alas Argentina (Asociaci\u00f3n Latinoamericana de Seguridad)\u2026","rel":"","context":"En \u00abActualidad\u00bb","block_context":{"text":"Actualidad","link":"https:\/\/infoseguridadit.com\/electronica\/category\/actualidad\/"},"img":{"alt_text":"","src":"https:\/\/i0.wp.com\/infoseguridadit.com\/electronica\/wp-content\/uploads\/2022\/04\/imagen-infoseguridadit-home-alas-et2022.jpg?resize=350%2C200&ssl=1","width":350,"height":200},"classes":[]},{"id":9790,"url":"https:\/\/infoseguridadit.com\/electronica\/2020\/04\/17\/feriadigitalalas\/","url_meta":{"origin":10601,"position":4},"title":"FeriaDigitalALAS culmin\u00f3  con gran \u00e9xito en Argentina","author":"InfoSeguridadIT","date":"17 de abril de 2020","format":false,"excerpt":"FeriaDigitalALAS \u00a1SEGUIMOS CONECTADOS! El impacto del Covid-19 en la industria de la Seguridad\u00a0 Argentina Representantes de diferentes asociaciones, gobierno, analistas y empresarios, analizaron el efecto que est\u00e1 teniendo para la industria de la seguridad en Argentina las medidas de protecci\u00f3n frente al nuevo coronavirus. Analizaron medidas, afectaci\u00f3n para empresas de\u2026","rel":"","context":"En \u00abActualidad\u00bb","block_context":{"text":"Actualidad","link":"https:\/\/infoseguridadit.com\/electronica\/category\/actualidad\/"},"img":{"alt_text":"Feria Digital Alas","src":"https:\/\/i0.wp.com\/infoseguridadit.com\/electronica\/wp-content\/uploads\/2020\/04\/Captura-de-Pantalla-2020-04-13-a-las-13.52.00.png?resize=350%2C200&ssl=1","width":350,"height":200},"classes":[]},{"id":16246,"url":"https:\/\/infoseguridadit.com\/electronica\/2025\/12\/18\/matias-favaro-2\/","url_meta":{"origin":10601,"position":5},"title":"Mat\u00edas F\u00e1varo es el nuevo Presidente del comit\u00e9 argentino de ALAS: una visi\u00f3n de gesti\u00f3n, comunicaci\u00f3n y desarrollo para la seguridad latinoamericana","author":"InfoSeguridadIT","date":"18 de diciembre de 2025","format":false,"excerpt":"Buenos Aires, Diciembre 2025 \u2014 La Asociaci\u00f3n Latinoamericana de Seguridad (ALAS), entidad referente que agrupa a las principales empresas y profesionales de la industria de la seguridad electr\u00f3nica en toda Am\u00e9rica Latina y el Caribe, anunci\u00f3 la designaci\u00f3n de Mat\u00edas F\u00e1varo como nuevo Presidente de su Comit\u00e9 Nacional Argentina. Con\u2026","rel":"","context":"En \u00abActualidad\u00bb","block_context":{"text":"Actualidad","link":"https:\/\/infoseguridadit.com\/electronica\/category\/actualidad\/"},"img":{"alt_text":"favaro alas","src":"https:\/\/i0.wp.com\/infoseguridadit.com\/electronica\/wp-content\/uploads\/2025\/12\/favaro-alas.jpeg?resize=350%2C200&ssl=1","width":350,"height":200,"srcset":"https:\/\/i0.wp.com\/infoseguridadit.com\/electronica\/wp-content\/uploads\/2025\/12\/favaro-alas.jpeg?resize=350%2C200&ssl=1 1x, https:\/\/i0.wp.com\/infoseguridadit.com\/electronica\/wp-content\/uploads\/2025\/12\/favaro-alas.jpeg?resize=525%2C300&ssl=1 1.5x, https:\/\/i0.wp.com\/infoseguridadit.com\/electronica\/wp-content\/uploads\/2025\/12\/favaro-alas.jpeg?resize=700%2C400&ssl=1 2x, https:\/\/i0.wp.com\/infoseguridadit.com\/electronica\/wp-content\/uploads\/2025\/12\/favaro-alas.jpeg?resize=1050%2C600&ssl=1 3x, https:\/\/i0.wp.com\/infoseguridadit.com\/electronica\/wp-content\/uploads\/2025\/12\/favaro-alas.jpeg?resize=1400%2C800&ssl=1 4x"},"classes":[]}],"jetpack_shortlink":"https:\/\/wp.me\/p6cGtH-2KZ","_links":{"self":[{"href":"https:\/\/infoseguridadit.com\/electronica\/wp-json\/wp\/v2\/posts\/10601","targetHints":{"allow":["GET"]}}],"collection":[{"href":"https:\/\/infoseguridadit.com\/electronica\/wp-json\/wp\/v2\/posts"}],"about":[{"href":"https:\/\/infoseguridadit.com\/electronica\/wp-json\/wp\/v2\/types\/post"}],"author":[{"embeddable":true,"href":"https:\/\/infoseguridadit.com\/electronica\/wp-json\/wp\/v2\/users\/1"}],"replies":[{"embeddable":true,"href":"https:\/\/infoseguridadit.com\/electronica\/wp-json\/wp\/v2\/comments?post=10601"}],"version-history":[{"count":17,"href":"https:\/\/infoseguridadit.com\/electronica\/wp-json\/wp\/v2\/posts\/10601\/revisions"}],"predecessor-version":[{"id":10621,"href":"https:\/\/infoseguridadit.com\/electronica\/wp-json\/wp\/v2\/posts\/10601\/revisions\/10621"}],"wp:featuredmedia":[{"embeddable":true,"href":"https:\/\/infoseguridadit.com\/electronica\/wp-json\/wp\/v2\/media\/10605"}],"wp:attachment":[{"href":"https:\/\/infoseguridadit.com\/electronica\/wp-json\/wp\/v2\/media?parent=10601"}],"wp:term":[{"taxonomy":"category","embeddable":true,"href":"https:\/\/infoseguridadit.com\/electronica\/wp-json\/wp\/v2\/categories?post=10601"},{"taxonomy":"post_tag","embeddable":true,"href":"https:\/\/infoseguridadit.com\/electronica\/wp-json\/wp\/v2\/tags?post=10601"}],"curies":[{"name":"wp","href":"https:\/\/api.w.org\/{rel}","templated":true}]}}