{"id":10896,"date":"2020-09-16T13:50:00","date_gmt":"2020-09-16T16:50:00","guid":{"rendered":"http:\/\/gremioseguridad.com\/electronica\/?p=10896"},"modified":"2020-10-01T15:50:53","modified_gmt":"2020-10-01T18:50:53","slug":"nadie-puede-afirmar-que-no-vaya-a-producirse-una-nueva-aceleracion-de-la-pandemia-antes-de-finales-de-ano","status":"publish","type":"post","link":"https:\/\/infoseguridadit.com\/electronica\/2020\/09\/16\/nadie-puede-afirmar-que-no-vaya-a-producirse-una-nueva-aceleracion-de-la-pandemia-antes-de-finales-de-ano\/","title":{"rendered":"\u201cNadie puede afirmar que no vaya a producirse una nueva aceleraci\u00f3n de la pandemia antes de finales de a\u00f1o\u201d"},"content":{"rendered":"\n<p>El pasado junio, el presidente de la Reserva Federal estadounidense (Fed), Jerome Powell, declaraba lo siguiente: \u00abNi siquiera pienso en pensar en subir los tipos\u00bb. La semana pasada, el conocido simposio anual de los grandes bancos centrales, celebrado en Jackson Hole (EE.\u00a0UU.) y que este a\u00f1o tuvo lugar en remoto, le brind\u00f3 la oportunidad de convertir esta postura en la nueva filosof\u00eda oficial del banco central estadounidense: ya no endurecer\u00e1 su pol\u00edtica monetaria ni en un contexto de pleno empleo ni incluso si la inflaci\u00f3n supera el hasta ahora sacrosanto umbral del 2\u00a0%, puesto que este rebasamiento se considerar\u00eda temporal. La Fed aprende as\u00ed las lecciones de los \u00faltimos diez a\u00f1os: resulta evidente que la ca\u00edda del desempleo ya no precede un aumento de la inflaci\u00f3n (la vieja \u00abcurva de Phillips\u00bb, que correlacionaba los dos par\u00e1metros, ya no es de aplicaci\u00f3n), y evitar que la inflaci\u00f3n supere el 2\u00a0% es, en realidad, la mejor manera de ni siquiera acercarse a esta cota, o dicho de otro modo, de que el mandato de la instituci\u00f3n resulte un fracaso.<\/p>\n\n\n\n<div class=\"wp-block-image is-style-default\"><figure class=\"alignright size-large is-resized\"><img loading=\"lazy\" decoding=\"async\" src=\"http:\/\/gremioseguridad.com\/electronica\/wp-content\/uploads\/2020\/10\/Didier-Saint-Georges-\u2013-Managing-Director-y-miembro-del-Comite\u0301-de-Inversiones-Estrate\u0301gicas-de-Carmignac.jpg\" alt=\"Didier Saint-Georges \u2013 Managing Director y miembro del Comite\u0301 de Inversiones Estrate\u0301gicas de Carmignac\" class=\"wp-image-10897\" width=\"174\" height=\"261\" srcset=\"https:\/\/infoseguridadit.com\/electronica\/wp-content\/uploads\/2020\/10\/Didier-Saint-Georges-\u2013-Managing-Director-y-miembro-del-Comite\u0301-de-Inversiones-Estrate\u0301gicas-de-Carmignac.jpg 320w, https:\/\/infoseguridadit.com\/electronica\/wp-content\/uploads\/2020\/10\/Didier-Saint-Georges-\u2013-Managing-Director-y-miembro-del-Comite\u0301-de-Inversiones-Estrate\u0301gicas-de-Carmignac-200x300.jpg 200w\" sizes=\"auto, (max-width: 174px) 100vw, 174px\" \/><figcaption>Didier Saint-Georges \u2013 Managing Director y miembro del Comite\u0301 de Inversiones Estrate\u0301gicas de Carmignac<\/figcaption><\/figure><\/div>\n\n\n\n<p>Por tanto, la denominada \u00abfunci\u00f3n de reacci\u00f3n\u00bb de la pol\u00edtica monetaria estadounidense al desempleo y la inflaci\u00f3n ha cambiado de forma oficial, lo cual no resulta balad\u00ed para todos los economistas y participantes del mercado a escala mundial. Ello garantiza que los tipos de referencia se sit\u00faen en niveles reducidos \u2014sumamente reducidos\u2014 hasta donde alcanza la vista e independientemente de los acontecimientos. Se trata de las consecuencias de este nuevo \u00abapoyo incondicional\u00bb que deber\u00eda llevarnos a reflexi\u00f3n, puesto que conlleva m\u00faltiples ramificaciones.<\/p>\n\n\n\n<p>Si la aplicaci\u00f3n de esta pol\u00edtica monetaria se salda con \u00e9xito, las previsiones de inflaci\u00f3n podr\u00e1n al fin remontar el vuelo tras una d\u00e9cada aletargadas, lo cual es el objetivo que se busca lograr. En este supuesto, los tipos de los mercados de renta fija a largo plazo, es decir a treinta a\u00f1os, reflejar\u00e1n este repunte y, de este modo, la curva de los tipos de inter\u00e9s podr\u00e1 retomar una cierta pendiente alcista. Los bancos podr\u00e1n finalmente reanudar parte de su transformaci\u00f3n y contribuir de manera provechosa a una recuperaci\u00f3n econ\u00f3mica. La evoluci\u00f3n de los mercados de renta fija nos dir\u00e1 r\u00e1pidamente si los mercados otorgan credibilidad a esta hip\u00f3tesis, cuesti\u00f3n que no est\u00e1 en absoluto clara a d\u00eda de hoy, no solo porque el fracaso de los bancos centrales a la hora de reactivar la econom\u00eda e impulsar la inflaci\u00f3n desde hace una d\u00e9cada inspira una confianza muy limitada, sino tambi\u00e9n porque no todo depende de ellos.<\/p>\n\n\n\n<p>As\u00ed, no podemos descartar a\u00fan la posibilidad de que los bancos centrales fracasen estrepitosamente. Nadie puede afirmar que no vaya a producirse una nueva aceleraci\u00f3n de la pandemia antes de finales de a\u00f1o, con las repercusiones que ello tendr\u00eda para la confianza de las empresas y los hogares, y lo que es m\u00e1s importante: las fuerzas deflacionistas a escala mundial se han visto acentuadas por la crisis. As\u00ed, el endeudamiento de las empresas y de los Estados se ha incrementado, y un gran n\u00famero de servicios que hasta la fecha generaban muchos puestos de trabajo han podido experimentar, gracias al confinamiento, la ventaja competitiva que brindan unas soluciones tecnol\u00f3gicas deflacionistas por naturaleza.<\/p>\n\n\n\n<p>Sin embargo, existe otro supuesto que los mercados desconocen por el momento y que dotar\u00eda de pleno sentido a las declaraciones de Jerome Powell. En efecto, no solo no podemos descartar que se logren avances decisivos a corto plazo en las m\u00faltiples investigaciones sobre vacunas contra el virus, del mismo modo que no podemos descartar una segunda oleada de la epidemia, sino que tambi\u00e9n debemos ser conscientes de la extraordinaria magnitud de las pol\u00edticas de reactivaci\u00f3n presupuestaria implementadas. El fracaso de las pol\u00edticas monetarias no convencionales desde hace diez a\u00f1os tambi\u00e9n se debe a que la marea de liquidez que los bancos centrales inyectaron en el sistema a trav\u00e9s de la compra de activos financieros (la denominada relajaci\u00f3n cuantitativa o\u00a0<em>quantitative easing<\/em>) no fue relevada por la implementaci\u00f3n de medidas en la econom\u00eda real por parte de los Gobiernos y los bancos. As\u00ed, el dinero permaneci\u00f3 en el sistema financiero y \u00fanicamente contribuy\u00f3 al crecimiento de los \u00edndices burs\u00e1tiles. En esta ocasi\u00f3n, la situaci\u00f3n resulta completamente diferente. Los propios Gobiernos se han puesto manos a la obra, a costa de unos d\u00e9ficits presupuestarios r\u00e9cord. Adem\u00e1s, en esta ocasi\u00f3n no solo se ha incitado a los bancos a asumir riesgos, sino que el hecho de que el Estado avale sus pr\u00e9stamos les permite al fin atreverse a dar el paso. Esta vez, adem\u00e1s de los bancos, las grandes empresas y los particulares tambi\u00e9n se benefician de las inyecciones de liquidez. As\u00ed, las tasas de ahorro nunca se han situado en cotas tan elevadas. Bastar\u00eda que la confianza regresara para que toda esta masa monetaria propiciase al fin un repunte de la demanda final y de la inversi\u00f3n. De este modo, la garant\u00eda de unos tipos de inter\u00e9s en niveles muy bajos, incluso en esta hip\u00f3tesis de repunte, cobrar\u00eda toda su potencia \u00abreflacionista\u00bb. Bastar\u00eda con eso&#8230;<\/p>\n\n\n\n<p>A d\u00eda de hoy, solo los m\u00e1s intr\u00e9pidos pueden decantarse sin ambages por una de las dos hip\u00f3tesis expuestas: un lento naufragio deflacionista o una recuperaci\u00f3n keynesiana en \u00faltima instancia. Esta incertidumbre justifica que, por ahora, los inversores en renta variable mantengan sus importantes posicionamientos en dos activos antifr\u00e1giles: por un lado, los valores de crecimiento, favorecidos por la crisis sanitaria y poco sensibles a los riesgos econ\u00f3micos y, por otro, el oro, que se ve beneficiado por la incertidumbre y sacar\u00eda partido de un incremento repentino de la inflaci\u00f3n. No obstante, en el contexto actual, debemos monitorizar m\u00e1s que nunca cualquier chispa de recuperaci\u00f3n, puesto que la Fed est\u00e1 ahora dispuesta a a\u00f1adir le\u00f1a al fuego.<\/p>\n\n\n\n<p><strong>Acerca de Carmignac<\/strong><br><a href=\"https:\/\/brand-partners.us17.list-manage.com\/track\/click?u=8e2f65093c69bafddac67084e&amp;id=0d0497472f&amp;e=b8751aae8b\" target=\"_blank\" rel=\"noreferrer noopener\">Carmignac<\/a>\u00a0es una gestora de activos independiente fundada en 1989 y basada en tres principios fundamentales que siguen vigentes en la actualidad: esp\u00edritu emprendedor, visi\u00f3n humana y compromiso activo. Hoy seguimos siendo tan emprendedores como en nuestros inicios. Nuestros gestores de fondos mantienen la libertad y el coraje necesarios para realizar an\u00e1lisis independientes de riesgos, traducirlos en firmes convicciones e implementarlos. Nuestra cultura colaborativa de debate, trabajo sobre el terreno e investigaci\u00f3n interna nos permiten mejorar siempre los an\u00e1lisis de datos con una visi\u00f3n humana, gestionando mejor la complejidad y evaluando los riesgos ocultos. Somos gestores de activos y socios activos, comprometidos con nuestros clientes, ofreciendo transparencia en nuestras decisiones de inversi\u00f3n y haci\u00e9ndonos responsables de ellas. Con un capital perteneciente en su integridad a los gestores de los fondos y nuestro personal, Carmignac es una de las gestoras de activos l\u00edderes del mercado europeo, en el cual opera desde 8 oficinas distintas. Hoy, como a lo largo de toda nuestra historia, seguimos esforz\u00e1ndonos para continuar gestionando de forma activa los ahorros de nuestros clientes a largo plazo.<\/p>\n","protected":false},"excerpt":{"rendered":"<p>El pasado junio, el presidente de la Reserva Federal estadounidense (Fed), Jerome Powell, declaraba lo siguiente: \u00abNi siquiera pienso en pensar en subir los tipos\u00bb. La semana pasada, el conocido simposio anual de los grandes bancos centrales, celebrado en Jackson Hole (EE.\u00a0UU.) y que este a\u00f1o tuvo lugar en remoto, le brind\u00f3 la oportunidad de [&hellip;]<\/p>\n","protected":false},"author":1,"featured_media":10899,"comment_status":"closed","ping_status":"closed","sticky":false,"template":"","format":"standard","meta":{"jetpack_post_was_ever_published":false,"_joinchat":{"view":"no"},"footnotes":"","jetpack_publicize_message":"","jetpack_publicize_feature_enabled":true,"jetpack_social_post_already_shared":true,"jetpack_social_options":{"image_generator_settings":{"template":"highway","default_image_id":0,"font":"","enabled":false},"version":2}},"categories":[66,500],"tags":[499],"class_list":["post-10896","post","type-post","status-publish","format-standard","has-post-thumbnail","hentry","category-actualidad","category-coronavirus","tag-covid-19"],"yoast_head":"<!-- This site is optimized with the Yoast SEO plugin v27.3 - https:\/\/yoast.com\/product\/yoast-seo-wordpress\/ -->\n<title>\u201cNadie puede afirmar que no vaya a producirse una nueva aceleraci\u00f3n de la pandemia antes de finales de a\u00f1o\u201d - InfoSeguridadIT<\/title>\n<meta name=\"robots\" content=\"index, follow, max-snippet:-1, max-image-preview:large, max-video-preview:-1\" \/>\n<link rel=\"canonical\" href=\"https:\/\/infoseguridadit.com\/electronica\/2020\/09\/16\/nadie-puede-afirmar-que-no-vaya-a-producirse-una-nueva-aceleracion-de-la-pandemia-antes-de-finales-de-ano\/\" \/>\n<meta property=\"og:locale\" content=\"es_ES\" \/>\n<meta property=\"og:type\" content=\"article\" \/>\n<meta property=\"og:title\" content=\"\u201cNadie puede afirmar que no vaya a producirse una nueva aceleraci\u00f3n de la pandemia antes de finales de a\u00f1o\u201d - InfoSeguridadIT\" \/>\n<meta property=\"og:description\" content=\"El pasado junio, el presidente de la Reserva Federal estadounidense (Fed), Jerome Powell, declaraba lo siguiente: \u00abNi siquiera pienso en pensar en subir los tipos\u00bb. La semana pasada, el conocido simposio anual de los grandes bancos centrales, celebrado en Jackson Hole (EE.\u00a0UU.) y que este a\u00f1o tuvo lugar en remoto, le brind\u00f3 la oportunidad de [&hellip;]\" \/>\n<meta property=\"og:url\" content=\"https:\/\/infoseguridadit.com\/electronica\/2020\/09\/16\/nadie-puede-afirmar-que-no-vaya-a-producirse-una-nueva-aceleracion-de-la-pandemia-antes-de-finales-de-ano\/\" \/>\n<meta property=\"og:site_name\" content=\"InfoSeguridadIT\" \/>\n<meta property=\"article:publisher\" content=\"https:\/\/www.facebook.com\/Infoseguridadit\" \/>\n<meta property=\"article:author\" content=\"https:\/\/www.facebook.com\/Infoseguridadit\/\" \/>\n<meta property=\"article:published_time\" content=\"2020-09-16T16:50:00+00:00\" \/>\n<meta property=\"article:modified_time\" content=\"2020-10-01T18:50:53+00:00\" \/>\n<meta property=\"og:image\" content=\"https:\/\/i0.wp.com\/infoseguridadit.com\/electronica\/wp-content\/uploads\/2020\/10\/aceleracion-de-la-pandemia.jpg?fit=992%2C558&ssl=1\" \/>\n\t<meta property=\"og:image:width\" content=\"992\" \/>\n\t<meta property=\"og:image:height\" content=\"558\" \/>\n\t<meta property=\"og:image:type\" content=\"image\/jpeg\" \/>\n<meta name=\"author\" content=\"InfoSeguridadIT\" \/>\n<meta name=\"twitter:card\" content=\"summary_large_image\" \/>\n<meta name=\"twitter:creator\" content=\"@gremioseguridad\" \/>\n<meta name=\"twitter:site\" content=\"@gremioseguridad\" \/>\n<meta name=\"twitter:label1\" content=\"Escrito por\" \/>\n\t<meta name=\"twitter:data1\" content=\"InfoSeguridadIT\" \/>\n\t<meta name=\"twitter:label2\" content=\"Tiempo de lectura\" \/>\n\t<meta name=\"twitter:data2\" content=\"6 minutos\" \/>\n<script type=\"application\/ld+json\" class=\"yoast-schema-graph\">{\"@context\":\"https:\\\/\\\/schema.org\",\"@graph\":[{\"@type\":\"Article\",\"@id\":\"https:\\\/\\\/infoseguridadit.com\\\/electronica\\\/2020\\\/09\\\/16\\\/nadie-puede-afirmar-que-no-vaya-a-producirse-una-nueva-aceleracion-de-la-pandemia-antes-de-finales-de-ano\\\/#article\",\"isPartOf\":{\"@id\":\"https:\\\/\\\/infoseguridadit.com\\\/electronica\\\/2020\\\/09\\\/16\\\/nadie-puede-afirmar-que-no-vaya-a-producirse-una-nueva-aceleracion-de-la-pandemia-antes-de-finales-de-ano\\\/\"},\"author\":{\"name\":\"InfoSeguridadIT\",\"@id\":\"https:\\\/\\\/infoseguridadit.com\\\/electronica\\\/#\\\/schema\\\/person\\\/ebbcebab56199bc170ca93cc17e06b80\"},\"headline\":\"\u201cNadie puede afirmar que no vaya a producirse una nueva aceleraci\u00f3n de la pandemia antes de finales de a\u00f1o\u201d\",\"datePublished\":\"2020-09-16T16:50:00+00:00\",\"dateModified\":\"2020-10-01T18:50:53+00:00\",\"mainEntityOfPage\":{\"@id\":\"https:\\\/\\\/infoseguridadit.com\\\/electronica\\\/2020\\\/09\\\/16\\\/nadie-puede-afirmar-que-no-vaya-a-producirse-una-nueva-aceleracion-de-la-pandemia-antes-de-finales-de-ano\\\/\"},\"wordCount\":1263,\"publisher\":{\"@id\":\"https:\\\/\\\/infoseguridadit.com\\\/electronica\\\/#organization\"},\"image\":{\"@id\":\"https:\\\/\\\/infoseguridadit.com\\\/electronica\\\/2020\\\/09\\\/16\\\/nadie-puede-afirmar-que-no-vaya-a-producirse-una-nueva-aceleracion-de-la-pandemia-antes-de-finales-de-ano\\\/#primaryimage\"},\"thumbnailUrl\":\"https:\\\/\\\/infoseguridadit.com\\\/electronica\\\/wp-content\\\/uploads\\\/2020\\\/10\\\/aceleracion-de-la-pandemia.jpg\",\"keywords\":[\"covid-19\"],\"articleSection\":[\"Actualidad\",\"Coronavirus\"],\"inLanguage\":\"es\"},{\"@type\":\"WebPage\",\"@id\":\"https:\\\/\\\/infoseguridadit.com\\\/electronica\\\/2020\\\/09\\\/16\\\/nadie-puede-afirmar-que-no-vaya-a-producirse-una-nueva-aceleracion-de-la-pandemia-antes-de-finales-de-ano\\\/\",\"url\":\"https:\\\/\\\/infoseguridadit.com\\\/electronica\\\/2020\\\/09\\\/16\\\/nadie-puede-afirmar-que-no-vaya-a-producirse-una-nueva-aceleracion-de-la-pandemia-antes-de-finales-de-ano\\\/\",\"name\":\"\u201cNadie puede afirmar que no vaya a producirse una nueva aceleraci\u00f3n de la pandemia antes de finales de a\u00f1o\u201d - InfoSeguridadIT\",\"isPartOf\":{\"@id\":\"https:\\\/\\\/infoseguridadit.com\\\/electronica\\\/#website\"},\"primaryImageOfPage\":{\"@id\":\"https:\\\/\\\/infoseguridadit.com\\\/electronica\\\/2020\\\/09\\\/16\\\/nadie-puede-afirmar-que-no-vaya-a-producirse-una-nueva-aceleracion-de-la-pandemia-antes-de-finales-de-ano\\\/#primaryimage\"},\"image\":{\"@id\":\"https:\\\/\\\/infoseguridadit.com\\\/electronica\\\/2020\\\/09\\\/16\\\/nadie-puede-afirmar-que-no-vaya-a-producirse-una-nueva-aceleracion-de-la-pandemia-antes-de-finales-de-ano\\\/#primaryimage\"},\"thumbnailUrl\":\"https:\\\/\\\/infoseguridadit.com\\\/electronica\\\/wp-content\\\/uploads\\\/2020\\\/10\\\/aceleracion-de-la-pandemia.jpg\",\"datePublished\":\"2020-09-16T16:50:00+00:00\",\"dateModified\":\"2020-10-01T18:50:53+00:00\",\"breadcrumb\":{\"@id\":\"https:\\\/\\\/infoseguridadit.com\\\/electronica\\\/2020\\\/09\\\/16\\\/nadie-puede-afirmar-que-no-vaya-a-producirse-una-nueva-aceleracion-de-la-pandemia-antes-de-finales-de-ano\\\/#breadcrumb\"},\"inLanguage\":\"es\",\"potentialAction\":[{\"@type\":\"ReadAction\",\"target\":[\"https:\\\/\\\/infoseguridadit.com\\\/electronica\\\/2020\\\/09\\\/16\\\/nadie-puede-afirmar-que-no-vaya-a-producirse-una-nueva-aceleracion-de-la-pandemia-antes-de-finales-de-ano\\\/\"]}]},{\"@type\":\"ImageObject\",\"inLanguage\":\"es\",\"@id\":\"https:\\\/\\\/infoseguridadit.com\\\/electronica\\\/2020\\\/09\\\/16\\\/nadie-puede-afirmar-que-no-vaya-a-producirse-una-nueva-aceleracion-de-la-pandemia-antes-de-finales-de-ano\\\/#primaryimage\",\"url\":\"https:\\\/\\\/infoseguridadit.com\\\/electronica\\\/wp-content\\\/uploads\\\/2020\\\/10\\\/aceleracion-de-la-pandemia.jpg\",\"contentUrl\":\"https:\\\/\\\/infoseguridadit.com\\\/electronica\\\/wp-content\\\/uploads\\\/2020\\\/10\\\/aceleracion-de-la-pandemia.jpg\",\"width\":992,\"height\":558},{\"@type\":\"BreadcrumbList\",\"@id\":\"https:\\\/\\\/infoseguridadit.com\\\/electronica\\\/2020\\\/09\\\/16\\\/nadie-puede-afirmar-que-no-vaya-a-producirse-una-nueva-aceleracion-de-la-pandemia-antes-de-finales-de-ano\\\/#breadcrumb\",\"itemListElement\":[{\"@type\":\"ListItem\",\"position\":1,\"name\":\"Portada\",\"item\":\"https:\\\/\\\/infoseguridadit.com\\\/electronica\\\/\"},{\"@type\":\"ListItem\",\"position\":2,\"name\":\"\u201cNadie puede afirmar que no vaya a producirse una nueva aceleraci\u00f3n de la pandemia antes de finales de a\u00f1o\u201d\"}]},{\"@type\":\"WebSite\",\"@id\":\"https:\\\/\\\/infoseguridadit.com\\\/electronica\\\/#website\",\"url\":\"https:\\\/\\\/infoseguridadit.com\\\/electronica\\\/\",\"name\":\"InfoSeguridadIT\",\"description\":\"InfoSeguridadIT es un portal de noticias sobre tecnolog\u00eda y seguridad electr\u00f3nica dirigido a Integradores, Distribuidores, Importadores, Fabricantes, etc.\",\"publisher\":{\"@id\":\"https:\\\/\\\/infoseguridadit.com\\\/electronica\\\/#organization\"},\"potentialAction\":[{\"@type\":\"SearchAction\",\"target\":{\"@type\":\"EntryPoint\",\"urlTemplate\":\"https:\\\/\\\/infoseguridadit.com\\\/electronica\\\/?s={search_term_string}\"},\"query-input\":{\"@type\":\"PropertyValueSpecification\",\"valueRequired\":true,\"valueName\":\"search_term_string\"}}],\"inLanguage\":\"es\"},{\"@type\":\"Organization\",\"@id\":\"https:\\\/\\\/infoseguridadit.com\\\/electronica\\\/#organization\",\"name\":\"InfoSeguridadIT\",\"url\":\"https:\\\/\\\/infoseguridadit.com\\\/electronica\\\/\",\"logo\":{\"@type\":\"ImageObject\",\"inLanguage\":\"es\",\"@id\":\"https:\\\/\\\/infoseguridadit.com\\\/electronica\\\/#\\\/schema\\\/logo\\\/image\\\/\",\"url\":\"http:\\\/\\\/infoseguridadit.com\\\/electronica\\\/wp-content\\\/uploads\\\/2023\\\/10\\\/cropped-logo-isit-latam-low-b.png\",\"contentUrl\":\"http:\\\/\\\/infoseguridadit.com\\\/electronica\\\/wp-content\\\/uploads\\\/2023\\\/10\\\/cropped-logo-isit-latam-low-b.png\",\"width\":400,\"height\":111,\"caption\":\"InfoSeguridadIT\"},\"image\":{\"@id\":\"https:\\\/\\\/infoseguridadit.com\\\/electronica\\\/#\\\/schema\\\/logo\\\/image\\\/\"},\"sameAs\":[\"https:\\\/\\\/www.facebook.com\\\/Infoseguridadit\",\"https:\\\/\\\/x.com\\\/gremioseguridad\",\"https:\\\/\\\/www.instagram.com\\\/infoseguridadit\\\/\",\"https:\\\/\\\/www.linkedin.com\\\/in\\\/ramiro-de-rosa--7879a99\\\/\"]},{\"@type\":\"Person\",\"@id\":\"https:\\\/\\\/infoseguridadit.com\\\/electronica\\\/#\\\/schema\\\/person\\\/ebbcebab56199bc170ca93cc17e06b80\",\"name\":\"InfoSeguridadIT\",\"image\":{\"@type\":\"ImageObject\",\"inLanguage\":\"es\",\"@id\":\"https:\\\/\\\/secure.gravatar.com\\\/avatar\\\/f65dac9718ad877804b6a3fb5a58ca3238715fb7957e908f214fc5d6161d758f?s=96&d=mm&r=g\",\"url\":\"https:\\\/\\\/secure.gravatar.com\\\/avatar\\\/f65dac9718ad877804b6a3fb5a58ca3238715fb7957e908f214fc5d6161d758f?s=96&d=mm&r=g\",\"contentUrl\":\"https:\\\/\\\/secure.gravatar.com\\\/avatar\\\/f65dac9718ad877804b6a3fb5a58ca3238715fb7957e908f214fc5d6161d758f?s=96&d=mm&r=g\",\"caption\":\"InfoSeguridadIT\"},\"sameAs\":[\"https:\\\/\\\/infoseguridadit.com\\\/electronica\\\/\",\"https:\\\/\\\/www.facebook.com\\\/Infoseguridadit\\\/\",\"https:\\\/\\\/www.instagram.com\\\/infoseguridadit\"],\"url\":\"https:\\\/\\\/infoseguridadit.com\\\/electronica\\\/author\\\/ramiroderosa\\\/\"}]}<\/script>\n<!-- \/ Yoast SEO plugin. -->","yoast_head_json":{"title":"\u201cNadie puede afirmar que no vaya a producirse una nueva aceleraci\u00f3n de la pandemia antes de finales de a\u00f1o\u201d - InfoSeguridadIT","robots":{"index":"index","follow":"follow","max-snippet":"max-snippet:-1","max-image-preview":"max-image-preview:large","max-video-preview":"max-video-preview:-1"},"canonical":"https:\/\/infoseguridadit.com\/electronica\/2020\/09\/16\/nadie-puede-afirmar-que-no-vaya-a-producirse-una-nueva-aceleracion-de-la-pandemia-antes-de-finales-de-ano\/","og_locale":"es_ES","og_type":"article","og_title":"\u201cNadie puede afirmar que no vaya a producirse una nueva aceleraci\u00f3n de la pandemia antes de finales de a\u00f1o\u201d - InfoSeguridadIT","og_description":"El pasado junio, el presidente de la Reserva Federal estadounidense (Fed), Jerome Powell, declaraba lo siguiente: \u00abNi siquiera pienso en pensar en subir los tipos\u00bb. La semana pasada, el conocido simposio anual de los grandes bancos centrales, celebrado en Jackson Hole (EE.\u00a0UU.) y que este a\u00f1o tuvo lugar en remoto, le brind\u00f3 la oportunidad de [&hellip;]","og_url":"https:\/\/infoseguridadit.com\/electronica\/2020\/09\/16\/nadie-puede-afirmar-que-no-vaya-a-producirse-una-nueva-aceleracion-de-la-pandemia-antes-de-finales-de-ano\/","og_site_name":"InfoSeguridadIT","article_publisher":"https:\/\/www.facebook.com\/Infoseguridadit","article_author":"https:\/\/www.facebook.com\/Infoseguridadit\/","article_published_time":"2020-09-16T16:50:00+00:00","article_modified_time":"2020-10-01T18:50:53+00:00","og_image":[{"width":992,"height":558,"url":"https:\/\/i0.wp.com\/infoseguridadit.com\/electronica\/wp-content\/uploads\/2020\/10\/aceleracion-de-la-pandemia.jpg?fit=992%2C558&ssl=1","type":"image\/jpeg"}],"author":"InfoSeguridadIT","twitter_card":"summary_large_image","twitter_creator":"@gremioseguridad","twitter_site":"@gremioseguridad","twitter_misc":{"Escrito por":"InfoSeguridadIT","Tiempo de lectura":"6 minutos"},"schema":{"@context":"https:\/\/schema.org","@graph":[{"@type":"Article","@id":"https:\/\/infoseguridadit.com\/electronica\/2020\/09\/16\/nadie-puede-afirmar-que-no-vaya-a-producirse-una-nueva-aceleracion-de-la-pandemia-antes-de-finales-de-ano\/#article","isPartOf":{"@id":"https:\/\/infoseguridadit.com\/electronica\/2020\/09\/16\/nadie-puede-afirmar-que-no-vaya-a-producirse-una-nueva-aceleracion-de-la-pandemia-antes-de-finales-de-ano\/"},"author":{"name":"InfoSeguridadIT","@id":"https:\/\/infoseguridadit.com\/electronica\/#\/schema\/person\/ebbcebab56199bc170ca93cc17e06b80"},"headline":"\u201cNadie puede afirmar que no vaya a producirse una nueva aceleraci\u00f3n de la pandemia antes de finales de a\u00f1o\u201d","datePublished":"2020-09-16T16:50:00+00:00","dateModified":"2020-10-01T18:50:53+00:00","mainEntityOfPage":{"@id":"https:\/\/infoseguridadit.com\/electronica\/2020\/09\/16\/nadie-puede-afirmar-que-no-vaya-a-producirse-una-nueva-aceleracion-de-la-pandemia-antes-de-finales-de-ano\/"},"wordCount":1263,"publisher":{"@id":"https:\/\/infoseguridadit.com\/electronica\/#organization"},"image":{"@id":"https:\/\/infoseguridadit.com\/electronica\/2020\/09\/16\/nadie-puede-afirmar-que-no-vaya-a-producirse-una-nueva-aceleracion-de-la-pandemia-antes-de-finales-de-ano\/#primaryimage"},"thumbnailUrl":"https:\/\/infoseguridadit.com\/electronica\/wp-content\/uploads\/2020\/10\/aceleracion-de-la-pandemia.jpg","keywords":["covid-19"],"articleSection":["Actualidad","Coronavirus"],"inLanguage":"es"},{"@type":"WebPage","@id":"https:\/\/infoseguridadit.com\/electronica\/2020\/09\/16\/nadie-puede-afirmar-que-no-vaya-a-producirse-una-nueva-aceleracion-de-la-pandemia-antes-de-finales-de-ano\/","url":"https:\/\/infoseguridadit.com\/electronica\/2020\/09\/16\/nadie-puede-afirmar-que-no-vaya-a-producirse-una-nueva-aceleracion-de-la-pandemia-antes-de-finales-de-ano\/","name":"\u201cNadie puede afirmar que no vaya a producirse una nueva aceleraci\u00f3n de la pandemia antes de finales de a\u00f1o\u201d - InfoSeguridadIT","isPartOf":{"@id":"https:\/\/infoseguridadit.com\/electronica\/#website"},"primaryImageOfPage":{"@id":"https:\/\/infoseguridadit.com\/electronica\/2020\/09\/16\/nadie-puede-afirmar-que-no-vaya-a-producirse-una-nueva-aceleracion-de-la-pandemia-antes-de-finales-de-ano\/#primaryimage"},"image":{"@id":"https:\/\/infoseguridadit.com\/electronica\/2020\/09\/16\/nadie-puede-afirmar-que-no-vaya-a-producirse-una-nueva-aceleracion-de-la-pandemia-antes-de-finales-de-ano\/#primaryimage"},"thumbnailUrl":"https:\/\/infoseguridadit.com\/electronica\/wp-content\/uploads\/2020\/10\/aceleracion-de-la-pandemia.jpg","datePublished":"2020-09-16T16:50:00+00:00","dateModified":"2020-10-01T18:50:53+00:00","breadcrumb":{"@id":"https:\/\/infoseguridadit.com\/electronica\/2020\/09\/16\/nadie-puede-afirmar-que-no-vaya-a-producirse-una-nueva-aceleracion-de-la-pandemia-antes-de-finales-de-ano\/#breadcrumb"},"inLanguage":"es","potentialAction":[{"@type":"ReadAction","target":["https:\/\/infoseguridadit.com\/electronica\/2020\/09\/16\/nadie-puede-afirmar-que-no-vaya-a-producirse-una-nueva-aceleracion-de-la-pandemia-antes-de-finales-de-ano\/"]}]},{"@type":"ImageObject","inLanguage":"es","@id":"https:\/\/infoseguridadit.com\/electronica\/2020\/09\/16\/nadie-puede-afirmar-que-no-vaya-a-producirse-una-nueva-aceleracion-de-la-pandemia-antes-de-finales-de-ano\/#primaryimage","url":"https:\/\/infoseguridadit.com\/electronica\/wp-content\/uploads\/2020\/10\/aceleracion-de-la-pandemia.jpg","contentUrl":"https:\/\/infoseguridadit.com\/electronica\/wp-content\/uploads\/2020\/10\/aceleracion-de-la-pandemia.jpg","width":992,"height":558},{"@type":"BreadcrumbList","@id":"https:\/\/infoseguridadit.com\/electronica\/2020\/09\/16\/nadie-puede-afirmar-que-no-vaya-a-producirse-una-nueva-aceleracion-de-la-pandemia-antes-de-finales-de-ano\/#breadcrumb","itemListElement":[{"@type":"ListItem","position":1,"name":"Portada","item":"https:\/\/infoseguridadit.com\/electronica\/"},{"@type":"ListItem","position":2,"name":"\u201cNadie puede afirmar que no vaya a producirse una nueva aceleraci\u00f3n de la pandemia antes de finales de a\u00f1o\u201d"}]},{"@type":"WebSite","@id":"https:\/\/infoseguridadit.com\/electronica\/#website","url":"https:\/\/infoseguridadit.com\/electronica\/","name":"InfoSeguridadIT","description":"InfoSeguridadIT es un portal de noticias sobre tecnolog\u00eda y seguridad electr\u00f3nica dirigido a Integradores, Distribuidores, Importadores, Fabricantes, etc.","publisher":{"@id":"https:\/\/infoseguridadit.com\/electronica\/#organization"},"potentialAction":[{"@type":"SearchAction","target":{"@type":"EntryPoint","urlTemplate":"https:\/\/infoseguridadit.com\/electronica\/?s={search_term_string}"},"query-input":{"@type":"PropertyValueSpecification","valueRequired":true,"valueName":"search_term_string"}}],"inLanguage":"es"},{"@type":"Organization","@id":"https:\/\/infoseguridadit.com\/electronica\/#organization","name":"InfoSeguridadIT","url":"https:\/\/infoseguridadit.com\/electronica\/","logo":{"@type":"ImageObject","inLanguage":"es","@id":"https:\/\/infoseguridadit.com\/electronica\/#\/schema\/logo\/image\/","url":"http:\/\/infoseguridadit.com\/electronica\/wp-content\/uploads\/2023\/10\/cropped-logo-isit-latam-low-b.png","contentUrl":"http:\/\/infoseguridadit.com\/electronica\/wp-content\/uploads\/2023\/10\/cropped-logo-isit-latam-low-b.png","width":400,"height":111,"caption":"InfoSeguridadIT"},"image":{"@id":"https:\/\/infoseguridadit.com\/electronica\/#\/schema\/logo\/image\/"},"sameAs":["https:\/\/www.facebook.com\/Infoseguridadit","https:\/\/x.com\/gremioseguridad","https:\/\/www.instagram.com\/infoseguridadit\/","https:\/\/www.linkedin.com\/in\/ramiro-de-rosa--7879a99\/"]},{"@type":"Person","@id":"https:\/\/infoseguridadit.com\/electronica\/#\/schema\/person\/ebbcebab56199bc170ca93cc17e06b80","name":"InfoSeguridadIT","image":{"@type":"ImageObject","inLanguage":"es","@id":"https:\/\/secure.gravatar.com\/avatar\/f65dac9718ad877804b6a3fb5a58ca3238715fb7957e908f214fc5d6161d758f?s=96&d=mm&r=g","url":"https:\/\/secure.gravatar.com\/avatar\/f65dac9718ad877804b6a3fb5a58ca3238715fb7957e908f214fc5d6161d758f?s=96&d=mm&r=g","contentUrl":"https:\/\/secure.gravatar.com\/avatar\/f65dac9718ad877804b6a3fb5a58ca3238715fb7957e908f214fc5d6161d758f?s=96&d=mm&r=g","caption":"InfoSeguridadIT"},"sameAs":["https:\/\/infoseguridadit.com\/electronica\/","https:\/\/www.facebook.com\/Infoseguridadit\/","https:\/\/www.instagram.com\/infoseguridadit"],"url":"https:\/\/infoseguridadit.com\/electronica\/author\/ramiroderosa\/"}]}},"jetpack_publicize_connections":[],"jetpack_featured_media_url":"https:\/\/infoseguridadit.com\/electronica\/wp-content\/uploads\/2020\/10\/aceleracion-de-la-pandemia.jpg","jetpack-related-posts":[{"id":13654,"url":"https:\/\/infoseguridadit.com\/electronica\/2022\/10\/15\/vertiv-4\/","url_meta":{"origin":10896,"position":0},"title":"Vertiv publica la Gu\u00eda para la sostenibilidad del centro de datos","author":"InfoSeguridadIT","date":"15 de octubre de 2022","format":false,"excerpt":"Vertiv, un proveedor global de infraestructura digital cr\u00edtica y soluciones de continuidad, public\u00f3 su\u00a0Gu\u00eda para la sostenibilidad del centro de datos, un recurso en l\u00ednea para aquellos propietarios y operadores de centros de datos que buscan reducir el impacto ambiental de sus instalaciones. Seg\u00fan un informe de la\u00a0Agencia Internacional de\u2026","rel":"","context":"En \u00abInformes\u00bb","block_context":{"text":"Informes","link":"https:\/\/infoseguridadit.com\/electronica\/category\/inf\/"},"img":{"alt_text":"vertiv","src":"https:\/\/i0.wp.com\/infoseguridadit.com\/electronica\/wp-content\/uploads\/2022\/10\/vertiv.jpg?resize=350%2C200&ssl=1","width":350,"height":200,"srcset":"https:\/\/i0.wp.com\/infoseguridadit.com\/electronica\/wp-content\/uploads\/2022\/10\/vertiv.jpg?resize=350%2C200&ssl=1 1x, https:\/\/i0.wp.com\/infoseguridadit.com\/electronica\/wp-content\/uploads\/2022\/10\/vertiv.jpg?resize=525%2C300&ssl=1 1.5x, https:\/\/i0.wp.com\/infoseguridadit.com\/electronica\/wp-content\/uploads\/2022\/10\/vertiv.jpg?resize=700%2C400&ssl=1 2x, https:\/\/i0.wp.com\/infoseguridadit.com\/electronica\/wp-content\/uploads\/2022\/10\/vertiv.jpg?resize=1050%2C600&ssl=1 3x, https:\/\/i0.wp.com\/infoseguridadit.com\/electronica\/wp-content\/uploads\/2022\/10\/vertiv.jpg?resize=1400%2C800&ssl=1 4x"},"classes":[]},{"id":12255,"url":"https:\/\/infoseguridadit.com\/electronica\/2021\/09\/02\/que-es-wi-fi-6-y-por-que-es-importante\/","url_meta":{"origin":10896,"position":1},"title":"\u00bfQu\u00e9 es WI-FI 6 y por qu\u00e9 es importante?","author":"InfoSeguridadIT","date":"2 de septiembre de 2021","format":false,"excerpt":"Esta tecnolog\u00eda de acceso inal\u00e1mbrico est\u00e1 en permanente evoluci\u00f3n y es, posiblemente, la tecnolog\u00eda m\u00e1s utilizada para el acceso a servicios de Internet. Las\u00a0cifras de 2021\u00a0muestran 16.400 millones de dispositivos en uso y m\u00e1s de 500 millones de puntos de acceso Wi-Fi p\u00fablicos distribuidos alrededor del globo. Adem\u00e1s, m\u00e1s del\u2026","rel":"","context":"En \u00abInformes\u00bb","block_context":{"text":"Informes","link":"https:\/\/infoseguridadit.com\/electronica\/category\/inf\/"},"img":{"alt_text":"","src":"https:\/\/i0.wp.com\/infoseguridadit.com\/electronica\/wp-content\/uploads\/2021\/09\/Captura-de-Pantalla-2021-09-02-a-las-09.39.30.png?resize=350%2C200&ssl=1","width":350,"height":200,"srcset":"https:\/\/i0.wp.com\/infoseguridadit.com\/electronica\/wp-content\/uploads\/2021\/09\/Captura-de-Pantalla-2021-09-02-a-las-09.39.30.png?resize=350%2C200&ssl=1 1x, https:\/\/i0.wp.com\/infoseguridadit.com\/electronica\/wp-content\/uploads\/2021\/09\/Captura-de-Pantalla-2021-09-02-a-las-09.39.30.png?resize=525%2C300&ssl=1 1.5x, https:\/\/i0.wp.com\/infoseguridadit.com\/electronica\/wp-content\/uploads\/2021\/09\/Captura-de-Pantalla-2021-09-02-a-las-09.39.30.png?resize=700%2C400&ssl=1 2x, https:\/\/i0.wp.com\/infoseguridadit.com\/electronica\/wp-content\/uploads\/2021\/09\/Captura-de-Pantalla-2021-09-02-a-las-09.39.30.png?resize=1050%2C600&ssl=1 3x, https:\/\/i0.wp.com\/infoseguridadit.com\/electronica\/wp-content\/uploads\/2021\/09\/Captura-de-Pantalla-2021-09-02-a-las-09.39.30.png?resize=1400%2C800&ssl=1 4x"},"classes":[]},{"id":15789,"url":"https:\/\/infoseguridadit.com\/electronica\/2025\/10\/07\/domotica\/","url_meta":{"origin":10896,"position":2},"title":"Dom\u00f3tica, asistentes virtuales e IoT: la nueva frontera entre confort y seguridad","author":"InfoSeguridadIT","date":"7 de octubre de 2025","format":false,"excerpt":"Dom\u00f3tica y la integraci\u00f3n tecnol\u00f3gica redefine la seguridad del hogar.Los sistemas de control de accesos y alarmas dejaron de ser soluciones aisladas: hoy se comunican con asistentes virtuales, sensores IoT y dispositivos inteligentes que elevan la experiencia del usuario y abren nuevas oportunidades para los integradores. De los sistemas cerrados\u2026","rel":"","context":"En \u00abIntegracion\u00bb","block_context":{"text":"Integracion","link":"https:\/\/infoseguridadit.com\/electronica\/category\/integracion\/"},"img":{"alt_text":"Domo\u0301tica infoseguridad","src":"https:\/\/i0.wp.com\/infoseguridadit.com\/electronica\/wp-content\/uploads\/2025\/10\/Domotica-infoseguridad.jpg?resize=350%2C200&ssl=1","width":350,"height":200,"srcset":"https:\/\/i0.wp.com\/infoseguridadit.com\/electronica\/wp-content\/uploads\/2025\/10\/Domotica-infoseguridad.jpg?resize=350%2C200&ssl=1 1x, https:\/\/i0.wp.com\/infoseguridadit.com\/electronica\/wp-content\/uploads\/2025\/10\/Domotica-infoseguridad.jpg?resize=525%2C300&ssl=1 1.5x, https:\/\/i0.wp.com\/infoseguridadit.com\/electronica\/wp-content\/uploads\/2025\/10\/Domotica-infoseguridad.jpg?resize=700%2C400&ssl=1 2x"},"classes":[]},{"id":13174,"url":"https:\/\/infoseguridadit.com\/electronica\/2022\/06\/02\/garnet-technology\/","url_meta":{"origin":10896,"position":3},"title":"GARNET TECHNOLOGY, soluciones de seguridad desde la experiencia y la innovaci\u00f3n","author":"InfoSeguridadIT","date":"2 de junio de 2022","format":false,"excerpt":"Garnet Technology\u00a0contin\u00faa el 2022 con grandes cambios y renovaciones para desarrollar todas las \u00e1reas de la compa\u00f1\u00eda. Nuevos productos y capacitaciones fortalecen el crecimiento y la expansi\u00f3n que no tiene l\u00edmites ni fronteras. Garnet. Dise\u00f1o, tecnolog\u00eda e innovaci\u00f3n https:\/\/www.youtube.com\/watch?v=aX9fnytrosY&t=1s Sin dudas para toda empresa en expansi\u00f3n, uno de los desaf\u00edos\u2026","rel":"","context":"En \u00abInformes\u00bb","block_context":{"text":"Informes","link":"https:\/\/infoseguridadit.com\/electronica\/category\/inf\/"},"img":{"alt_text":"","src":"https:\/\/i0.wp.com\/infoseguridadit.com\/electronica\/wp-content\/uploads\/2022\/06\/garnet-infoseguridadit-c.jpeg?resize=350%2C200&ssl=1","width":350,"height":200,"srcset":"https:\/\/i0.wp.com\/infoseguridadit.com\/electronica\/wp-content\/uploads\/2022\/06\/garnet-infoseguridadit-c.jpeg?resize=350%2C200&ssl=1 1x, https:\/\/i0.wp.com\/infoseguridadit.com\/electronica\/wp-content\/uploads\/2022\/06\/garnet-infoseguridadit-c.jpeg?resize=525%2C300&ssl=1 1.5x, https:\/\/i0.wp.com\/infoseguridadit.com\/electronica\/wp-content\/uploads\/2022\/06\/garnet-infoseguridadit-c.jpeg?resize=700%2C400&ssl=1 2x, https:\/\/i0.wp.com\/infoseguridadit.com\/electronica\/wp-content\/uploads\/2022\/06\/garnet-infoseguridadit-c.jpeg?resize=1050%2C600&ssl=1 3x"},"classes":[]},{"id":14251,"url":"https:\/\/infoseguridadit.com\/electronica\/2023\/06\/19\/enfriamiento-liquido\/","url_meta":{"origin":10896,"position":4},"title":"Enfriamiento l\u00edquido: el futuro de los centros de datos","author":"InfoSeguridadIT","date":"19 de junio de 2023","format":false,"excerpt":"La inteligencia artificial (AI), la automatizaci\u00f3n, la computaci\u00f3n de alto rendimiento (HPC) y el aprendizaje autom\u00e1tico aumentan la demanda en el procesamiento, lo cual resulta en mayores densidades de calor por chip. Esto hace que los servidores generen m\u00e1s calor que debe eliminarse y, en algunas aplicaciones, el calor generado\u2026","rel":"","context":"En \u00abInformes\u00bb","block_context":{"text":"Informes","link":"https:\/\/infoseguridadit.com\/electronica\/category\/inf\/"},"img":{"alt_text":"","src":"https:\/\/i0.wp.com\/infoseguridadit.com\/electronica\/wp-content\/uploads\/2023\/06\/enfriamiento-li%CC%81quido.jpeg?resize=350%2C200&ssl=1","width":350,"height":200,"srcset":"https:\/\/i0.wp.com\/infoseguridadit.com\/electronica\/wp-content\/uploads\/2023\/06\/enfriamiento-li%CC%81quido.jpeg?resize=350%2C200&ssl=1 1x, https:\/\/i0.wp.com\/infoseguridadit.com\/electronica\/wp-content\/uploads\/2023\/06\/enfriamiento-li%CC%81quido.jpeg?resize=525%2C300&ssl=1 1.5x, https:\/\/i0.wp.com\/infoseguridadit.com\/electronica\/wp-content\/uploads\/2023\/06\/enfriamiento-li%CC%81quido.jpeg?resize=700%2C400&ssl=1 2x, https:\/\/i0.wp.com\/infoseguridadit.com\/electronica\/wp-content\/uploads\/2023\/06\/enfriamiento-li%CC%81quido.jpeg?resize=1050%2C600&ssl=1 3x"},"classes":[]},{"id":15973,"url":"https:\/\/infoseguridadit.com\/electronica\/2025\/11\/12\/inteligencia-de-video\/","url_meta":{"origin":10896,"position":5},"title":"La nueva oportunidad del integrador: del video de seguridad al negocio inteligente","author":"InfoSeguridadIT","date":"12 de noviembre de 2025","format":false,"excerpt":"Inteligencia de video, durante a\u00f1os, los sistemas de videovigilancia se vendieron con un \u00fanico prop\u00f3sito: prevenir incidentes y registrar evidencia. Pero la tecnolog\u00eda avanz\u00f3, y con ella, las oportunidades. Hoy, gracias a la visi\u00f3n por computadora, el integrador puede transformar cada c\u00e1mara instalada en un cliente en una fuente de\u2026","rel":"","context":"En \u00abActualidad\u00bb","block_context":{"text":"Actualidad","link":"https:\/\/infoseguridadit.com\/electronica\/category\/actualidad\/"},"img":{"alt_text":"inteligencia de video","src":"https:\/\/i0.wp.com\/infoseguridadit.com\/electronica\/wp-content\/uploads\/2025\/11\/netcamara.jpeg?resize=350%2C200&ssl=1","width":350,"height":200,"srcset":"https:\/\/i0.wp.com\/infoseguridadit.com\/electronica\/wp-content\/uploads\/2025\/11\/netcamara.jpeg?resize=350%2C200&ssl=1 1x, https:\/\/i0.wp.com\/infoseguridadit.com\/electronica\/wp-content\/uploads\/2025\/11\/netcamara.jpeg?resize=525%2C300&ssl=1 1.5x, https:\/\/i0.wp.com\/infoseguridadit.com\/electronica\/wp-content\/uploads\/2025\/11\/netcamara.jpeg?resize=700%2C400&ssl=1 2x, https:\/\/i0.wp.com\/infoseguridadit.com\/electronica\/wp-content\/uploads\/2025\/11\/netcamara.jpeg?resize=1050%2C600&ssl=1 3x"},"classes":[]}],"jetpack_shortlink":"https:\/\/wp.me\/p6cGtH-2PK","_links":{"self":[{"href":"https:\/\/infoseguridadit.com\/electronica\/wp-json\/wp\/v2\/posts\/10896","targetHints":{"allow":["GET"]}}],"collection":[{"href":"https:\/\/infoseguridadit.com\/electronica\/wp-json\/wp\/v2\/posts"}],"about":[{"href":"https:\/\/infoseguridadit.com\/electronica\/wp-json\/wp\/v2\/types\/post"}],"author":[{"embeddable":true,"href":"https:\/\/infoseguridadit.com\/electronica\/wp-json\/wp\/v2\/users\/1"}],"replies":[{"embeddable":true,"href":"https:\/\/infoseguridadit.com\/electronica\/wp-json\/wp\/v2\/comments?post=10896"}],"version-history":[{"count":1,"href":"https:\/\/infoseguridadit.com\/electronica\/wp-json\/wp\/v2\/posts\/10896\/revisions"}],"predecessor-version":[{"id":10900,"href":"https:\/\/infoseguridadit.com\/electronica\/wp-json\/wp\/v2\/posts\/10896\/revisions\/10900"}],"wp:featuredmedia":[{"embeddable":true,"href":"https:\/\/infoseguridadit.com\/electronica\/wp-json\/wp\/v2\/media\/10899"}],"wp:attachment":[{"href":"https:\/\/infoseguridadit.com\/electronica\/wp-json\/wp\/v2\/media?parent=10896"}],"wp:term":[{"taxonomy":"category","embeddable":true,"href":"https:\/\/infoseguridadit.com\/electronica\/wp-json\/wp\/v2\/categories?post=10896"},{"taxonomy":"post_tag","embeddable":true,"href":"https:\/\/infoseguridadit.com\/electronica\/wp-json\/wp\/v2\/tags?post=10896"}],"curies":[{"name":"wp","href":"https:\/\/api.w.org\/{rel}","templated":true}]}}