{"id":11131,"date":"2020-11-16T15:30:54","date_gmt":"2020-11-16T18:30:54","guid":{"rendered":"http:\/\/gremioseguridad.com\/electronica\/?p=11131"},"modified":"2020-11-16T15:30:55","modified_gmt":"2020-11-16T18:30:55","slug":"vertiv-3","status":"publish","type":"post","link":"https:\/\/infoseguridadit.com\/electronica\/2020\/11\/16\/vertiv-3\/","title":{"rendered":"Vertiv Nombra a Rafael Garrido como Vicepresidente para la Regi\u00f3n de Am\u00e9rica Latina"},"content":{"rendered":"\n<p>Garrido aportar\u00e1 su experiencia tecnol\u00f3gica y liderazgo en este destacado puesto de Vertiv en la regi\u00f3n<\/p>\n\n\n\n<div class=\"wp-block-image\"><figure class=\"alignright size-large is-resized\"><img loading=\"lazy\" decoding=\"async\" src=\"http:\/\/gremioseguridad.com\/electronica\/wp-content\/uploads\/2020\/11\/Rafael_Garrido.jpg\" alt=\"vertiv\" class=\"wp-image-11132\" width=\"314\" height=\"264\" srcset=\"https:\/\/infoseguridadit.com\/electronica\/wp-content\/uploads\/2020\/11\/Rafael_Garrido.jpg 550w, https:\/\/infoseguridadit.com\/electronica\/wp-content\/uploads\/2020\/11\/Rafael_Garrido-300x252.jpg 300w\" sizes=\"auto, (max-width: 314px) 100vw, 314px\" \/><figcaption>vertiv<\/figcaption><\/figure><\/div>\n\n\n\n<p><a href=\"http:\/\/gremioseguridad.com\/electronica\/?s=vertiv\" target=\"_blank\" rel=\"noreferrer noopener\">El proveedor global <\/a>de <a href=\"https:\/\/www.vertiv.com\/es-latam\/\" target=\"_blank\" rel=\"noreferrer noopener\">soluciones de continuidad<\/a> e infraestructura cr\u00edtica digital, anunci\u00f3 el nombramiento de Rafael Garrido como vicepresidente para la regi\u00f3n de Am\u00e9rica Latina. Garrido se desempe\u00f1\u00f3 como gerente nacional en Vertiv Brasil durante los \u00faltimos cuatro a\u00f1os y sustituir\u00e1 a Fernando Garc\u00eda, quien asumir\u00e1 el nuevo puesto de vicepresidente del Canal Global de Vertiv.<\/p>\n\n\n\n<p>En su nuevo rol, Garrido ser\u00e1 responsable de dirigir las operaciones de ventas y servicios, y el desarrollo empresarial en la regi\u00f3n latinoamericana. Con 20 a\u00f1os de trayectoria en Vertiv, Garrido ha contribuido a trazar la ruta de transformaci\u00f3n de la compa\u00f1\u00eda y sus actividades comerciales en Brasil se han vuelto l\u00edderes en el mercado.<\/p>\n\n\n\n<p>&nbsp;\u201cLa aceleraci\u00f3n de la transformaci\u00f3n digital representa un desaf\u00edo fundamental para la infraestructura de misi\u00f3n cr\u00edtica en Am\u00e9rica Latina. Bajo su competente liderazgo, seguiremos ayudando a nuestros clientes a hacer frente a los desaf\u00edos mediante el aporte de soluciones integradas inteligentes que les ofrezcan la flexibilidad, la escalabilidad y la eficiencia extremas que necesitan\u201d, se\u00f1al\u00f3 John Hewitt, presidente de Vertiv en las Am\u00e9ricas.<\/p>\n\n\n\n<p>\u201cEl aprendizaje y el trabajo remotos y otras aplicaciones de misi\u00f3n cr\u00edtica requieren nuevos niveles de conectividad\u201d, indic\u00f3 Rafael Garrido. \u201cVertiv puede ofrecerles a los clientes soluciones innovadoras que proporcionen continuidad y alcancen resultados innovadores \u2014desde el dise\u00f1o y la puesta en marcha hasta la implementaci\u00f3n, el funcionamiento y el mantenimiento\u201d.<\/p>\n\n\n\n<p>Para conocer m\u00e1s sobre las soluciones de servicio y soporte de infraestructura, visite\u00a0la web de la empresa<\/p>\n\n\n\n<h5 class=\"wp-block-heading\"><strong>Sobre Vertiv<\/strong><\/h5>\n\n\n\n<p>Vertiv ofrece hardware, software, an\u00e1lisis y servicios continuos para garantizar que las aplicaciones vitales de sus clientes tengan un funcionamiento ininterrumpido, un rendimiento \u00f3ptimo y un crecimiento conforme a las necesidades de su negocio. Como Arquitectos de la Continuidad, Vertiv resuelve los desaf\u00edos m\u00e1s importantes a los que se enfrentan los centros de datos actuales, las redes de comunicaciones y las instalaciones industriales y comerciales, a trav\u00e9s de una cartera de soluciones y servicios de infraestructura de TI, enfriamiento y potencia, la cual se extiende desde la nube hasta el borde de la red. Con su sede ubicada en Columbus, Ohio, Vertiv emplea aproximadamente a 20.000 trabajadores y ejerce sus actividades en m\u00e1s de 130 pa\u00edses. Para obtener m\u00e1s informaci\u00f3n y conocer las \u00faltimas noticias y contenidos de la empresa, visite su sitio oficial.<\/p>\n\n\n\n<h5 class=\"wp-block-heading\">&nbsp;<\/h5>\n\n\n\n<h5 class=\"wp-block-heading\">&nbsp;<\/h5>\n\n\n\n<h5 class=\"wp-block-heading\"><\/h5>\n\n\n\n<h5 class=\"wp-block-heading\">&nbsp;<\/h5>\n","protected":false},"excerpt":{"rendered":"<p>Garrido aportar\u00e1 su experiencia tecnol\u00f3gica y liderazgo en este destacado puesto de Vertiv en la regi\u00f3n El proveedor global de soluciones de continuidad e infraestructura cr\u00edtica digital, anunci\u00f3 el nombramiento de Rafael Garrido como vicepresidente para la regi\u00f3n de Am\u00e9rica Latina. Garrido se desempe\u00f1\u00f3 como gerente nacional en Vertiv Brasil durante los \u00faltimos cuatro a\u00f1os [&hellip;]<\/p>\n","protected":false},"author":1,"featured_media":11132,"comment_status":"closed","ping_status":"closed","sticky":false,"template":"","format":"standard","meta":{"jetpack_post_was_ever_published":false,"_joinchat":{"view":"no"},"footnotes":"","jetpack_publicize_message":"","jetpack_publicize_feature_enabled":true,"jetpack_social_post_already_shared":true,"jetpack_social_options":{"image_generator_settings":{"template":"highway","default_image_id":0,"font":"","enabled":false},"version":2}},"categories":[519],"tags":[],"class_list":["post-11131","post","type-post","status-publish","format-standard","has-post-thumbnail","hentry","category-infraestructura"],"yoast_head":"<!-- This site is optimized with the Yoast SEO plugin v27.3 - https:\/\/yoast.com\/product\/yoast-seo-wordpress\/ -->\n<title>Vertiv Nombra a Rafael Garrido como Vicepresidente para Latinoamerica<\/title>\n<meta name=\"description\" content=\"Vertiv: Garrido aportar\u00e1 su experiencia tecnol\u00f3gica y liderazgo en este destacado puesto la regi\u00f3n de Am\u00e9rica latina para seguir creciendo\" \/>\n<meta name=\"robots\" content=\"index, follow, max-snippet:-1, max-image-preview:large, max-video-preview:-1\" \/>\n<link rel=\"canonical\" href=\"https:\/\/infoseguridadit.com\/electronica\/2020\/11\/16\/vertiv-3\/\" \/>\n<meta property=\"og:locale\" content=\"es_ES\" \/>\n<meta property=\"og:type\" content=\"article\" \/>\n<meta property=\"og:title\" content=\"Vertiv Nombra a Rafael Garrido como Vicepresidente para Latinoamerica\" \/>\n<meta property=\"og:description\" content=\"Vertiv: Garrido aportar\u00e1 su experiencia tecnol\u00f3gica y liderazgo en este destacado puesto la regi\u00f3n de Am\u00e9rica latina para seguir creciendo\" \/>\n<meta property=\"og:url\" content=\"https:\/\/infoseguridadit.com\/electronica\/2020\/11\/16\/vertiv-3\/\" \/>\n<meta property=\"og:site_name\" content=\"InfoSeguridadIT\" \/>\n<meta property=\"article:publisher\" content=\"https:\/\/www.facebook.com\/Infoseguridadit\" \/>\n<meta property=\"article:author\" content=\"https:\/\/www.facebook.com\/Infoseguridadit\/\" \/>\n<meta property=\"article:published_time\" content=\"2020-11-16T18:30:54+00:00\" \/>\n<meta property=\"article:modified_time\" content=\"2020-11-16T18:30:55+00:00\" \/>\n<meta property=\"og:image\" content=\"https:\/\/i0.wp.com\/infoseguridadit.com\/electronica\/wp-content\/uploads\/2020\/11\/Rafael_Garrido.jpg?fit=550%2C462&ssl=1\" \/>\n\t<meta property=\"og:image:width\" content=\"550\" \/>\n\t<meta property=\"og:image:height\" content=\"462\" \/>\n\t<meta property=\"og:image:type\" content=\"image\/jpeg\" \/>\n<meta name=\"author\" content=\"InfoSeguridadIT\" \/>\n<meta name=\"twitter:card\" content=\"summary_large_image\" \/>\n<meta name=\"twitter:creator\" content=\"@gremioseguridad\" \/>\n<meta name=\"twitter:site\" content=\"@gremioseguridad\" \/>\n<meta name=\"twitter:label1\" content=\"Escrito por\" \/>\n\t<meta name=\"twitter:data1\" content=\"InfoSeguridadIT\" \/>\n\t<meta name=\"twitter:label2\" content=\"Tiempo de lectura\" \/>\n\t<meta name=\"twitter:data2\" content=\"2 minutos\" \/>\n<script type=\"application\/ld+json\" class=\"yoast-schema-graph\">{\"@context\":\"https:\\\/\\\/schema.org\",\"@graph\":[{\"@type\":\"Article\",\"@id\":\"https:\\\/\\\/infoseguridadit.com\\\/electronica\\\/2020\\\/11\\\/16\\\/vertiv-3\\\/#article\",\"isPartOf\":{\"@id\":\"https:\\\/\\\/infoseguridadit.com\\\/electronica\\\/2020\\\/11\\\/16\\\/vertiv-3\\\/\"},\"author\":{\"name\":\"InfoSeguridadIT\",\"@id\":\"https:\\\/\\\/infoseguridadit.com\\\/electronica\\\/#\\\/schema\\\/person\\\/ebbcebab56199bc170ca93cc17e06b80\"},\"headline\":\"Vertiv Nombra a Rafael Garrido como Vicepresidente para la Regi\u00f3n de Am\u00e9rica Latina\",\"datePublished\":\"2020-11-16T18:30:54+00:00\",\"dateModified\":\"2020-11-16T18:30:55+00:00\",\"mainEntityOfPage\":{\"@id\":\"https:\\\/\\\/infoseguridadit.com\\\/electronica\\\/2020\\\/11\\\/16\\\/vertiv-3\\\/\"},\"wordCount\":446,\"publisher\":{\"@id\":\"https:\\\/\\\/infoseguridadit.com\\\/electronica\\\/#organization\"},\"image\":{\"@id\":\"https:\\\/\\\/infoseguridadit.com\\\/electronica\\\/2020\\\/11\\\/16\\\/vertiv-3\\\/#primaryimage\"},\"thumbnailUrl\":\"https:\\\/\\\/infoseguridadit.com\\\/electronica\\\/wp-content\\\/uploads\\\/2020\\\/11\\\/Rafael_Garrido.jpg\",\"articleSection\":[\"Infraestructura\"],\"inLanguage\":\"es\"},{\"@type\":\"WebPage\",\"@id\":\"https:\\\/\\\/infoseguridadit.com\\\/electronica\\\/2020\\\/11\\\/16\\\/vertiv-3\\\/\",\"url\":\"https:\\\/\\\/infoseguridadit.com\\\/electronica\\\/2020\\\/11\\\/16\\\/vertiv-3\\\/\",\"name\":\"Vertiv Nombra a Rafael Garrido como Vicepresidente para Latinoamerica\",\"isPartOf\":{\"@id\":\"https:\\\/\\\/infoseguridadit.com\\\/electronica\\\/#website\"},\"primaryImageOfPage\":{\"@id\":\"https:\\\/\\\/infoseguridadit.com\\\/electronica\\\/2020\\\/11\\\/16\\\/vertiv-3\\\/#primaryimage\"},\"image\":{\"@id\":\"https:\\\/\\\/infoseguridadit.com\\\/electronica\\\/2020\\\/11\\\/16\\\/vertiv-3\\\/#primaryimage\"},\"thumbnailUrl\":\"https:\\\/\\\/infoseguridadit.com\\\/electronica\\\/wp-content\\\/uploads\\\/2020\\\/11\\\/Rafael_Garrido.jpg\",\"datePublished\":\"2020-11-16T18:30:54+00:00\",\"dateModified\":\"2020-11-16T18:30:55+00:00\",\"description\":\"Vertiv: Garrido aportar\u00e1 su experiencia tecnol\u00f3gica y liderazgo en este destacado puesto la regi\u00f3n de Am\u00e9rica latina para seguir creciendo\",\"breadcrumb\":{\"@id\":\"https:\\\/\\\/infoseguridadit.com\\\/electronica\\\/2020\\\/11\\\/16\\\/vertiv-3\\\/#breadcrumb\"},\"inLanguage\":\"es\",\"potentialAction\":[{\"@type\":\"ReadAction\",\"target\":[\"https:\\\/\\\/infoseguridadit.com\\\/electronica\\\/2020\\\/11\\\/16\\\/vertiv-3\\\/\"]}]},{\"@type\":\"ImageObject\",\"inLanguage\":\"es\",\"@id\":\"https:\\\/\\\/infoseguridadit.com\\\/electronica\\\/2020\\\/11\\\/16\\\/vertiv-3\\\/#primaryimage\",\"url\":\"https:\\\/\\\/infoseguridadit.com\\\/electronica\\\/wp-content\\\/uploads\\\/2020\\\/11\\\/Rafael_Garrido.jpg\",\"contentUrl\":\"https:\\\/\\\/infoseguridadit.com\\\/electronica\\\/wp-content\\\/uploads\\\/2020\\\/11\\\/Rafael_Garrido.jpg\",\"width\":550,\"height\":462,\"caption\":\"Rafael_Garrido\"},{\"@type\":\"BreadcrumbList\",\"@id\":\"https:\\\/\\\/infoseguridadit.com\\\/electronica\\\/2020\\\/11\\\/16\\\/vertiv-3\\\/#breadcrumb\",\"itemListElement\":[{\"@type\":\"ListItem\",\"position\":1,\"name\":\"Portada\",\"item\":\"https:\\\/\\\/infoseguridadit.com\\\/electronica\\\/\"},{\"@type\":\"ListItem\",\"position\":2,\"name\":\"Vertiv Nombra a Rafael Garrido como Vicepresidente para la Regi\u00f3n de Am\u00e9rica Latina\"}]},{\"@type\":\"WebSite\",\"@id\":\"https:\\\/\\\/infoseguridadit.com\\\/electronica\\\/#website\",\"url\":\"https:\\\/\\\/infoseguridadit.com\\\/electronica\\\/\",\"name\":\"InfoSeguridadIT\",\"description\":\"InfoSeguridadIT es un portal de noticias sobre tecnolog\u00eda y seguridad electr\u00f3nica dirigido a Integradores, Distribuidores, Importadores, Fabricantes, etc.\",\"publisher\":{\"@id\":\"https:\\\/\\\/infoseguridadit.com\\\/electronica\\\/#organization\"},\"potentialAction\":[{\"@type\":\"SearchAction\",\"target\":{\"@type\":\"EntryPoint\",\"urlTemplate\":\"https:\\\/\\\/infoseguridadit.com\\\/electronica\\\/?s={search_term_string}\"},\"query-input\":{\"@type\":\"PropertyValueSpecification\",\"valueRequired\":true,\"valueName\":\"search_term_string\"}}],\"inLanguage\":\"es\"},{\"@type\":\"Organization\",\"@id\":\"https:\\\/\\\/infoseguridadit.com\\\/electronica\\\/#organization\",\"name\":\"InfoSeguridadIT\",\"url\":\"https:\\\/\\\/infoseguridadit.com\\\/electronica\\\/\",\"logo\":{\"@type\":\"ImageObject\",\"inLanguage\":\"es\",\"@id\":\"https:\\\/\\\/infoseguridadit.com\\\/electronica\\\/#\\\/schema\\\/logo\\\/image\\\/\",\"url\":\"http:\\\/\\\/infoseguridadit.com\\\/electronica\\\/wp-content\\\/uploads\\\/2023\\\/10\\\/cropped-logo-isit-latam-low-b.png\",\"contentUrl\":\"http:\\\/\\\/infoseguridadit.com\\\/electronica\\\/wp-content\\\/uploads\\\/2023\\\/10\\\/cropped-logo-isit-latam-low-b.png\",\"width\":400,\"height\":111,\"caption\":\"InfoSeguridadIT\"},\"image\":{\"@id\":\"https:\\\/\\\/infoseguridadit.com\\\/electronica\\\/#\\\/schema\\\/logo\\\/image\\\/\"},\"sameAs\":[\"https:\\\/\\\/www.facebook.com\\\/Infoseguridadit\",\"https:\\\/\\\/x.com\\\/gremioseguridad\",\"https:\\\/\\\/www.instagram.com\\\/infoseguridadit\\\/\",\"https:\\\/\\\/www.linkedin.com\\\/in\\\/ramiro-de-rosa--7879a99\\\/\"]},{\"@type\":\"Person\",\"@id\":\"https:\\\/\\\/infoseguridadit.com\\\/electronica\\\/#\\\/schema\\\/person\\\/ebbcebab56199bc170ca93cc17e06b80\",\"name\":\"InfoSeguridadIT\",\"image\":{\"@type\":\"ImageObject\",\"inLanguage\":\"es\",\"@id\":\"https:\\\/\\\/secure.gravatar.com\\\/avatar\\\/f65dac9718ad877804b6a3fb5a58ca3238715fb7957e908f214fc5d6161d758f?s=96&d=mm&r=g\",\"url\":\"https:\\\/\\\/secure.gravatar.com\\\/avatar\\\/f65dac9718ad877804b6a3fb5a58ca3238715fb7957e908f214fc5d6161d758f?s=96&d=mm&r=g\",\"contentUrl\":\"https:\\\/\\\/secure.gravatar.com\\\/avatar\\\/f65dac9718ad877804b6a3fb5a58ca3238715fb7957e908f214fc5d6161d758f?s=96&d=mm&r=g\",\"caption\":\"InfoSeguridadIT\"},\"sameAs\":[\"https:\\\/\\\/infoseguridadit.com\\\/electronica\\\/\",\"https:\\\/\\\/www.facebook.com\\\/Infoseguridadit\\\/\",\"https:\\\/\\\/www.instagram.com\\\/infoseguridadit\"],\"url\":\"https:\\\/\\\/infoseguridadit.com\\\/electronica\\\/author\\\/ramiroderosa\\\/\"}]}<\/script>\n<!-- \/ Yoast SEO plugin. -->","yoast_head_json":{"title":"Vertiv Nombra a Rafael Garrido como Vicepresidente para Latinoamerica","description":"Vertiv: Garrido aportar\u00e1 su experiencia tecnol\u00f3gica y liderazgo en este destacado puesto la regi\u00f3n de Am\u00e9rica latina para seguir creciendo","robots":{"index":"index","follow":"follow","max-snippet":"max-snippet:-1","max-image-preview":"max-image-preview:large","max-video-preview":"max-video-preview:-1"},"canonical":"https:\/\/infoseguridadit.com\/electronica\/2020\/11\/16\/vertiv-3\/","og_locale":"es_ES","og_type":"article","og_title":"Vertiv Nombra a Rafael Garrido como Vicepresidente para Latinoamerica","og_description":"Vertiv: Garrido aportar\u00e1 su experiencia tecnol\u00f3gica y liderazgo en este destacado puesto la regi\u00f3n de Am\u00e9rica latina para seguir creciendo","og_url":"https:\/\/infoseguridadit.com\/electronica\/2020\/11\/16\/vertiv-3\/","og_site_name":"InfoSeguridadIT","article_publisher":"https:\/\/www.facebook.com\/Infoseguridadit","article_author":"https:\/\/www.facebook.com\/Infoseguridadit\/","article_published_time":"2020-11-16T18:30:54+00:00","article_modified_time":"2020-11-16T18:30:55+00:00","og_image":[{"width":550,"height":462,"url":"https:\/\/i0.wp.com\/infoseguridadit.com\/electronica\/wp-content\/uploads\/2020\/11\/Rafael_Garrido.jpg?fit=550%2C462&ssl=1","type":"image\/jpeg"}],"author":"InfoSeguridadIT","twitter_card":"summary_large_image","twitter_creator":"@gremioseguridad","twitter_site":"@gremioseguridad","twitter_misc":{"Escrito por":"InfoSeguridadIT","Tiempo de lectura":"2 minutos"},"schema":{"@context":"https:\/\/schema.org","@graph":[{"@type":"Article","@id":"https:\/\/infoseguridadit.com\/electronica\/2020\/11\/16\/vertiv-3\/#article","isPartOf":{"@id":"https:\/\/infoseguridadit.com\/electronica\/2020\/11\/16\/vertiv-3\/"},"author":{"name":"InfoSeguridadIT","@id":"https:\/\/infoseguridadit.com\/electronica\/#\/schema\/person\/ebbcebab56199bc170ca93cc17e06b80"},"headline":"Vertiv Nombra a Rafael Garrido como Vicepresidente para la Regi\u00f3n de Am\u00e9rica Latina","datePublished":"2020-11-16T18:30:54+00:00","dateModified":"2020-11-16T18:30:55+00:00","mainEntityOfPage":{"@id":"https:\/\/infoseguridadit.com\/electronica\/2020\/11\/16\/vertiv-3\/"},"wordCount":446,"publisher":{"@id":"https:\/\/infoseguridadit.com\/electronica\/#organization"},"image":{"@id":"https:\/\/infoseguridadit.com\/electronica\/2020\/11\/16\/vertiv-3\/#primaryimage"},"thumbnailUrl":"https:\/\/infoseguridadit.com\/electronica\/wp-content\/uploads\/2020\/11\/Rafael_Garrido.jpg","articleSection":["Infraestructura"],"inLanguage":"es"},{"@type":"WebPage","@id":"https:\/\/infoseguridadit.com\/electronica\/2020\/11\/16\/vertiv-3\/","url":"https:\/\/infoseguridadit.com\/electronica\/2020\/11\/16\/vertiv-3\/","name":"Vertiv Nombra a Rafael Garrido como Vicepresidente para Latinoamerica","isPartOf":{"@id":"https:\/\/infoseguridadit.com\/electronica\/#website"},"primaryImageOfPage":{"@id":"https:\/\/infoseguridadit.com\/electronica\/2020\/11\/16\/vertiv-3\/#primaryimage"},"image":{"@id":"https:\/\/infoseguridadit.com\/electronica\/2020\/11\/16\/vertiv-3\/#primaryimage"},"thumbnailUrl":"https:\/\/infoseguridadit.com\/electronica\/wp-content\/uploads\/2020\/11\/Rafael_Garrido.jpg","datePublished":"2020-11-16T18:30:54+00:00","dateModified":"2020-11-16T18:30:55+00:00","description":"Vertiv: Garrido aportar\u00e1 su experiencia tecnol\u00f3gica y liderazgo en este destacado puesto la regi\u00f3n de Am\u00e9rica latina para seguir creciendo","breadcrumb":{"@id":"https:\/\/infoseguridadit.com\/electronica\/2020\/11\/16\/vertiv-3\/#breadcrumb"},"inLanguage":"es","potentialAction":[{"@type":"ReadAction","target":["https:\/\/infoseguridadit.com\/electronica\/2020\/11\/16\/vertiv-3\/"]}]},{"@type":"ImageObject","inLanguage":"es","@id":"https:\/\/infoseguridadit.com\/electronica\/2020\/11\/16\/vertiv-3\/#primaryimage","url":"https:\/\/infoseguridadit.com\/electronica\/wp-content\/uploads\/2020\/11\/Rafael_Garrido.jpg","contentUrl":"https:\/\/infoseguridadit.com\/electronica\/wp-content\/uploads\/2020\/11\/Rafael_Garrido.jpg","width":550,"height":462,"caption":"Rafael_Garrido"},{"@type":"BreadcrumbList","@id":"https:\/\/infoseguridadit.com\/electronica\/2020\/11\/16\/vertiv-3\/#breadcrumb","itemListElement":[{"@type":"ListItem","position":1,"name":"Portada","item":"https:\/\/infoseguridadit.com\/electronica\/"},{"@type":"ListItem","position":2,"name":"Vertiv Nombra a Rafael Garrido como Vicepresidente para la Regi\u00f3n de Am\u00e9rica Latina"}]},{"@type":"WebSite","@id":"https:\/\/infoseguridadit.com\/electronica\/#website","url":"https:\/\/infoseguridadit.com\/electronica\/","name":"InfoSeguridadIT","description":"InfoSeguridadIT es un portal de noticias sobre tecnolog\u00eda y seguridad electr\u00f3nica dirigido a Integradores, Distribuidores, Importadores, Fabricantes, etc.","publisher":{"@id":"https:\/\/infoseguridadit.com\/electronica\/#organization"},"potentialAction":[{"@type":"SearchAction","target":{"@type":"EntryPoint","urlTemplate":"https:\/\/infoseguridadit.com\/electronica\/?s={search_term_string}"},"query-input":{"@type":"PropertyValueSpecification","valueRequired":true,"valueName":"search_term_string"}}],"inLanguage":"es"},{"@type":"Organization","@id":"https:\/\/infoseguridadit.com\/electronica\/#organization","name":"InfoSeguridadIT","url":"https:\/\/infoseguridadit.com\/electronica\/","logo":{"@type":"ImageObject","inLanguage":"es","@id":"https:\/\/infoseguridadit.com\/electronica\/#\/schema\/logo\/image\/","url":"http:\/\/infoseguridadit.com\/electronica\/wp-content\/uploads\/2023\/10\/cropped-logo-isit-latam-low-b.png","contentUrl":"http:\/\/infoseguridadit.com\/electronica\/wp-content\/uploads\/2023\/10\/cropped-logo-isit-latam-low-b.png","width":400,"height":111,"caption":"InfoSeguridadIT"},"image":{"@id":"https:\/\/infoseguridadit.com\/electronica\/#\/schema\/logo\/image\/"},"sameAs":["https:\/\/www.facebook.com\/Infoseguridadit","https:\/\/x.com\/gremioseguridad","https:\/\/www.instagram.com\/infoseguridadit\/","https:\/\/www.linkedin.com\/in\/ramiro-de-rosa--7879a99\/"]},{"@type":"Person","@id":"https:\/\/infoseguridadit.com\/electronica\/#\/schema\/person\/ebbcebab56199bc170ca93cc17e06b80","name":"InfoSeguridadIT","image":{"@type":"ImageObject","inLanguage":"es","@id":"https:\/\/secure.gravatar.com\/avatar\/f65dac9718ad877804b6a3fb5a58ca3238715fb7957e908f214fc5d6161d758f?s=96&d=mm&r=g","url":"https:\/\/secure.gravatar.com\/avatar\/f65dac9718ad877804b6a3fb5a58ca3238715fb7957e908f214fc5d6161d758f?s=96&d=mm&r=g","contentUrl":"https:\/\/secure.gravatar.com\/avatar\/f65dac9718ad877804b6a3fb5a58ca3238715fb7957e908f214fc5d6161d758f?s=96&d=mm&r=g","caption":"InfoSeguridadIT"},"sameAs":["https:\/\/infoseguridadit.com\/electronica\/","https:\/\/www.facebook.com\/Infoseguridadit\/","https:\/\/www.instagram.com\/infoseguridadit"],"url":"https:\/\/infoseguridadit.com\/electronica\/author\/ramiroderosa\/"}]}},"jetpack_publicize_connections":[],"jetpack_featured_media_url":"https:\/\/infoseguridadit.com\/electronica\/wp-content\/uploads\/2020\/11\/Rafael_Garrido.jpg","jetpack-related-posts":[{"id":10351,"url":"https:\/\/infoseguridadit.com\/electronica\/2020\/07\/16\/vertiv-sol-control\/","url_meta":{"origin":11131,"position":0},"title":"Vertiv Formaliza un Acuerdo de Distribuci\u00f3n en Paraguay","author":"InfoSeguridadIT","date":"16 de julio de 2020","format":false,"excerpt":"Vertiv Formaliza un Acuerdo de Distribuci\u00f3n con Sol Control SRL en Paraguay Vertiv (NYSE: VRT), un proveedor global de soluciones de continuidad e infraestructura cr\u00edtica digital, anunci\u00f3 su acuerdo de distribuci\u00f3n con Sol Control SRL en Paraguay, un mayorista de inform\u00e1tica con m\u00e1s de 25 a\u00f1os en el mercado. La\u2026","rel":"","context":"En \u00abActualidad\u00bb","block_context":{"text":"Actualidad","link":"https:\/\/infoseguridadit.com\/electronica\/category\/actualidad\/"},"img":{"alt_text":"vertiv infogremio","src":"https:\/\/i0.wp.com\/infoseguridadit.com\/electronica\/wp-content\/uploads\/2020\/07\/Vertiv-Alianza-Sol-control.jpg?resize=350%2C200&ssl=1","width":350,"height":200,"srcset":"https:\/\/i0.wp.com\/infoseguridadit.com\/electronica\/wp-content\/uploads\/2020\/07\/Vertiv-Alianza-Sol-control.jpg?resize=350%2C200&ssl=1 1x, https:\/\/i0.wp.com\/infoseguridadit.com\/electronica\/wp-content\/uploads\/2020\/07\/Vertiv-Alianza-Sol-control.jpg?resize=525%2C300&ssl=1 1.5x"},"classes":[]},{"id":10460,"url":"https:\/\/infoseguridadit.com\/electronica\/2020\/07\/29\/vertiv\/","url_meta":{"origin":11131,"position":1},"title":"Vertiv anuncia cambios en su equipo de Sudam\u00e9rica","author":"InfoSeguridadIT","date":"29 de julio de 2020","format":false,"excerpt":"Vertiv,\u00a0proveedor global de soluciones de continuidad e infraestructura cr\u00edtica digital, anunci\u00f3 hoy cambios en el equipo directivo, al colocar a tres nuevos ejecutivos al frente del negocio de telecom, enterprise & industrial y data center, en los pa\u00edses de SSA\u00a0(sur de\u00a0Sudam\u00e9rica), que comprende Argentina, Bolivia, Chile, Paraguay, Per\u00fa y Uruguay.\u2026","rel":"","context":"En \u00abActualidad\u00bb","block_context":{"text":"Actualidad","link":"https:\/\/infoseguridadit.com\/electronica\/category\/actualidad\/"},"img":{"alt_text":"vertiv-infogremio","src":"https:\/\/i0.wp.com\/infoseguridadit.com\/electronica\/wp-content\/uploads\/2020\/07\/vertiv-home.jpg?resize=350%2C200&ssl=1","width":350,"height":200,"srcset":"https:\/\/i0.wp.com\/infoseguridadit.com\/electronica\/wp-content\/uploads\/2020\/07\/vertiv-home.jpg?resize=350%2C200&ssl=1 1x, https:\/\/i0.wp.com\/infoseguridadit.com\/electronica\/wp-content\/uploads\/2020\/07\/vertiv-home.jpg?resize=525%2C300&ssl=1 1.5x, https:\/\/i0.wp.com\/infoseguridadit.com\/electronica\/wp-content\/uploads\/2020\/07\/vertiv-home.jpg?resize=700%2C400&ssl=1 2x"},"classes":[]},{"id":14967,"url":"https:\/\/infoseguridadit.com\/electronica\/2024\/02\/21\/honeywell\/","url_meta":{"origin":11131,"position":2},"title":"Honeywell colabora en certificaci\u00f3n profesional en centros de datos","author":"InfoSeguridadIT","date":"21 de febrero de 2024","format":false,"excerpt":"Honeywell, junto a CommScope, colaboradores estrat\u00e9gicos de la industria, ayudan a impulsar el \u00e9xito del programa Vertiv, un proveedor mundial de soluciones de continuidad e infraestructura digital cr\u00edtica, anunci\u00f3 hoy la conclusi\u00f3n del primer programa de certificaci\u00f3n de la Data Center Professional Academy. El programa fue patrocinado por CommScope y\u2026","rel":"","context":"En \u00abActualidad\u00bb","block_context":{"text":"Actualidad","link":"https:\/\/infoseguridadit.com\/electronica\/category\/actualidad\/"},"img":{"alt_text":"vertiv infoseguridadit","src":"https:\/\/i0.wp.com\/infoseguridadit.com\/electronica\/wp-content\/uploads\/2024\/02\/unnamed-3-scaled.jpg?resize=350%2C200&ssl=1","width":350,"height":200,"srcset":"https:\/\/i0.wp.com\/infoseguridadit.com\/electronica\/wp-content\/uploads\/2024\/02\/unnamed-3-scaled.jpg?resize=350%2C200&ssl=1 1x, https:\/\/i0.wp.com\/infoseguridadit.com\/electronica\/wp-content\/uploads\/2024\/02\/unnamed-3-scaled.jpg?resize=525%2C300&ssl=1 1.5x, https:\/\/i0.wp.com\/infoseguridadit.com\/electronica\/wp-content\/uploads\/2024\/02\/unnamed-3-scaled.jpg?resize=700%2C400&ssl=1 2x, https:\/\/i0.wp.com\/infoseguridadit.com\/electronica\/wp-content\/uploads\/2024\/02\/unnamed-3-scaled.jpg?resize=1050%2C600&ssl=1 3x, https:\/\/i0.wp.com\/infoseguridadit.com\/electronica\/wp-content\/uploads\/2024\/02\/unnamed-3-scaled.jpg?resize=1400%2C800&ssl=1 4x"},"classes":[]},{"id":11253,"url":"https:\/\/infoseguridadit.com\/electronica\/2020\/11\/17\/infraestructura\/","url_meta":{"origin":11131,"position":3},"title":"Centros de datos, el nuevo auge de la inversi\u00f3n inmobiliaria","author":"InfoSeguridadIT","date":"17 de noviembre de 2020","format":false,"excerpt":"Los centros de datos, en la mira de inversores inmobiliarios comerciales que buscan obtener rendimientos constantes a largo plazo. Desde la irrupci\u00f3n de la pandemia mundial del COVID-19, la vida como la conoc\u00edamos dio un giro dr\u00e1stico hacia lo digital. Las ventas que antes se hac\u00edan en tiendas f\u00edsicas pasaron\u2026","rel":"","context":"En \u00abInfraestructura\u00bb","block_context":{"text":"Infraestructura","link":"https:\/\/infoseguridadit.com\/electronica\/category\/infraestructura\/"},"img":{"alt_text":"Saida Ortiz_10","src":"https:\/\/i0.wp.com\/infoseguridadit.com\/electronica\/wp-content\/uploads\/2020\/11\/Saida-Ortiz_10-1-scaled.jpg?resize=350%2C200&ssl=1","width":350,"height":200,"srcset":"https:\/\/i0.wp.com\/infoseguridadit.com\/electronica\/wp-content\/uploads\/2020\/11\/Saida-Ortiz_10-1-scaled.jpg?resize=350%2C200&ssl=1 1x, https:\/\/i0.wp.com\/infoseguridadit.com\/electronica\/wp-content\/uploads\/2020\/11\/Saida-Ortiz_10-1-scaled.jpg?resize=525%2C300&ssl=1 1.5x, https:\/\/i0.wp.com\/infoseguridadit.com\/electronica\/wp-content\/uploads\/2020\/11\/Saida-Ortiz_10-1-scaled.jpg?resize=700%2C400&ssl=1 2x, https:\/\/i0.wp.com\/infoseguridadit.com\/electronica\/wp-content\/uploads\/2020\/11\/Saida-Ortiz_10-1-scaled.jpg?resize=1050%2C600&ssl=1 3x, https:\/\/i0.wp.com\/infoseguridadit.com\/electronica\/wp-content\/uploads\/2020\/11\/Saida-Ortiz_10-1-scaled.jpg?resize=1400%2C800&ssl=1 4x"},"classes":[]},{"id":11257,"url":"https:\/\/infoseguridadit.com\/electronica\/2020\/11\/18\/centros-de-datos\/","url_meta":{"origin":11131,"position":4},"title":"\u00bfCu\u00e1l es la realidad actual del centro de datos y qui\u00e9nes ser\u00e1n los principales jugadores en el 2021?","author":"InfoSeguridadIT","date":"18 de noviembre de 2020","format":false,"excerpt":"Vertiv anuncia el panel en el que se abordar\u00e1 una visi\u00f3n global sobre el panorama de los proveedores de coubicaciones. Vertiv\u00a0(NYSE: VRT), un proveedor global de soluciones de continuidad e infraestructura cr\u00edtica digital, anuncia hoy la presentaci\u00f3n de su panel titulado \u201cColocation & Hyperscale: \u00bfCu\u00e1l es la realidad actual del\u2026","rel":"","context":"En \u00abEventos\u00bb","block_context":{"text":"Eventos","link":"https:\/\/infoseguridadit.com\/electronica\/category\/eventos\/"},"img":{"alt_text":"vertiv","src":"https:\/\/i0.wp.com\/infoseguridadit.com\/electronica\/wp-content\/uploads\/2020\/11\/unnamed.jpg?resize=350%2C200&ssl=1","width":350,"height":200,"srcset":"https:\/\/i0.wp.com\/infoseguridadit.com\/electronica\/wp-content\/uploads\/2020\/11\/unnamed.jpg?resize=350%2C200&ssl=1 1x, https:\/\/i0.wp.com\/infoseguridadit.com\/electronica\/wp-content\/uploads\/2020\/11\/unnamed.jpg?resize=525%2C300&ssl=1 1.5x"},"classes":[]},{"id":11068,"url":"https:\/\/infoseguridadit.com\/electronica\/2020\/10\/29\/vertiv-2\/","url_meta":{"origin":11131,"position":5},"title":"El \u00e1rea que crecer\u00e1 pos-pandemia","author":"InfoSeguridadIT","date":"29 de octubre de 2020","format":false,"excerpt":"Seg\u00fan los datos recopilados en la investigaci\u00f3n \u201cCentro de Datos del 2025\u201d, m\u00e1s de la mitad (53%) de los profesionales de la industria de TI, est\u00e1n convencidos de que sus inversiones ser\u00e1n superiores al 100%, y un 20% cree incluso que esta inversi\u00f3n, que abarca situaciones que van desde el\u2026","rel":"","context":"En \u00abInfraestructura\u00bb","block_context":{"text":"Infraestructura","link":"https:\/\/infoseguridadit.com\/electronica\/category\/infraestructura\/"},"img":{"alt_text":"vertiv","src":"https:\/\/i0.wp.com\/infoseguridadit.com\/electronica\/wp-content\/uploads\/2020\/10\/Borde-de-la-red-el-%C3%A1rea-que-crecer%C3%A1-pos-pandemia.-Imagen-destacada-1.jpg?resize=350%2C200&ssl=1","width":350,"height":200,"srcset":"https:\/\/i0.wp.com\/infoseguridadit.com\/electronica\/wp-content\/uploads\/2020\/10\/Borde-de-la-red-el-%C3%A1rea-que-crecer%C3%A1-pos-pandemia.-Imagen-destacada-1.jpg?resize=350%2C200&ssl=1 1x, https:\/\/i0.wp.com\/infoseguridadit.com\/electronica\/wp-content\/uploads\/2020\/10\/Borde-de-la-red-el-%C3%A1rea-que-crecer%C3%A1-pos-pandemia.-Imagen-destacada-1.jpg?resize=525%2C300&ssl=1 1.5x"},"classes":[]}],"jetpack_shortlink":"https:\/\/wp.me\/p6cGtH-2Tx","_links":{"self":[{"href":"https:\/\/infoseguridadit.com\/electronica\/wp-json\/wp\/v2\/posts\/11131","targetHints":{"allow":["GET"]}}],"collection":[{"href":"https:\/\/infoseguridadit.com\/electronica\/wp-json\/wp\/v2\/posts"}],"about":[{"href":"https:\/\/infoseguridadit.com\/electronica\/wp-json\/wp\/v2\/types\/post"}],"author":[{"embeddable":true,"href":"https:\/\/infoseguridadit.com\/electronica\/wp-json\/wp\/v2\/users\/1"}],"replies":[{"embeddable":true,"href":"https:\/\/infoseguridadit.com\/electronica\/wp-json\/wp\/v2\/comments?post=11131"}],"version-history":[{"count":2,"href":"https:\/\/infoseguridadit.com\/electronica\/wp-json\/wp\/v2\/posts\/11131\/revisions"}],"predecessor-version":[{"id":11214,"href":"https:\/\/infoseguridadit.com\/electronica\/wp-json\/wp\/v2\/posts\/11131\/revisions\/11214"}],"wp:featuredmedia":[{"embeddable":true,"href":"https:\/\/infoseguridadit.com\/electronica\/wp-json\/wp\/v2\/media\/11132"}],"wp:attachment":[{"href":"https:\/\/infoseguridadit.com\/electronica\/wp-json\/wp\/v2\/media?parent=11131"}],"wp:term":[{"taxonomy":"category","embeddable":true,"href":"https:\/\/infoseguridadit.com\/electronica\/wp-json\/wp\/v2\/categories?post=11131"},{"taxonomy":"post_tag","embeddable":true,"href":"https:\/\/infoseguridadit.com\/electronica\/wp-json\/wp\/v2\/tags?post=11131"}],"curies":[{"name":"wp","href":"https:\/\/api.w.org\/{rel}","templated":true}]}}