{"id":12368,"date":"2021-09-22T14:07:43","date_gmt":"2021-09-22T17:07:43","guid":{"rendered":"http:\/\/infoseguridadit.com\/electronica\/?p=12368"},"modified":"2021-09-24T14:48:12","modified_gmt":"2021-09-24T17:48:12","slug":"alas-latam","status":"publish","type":"post","link":"https:\/\/infoseguridadit.com\/electronica\/2021\/09\/22\/alas-latam\/","title":{"rendered":"ALAS, una asociaci\u00f3n que no se detiene y levanta vuelo hacia lo m\u00e1s alto."},"content":{"rendered":"\n<p><em>En menos de dos a\u00f1os, la <a href=\"https:\/\/infoseguridadit.com\/electronica\/?s=alas\" target=\"_blank\" rel=\"noreferrer noopener\">asociaci\u00f3n latinoamericana de seguridad<\/a> ALAS se expande vertiginosamente aumentando m\u00e1s de 30 % sus miembros y estableciendo en 8 pa\u00edses diferentes comit\u00e9s de trabajo que potencian las relaciones con usuarios finales.<\/em>\u00a0<\/p>\n\n\n\n<p>ALAS, es sin lugar a dudas la principal comunidad de protagonistas de la industria de la seguridad en <a href=\"https:\/\/www.alas-la.org\/\" target=\"_blank\" rel=\"noreferrer noopener\">Am\u00e9rica Latina<\/a>. Esto lo ha logrado desarrollando sus actividades transversalmente y abarcando toda la cadena de valor de esta industria, desde el fabricante, distribuidor, integrador, proveedor de servicios, profesional y usuario final, siendo este \u00faltimo justamente el que m\u00e1s requiere del conocimiento de tecnolog\u00edas, su integraci\u00f3n e implementaci\u00f3n.<\/p>\n\n\n\n<div class=\"wp-block-image\"><figure class=\"aligncenter size-large is-resized\"><img loading=\"lazy\" decoding=\"async\" src=\"https:\/\/infoseguridadit.com\/electronica\/wp-content\/uploads\/2021\/09\/img-alas-1024x470.jpg\" alt=\"alas\" class=\"wp-image-12370\" width=\"580\" height=\"266\" srcset=\"https:\/\/infoseguridadit.com\/electronica\/wp-content\/uploads\/2021\/09\/img-alas-1024x470.jpg 1024w, https:\/\/infoseguridadit.com\/electronica\/wp-content\/uploads\/2021\/09\/img-alas-300x138.jpg 300w, https:\/\/infoseguridadit.com\/electronica\/wp-content\/uploads\/2021\/09\/img-alas-768x352.jpg 768w, https:\/\/infoseguridadit.com\/electronica\/wp-content\/uploads\/2021\/09\/img-alas.jpg 1153w\" sizes=\"auto, (max-width: 580px) 100vw, 580px\" \/><\/figure><\/div>\n\n\n\n<hr class=\"wp-block-separator has-text-color has-background has-white-background-color has-white-color is-style-wide\"\/>\n\n\n\n<p>Actualmente los Comit\u00e9s Nacionales que est\u00e1n establecidos en Argentina, M\u00e9xico, Guatemala, Costa Rica, Rep\u00fablica Dominicana, Colombia, Ecuador y Chile, est\u00e1n ayudando a posicionar a\u00fan m\u00e1s esta asociaci\u00f3n como referencia consultiva de la seguridad electr\u00f3nica en todo el continente y con foco espec\u00edfico en los distintos pa\u00edses en los que act\u00faan. De esta manera los socios ALAS pueden interactuar entre ellos y adem\u00e1s con usuarios finales, poniendo en un mismo lugar las necesidades del mercado y las soluciones del mismo. La presentaci\u00f3n sobre tendencias, tecnolog\u00edas o novedades en la seguridad electr\u00f3nica es una constante que cada semana se presenta en toda la regi\u00f3n a trav\u00e9s de un gran n\u00famero de actividades y estrategias que mencionaremos m\u00e1s adelante.<\/p>\n\n\n\n<div class=\"wp-block-image\"><figure class=\"aligncenter size-large\"><img loading=\"lazy\" decoding=\"async\" width=\"1024\" height=\"455\" src=\"https:\/\/infoseguridadit.com\/electronica\/wp-content\/uploads\/2021\/09\/eventos-alas-1024x455.jpg\" alt=\"alas\" class=\"wp-image-12371\" srcset=\"https:\/\/infoseguridadit.com\/electronica\/wp-content\/uploads\/2021\/09\/eventos-alas-1024x455.jpg 1024w, https:\/\/infoseguridadit.com\/electronica\/wp-content\/uploads\/2021\/09\/eventos-alas-300x133.jpg 300w, https:\/\/infoseguridadit.com\/electronica\/wp-content\/uploads\/2021\/09\/eventos-alas-768x341.jpg 768w, https:\/\/infoseguridadit.com\/electronica\/wp-content\/uploads\/2021\/09\/eventos-alas.jpg 1064w\" sizes=\"auto, (max-width: 1024px) 100vw, 1024px\" \/><\/figure><\/div>\n\n\n\n<hr class=\"wp-block-separator has-text-color has-background has-white-background-color has-white-color is-style-wide\"\/>\n\n\n\n<p>La comunidad ALAS hoy cuenta con casi 30.000 datos de profesionales que se incrementan mes a mes a trav\u00e9s de las actividades y sus redes sociales. Una de las \u00faltimas mejoras fue el directorio online de ALAS, una plataforma de presentaci\u00f3n de contactos que en los pr\u00f3ximos d\u00edas, se ir\u00e1 complementando con una red social interna para mejorar el networking entre socios. Este mapa de negocios ser\u00e1 un punto de encuentro entre la oferta y demanda.<\/p>\n\n\n\n<div class=\"wp-block-image\"><figure class=\"aligncenter size-large\"><img loading=\"lazy\" decoding=\"async\" width=\"1024\" height=\"307\" src=\"https:\/\/infoseguridadit.com\/electronica\/wp-content\/uploads\/2021\/09\/infografia-cadena-de-valor-1-1536x460-1-1024x307.jpg\" alt=\"alas\" class=\"wp-image-12372\" srcset=\"https:\/\/infoseguridadit.com\/electronica\/wp-content\/uploads\/2021\/09\/infografia-cadena-de-valor-1-1536x460-1-1024x307.jpg 1024w, https:\/\/infoseguridadit.com\/electronica\/wp-content\/uploads\/2021\/09\/infografia-cadena-de-valor-1-1536x460-1-300x90.jpg 300w, https:\/\/infoseguridadit.com\/electronica\/wp-content\/uploads\/2021\/09\/infografia-cadena-de-valor-1-1536x460-1-768x230.jpg 768w, https:\/\/infoseguridadit.com\/electronica\/wp-content\/uploads\/2021\/09\/infografia-cadena-de-valor-1-1536x460-1.jpg 1536w\" sizes=\"auto, (max-width: 1024px) 100vw, 1024px\" \/><\/figure><\/div>\n\n\n\n<hr class=\"wp-block-separator has-text-color has-background has-white-background-color has-white-color is-style-wide\"\/>\n\n\n\n<p>Con la intenci\u00f3n de explorar y explotar todas las posibles ventajas y oportunidades de negocios, desarrollo comercial, desarrollo pol\u00edtico y networking que la plataforma ALAS brinda a sus socios, se crearon los consejos asesores conformados por usuarios finales y segmentados por diferentes mercados verticales. De esta manera ALAS logra sumar usuarios finales corporativos que aportan a la cadena de valor sus necesidades b\u00e1sicas que son acompa\u00f1adas por capacitaciones y conexiones con proveedores de toda la regi\u00f3n. Con influencia de alcance nacional y regional, los socios de ALAS interact\u00faan transparentemente en un \u00e1mbito de plena colaboraci\u00f3n mutua. Es as\u00ed como podemos ver el \u00e1mbito privado y p\u00fablico elaborando estrategias de abordaje y de ventas adecuadas seg\u00fan las necesidades del mercado vertical, todo canalizado a trav\u00e9s de ALAS.<\/p>\n\n\n\n<p>Actualmente ALAS cuenta con:<\/p>\n\n\n\n<p>*Redes sociales Facebook, LinkedIn, Twitter, Instagram, Youtube&nbsp;<\/p>\n\n\n\n<p>* Canal en Spotify y en Telegram&nbsp;<\/p>\n\n\n\n<p>* Directorio Online de socios<\/p>\n\n\n\n<p>* Sitio web con accesos exclusivos<\/p>\n\n\n\n<p>* Red social propia (pr\u00f3ximamente)<\/p>\n\n\n\n<p>*&nbsp; Noticias ALAS<\/p>\n\n\n\n<p>*&nbsp; Digital Product Showroom<\/p>\n\n\n\n<p>* Grupos de WhatsApp<\/p>\n\n\n\n<p>* Intercambio en eventos online<\/p>\n\n\n\n<p>* Eventos presenciales<\/p>\n\n\n\n<p><strong>Un evento muy esperado<\/strong><\/p>\n\n\n\n<p>En Argentina, ALAS vuelve a la presencialidad de la mano de ALAS Talks, un evento especializado para profesionales de la seguridad, desarrolladores, autoridades y vecinos preocupados en la problem\u00e1tica de los countries y barrios privados.<\/p>\n\n\n\n<p>Luego de casi dos a\u00f1os de espera, \u00e9ste ser\u00e1 un gran evento donde se conectar\u00e1n empresarios y clientes finales para tratar temas sobre estrategias de seguridad, identificaci\u00f3n de problemas comunes en los barrios cerrados y la responsabilidad civil y legal. <a href=\"https:\/\/www.talks.alas-la.org\/\" target=\"_blank\" rel=\"noreferrer noopener\">El evento tendr\u00e1 lugar el 2 de diciembre de 9 a 13 hs en Espacio Pilar, Buenos Aires. <\/a><\/p>\n\n\n\n<p><strong>\u00bfPOR QU\u00c9 FORMAR PARTE DE ALAS?<\/strong><\/p>\n\n\n\n<p>Porque en ALAS est\u00e1n los aliados y competidores, es el lugar ideal para aprender, posicionarse, crear y fortalecer relaciones y hacer negocios.<\/p>\n","protected":false},"excerpt":{"rendered":"<p>En menos de dos a\u00f1os, la asociaci\u00f3n latinoamericana de seguridad ALAS se expande vertiginosamente aumentando m\u00e1s de 30 % sus miembros y estableciendo en 8 pa\u00edses diferentes comit\u00e9s de trabajo que potencian las relaciones con usuarios finales.\u00a0 ALAS, es sin lugar a dudas la principal comunidad de protagonistas de la industria de la seguridad en [&hellip;]<\/p>\n","protected":false},"author":1,"featured_media":12369,"comment_status":"closed","ping_status":"closed","sticky":false,"template":"","format":"standard","meta":{"jetpack_post_was_ever_published":false,"_joinchat":{"view":"no"},"footnotes":"","jetpack_publicize_message":"","jetpack_publicize_feature_enabled":true,"jetpack_social_post_already_shared":true,"jetpack_social_options":{"image_generator_settings":{"template":"highway","default_image_id":0,"font":"","enabled":false},"version":2}},"categories":[66],"tags":[],"class_list":["post-12368","post","type-post","status-publish","format-standard","has-post-thumbnail","hentry","category-actualidad"],"yoast_head":"<!-- This site is optimized with the Yoast SEO plugin v27.3 - https:\/\/yoast.com\/product\/yoast-seo-wordpress\/ -->\n<title>ALAS, una asociaci\u00f3n que no se detiene y levanta vuelo<\/title>\n<meta name=\"description\" content=\"ALAS, es sin lugar a dudas la principal comunidad de protagonistas de la industria de la seguridad en Am\u00e9rica Latina\" \/>\n<meta name=\"robots\" content=\"index, follow, max-snippet:-1, max-image-preview:large, max-video-preview:-1\" \/>\n<link rel=\"canonical\" href=\"https:\/\/infoseguridadit.com\/electronica\/2021\/09\/22\/alas-latam\/\" \/>\n<meta property=\"og:locale\" content=\"es_ES\" \/>\n<meta property=\"og:type\" content=\"article\" \/>\n<meta property=\"og:title\" content=\"ALAS, una asociaci\u00f3n que no se detiene y levanta vuelo\" \/>\n<meta property=\"og:description\" content=\"ALAS, es sin lugar a dudas la principal comunidad de protagonistas de la industria de la seguridad en Am\u00e9rica Latina\" \/>\n<meta property=\"og:url\" content=\"https:\/\/infoseguridadit.com\/electronica\/2021\/09\/22\/alas-latam\/\" \/>\n<meta property=\"og:site_name\" content=\"InfoSeguridadIT\" \/>\n<meta property=\"article:publisher\" content=\"https:\/\/www.facebook.com\/Infoseguridadit\" \/>\n<meta property=\"article:author\" content=\"https:\/\/www.facebook.com\/Infoseguridadit\/\" \/>\n<meta property=\"article:published_time\" content=\"2021-09-22T17:07:43+00:00\" \/>\n<meta property=\"article:modified_time\" content=\"2021-09-24T17:48:12+00:00\" \/>\n<meta property=\"og:image\" content=\"https:\/\/i0.wp.com\/infoseguridadit.com\/electronica\/wp-content\/uploads\/2021\/09\/comites-nacionales-alas.jpeg?fit=988%2C556&ssl=1\" \/>\n\t<meta property=\"og:image:width\" content=\"988\" \/>\n\t<meta property=\"og:image:height\" content=\"556\" \/>\n\t<meta property=\"og:image:type\" content=\"image\/jpeg\" \/>\n<meta name=\"author\" content=\"InfoSeguridadIT\" \/>\n<meta name=\"twitter:card\" content=\"summary_large_image\" \/>\n<meta name=\"twitter:creator\" content=\"@gremioseguridad\" \/>\n<meta name=\"twitter:site\" content=\"@gremioseguridad\" \/>\n<meta name=\"twitter:label1\" content=\"Escrito por\" \/>\n\t<meta name=\"twitter:data1\" content=\"InfoSeguridadIT\" \/>\n\t<meta name=\"twitter:label2\" content=\"Tiempo de lectura\" \/>\n\t<meta name=\"twitter:data2\" content=\"3 minutos\" \/>\n<script type=\"application\/ld+json\" class=\"yoast-schema-graph\">{\"@context\":\"https:\\\/\\\/schema.org\",\"@graph\":[{\"@type\":\"Article\",\"@id\":\"https:\\\/\\\/infoseguridadit.com\\\/electronica\\\/2021\\\/09\\\/22\\\/alas-latam\\\/#article\",\"isPartOf\":{\"@id\":\"https:\\\/\\\/infoseguridadit.com\\\/electronica\\\/2021\\\/09\\\/22\\\/alas-latam\\\/\"},\"author\":{\"name\":\"InfoSeguridadIT\",\"@id\":\"https:\\\/\\\/infoseguridadit.com\\\/electronica\\\/#\\\/schema\\\/person\\\/ebbcebab56199bc170ca93cc17e06b80\"},\"headline\":\"ALAS, una asociaci\u00f3n que no se detiene y levanta vuelo hacia lo m\u00e1s alto.\",\"datePublished\":\"2021-09-22T17:07:43+00:00\",\"dateModified\":\"2021-09-24T17:48:12+00:00\",\"mainEntityOfPage\":{\"@id\":\"https:\\\/\\\/infoseguridadit.com\\\/electronica\\\/2021\\\/09\\\/22\\\/alas-latam\\\/\"},\"wordCount\":653,\"publisher\":{\"@id\":\"https:\\\/\\\/infoseguridadit.com\\\/electronica\\\/#organization\"},\"image\":{\"@id\":\"https:\\\/\\\/infoseguridadit.com\\\/electronica\\\/2021\\\/09\\\/22\\\/alas-latam\\\/#primaryimage\"},\"thumbnailUrl\":\"https:\\\/\\\/infoseguridadit.com\\\/electronica\\\/wp-content\\\/uploads\\\/2021\\\/09\\\/comites-nacionales-alas.jpeg\",\"articleSection\":[\"Actualidad\"],\"inLanguage\":\"es\"},{\"@type\":\"WebPage\",\"@id\":\"https:\\\/\\\/infoseguridadit.com\\\/electronica\\\/2021\\\/09\\\/22\\\/alas-latam\\\/\",\"url\":\"https:\\\/\\\/infoseguridadit.com\\\/electronica\\\/2021\\\/09\\\/22\\\/alas-latam\\\/\",\"name\":\"ALAS, una asociaci\u00f3n que no se detiene y levanta vuelo\",\"isPartOf\":{\"@id\":\"https:\\\/\\\/infoseguridadit.com\\\/electronica\\\/#website\"},\"primaryImageOfPage\":{\"@id\":\"https:\\\/\\\/infoseguridadit.com\\\/electronica\\\/2021\\\/09\\\/22\\\/alas-latam\\\/#primaryimage\"},\"image\":{\"@id\":\"https:\\\/\\\/infoseguridadit.com\\\/electronica\\\/2021\\\/09\\\/22\\\/alas-latam\\\/#primaryimage\"},\"thumbnailUrl\":\"https:\\\/\\\/infoseguridadit.com\\\/electronica\\\/wp-content\\\/uploads\\\/2021\\\/09\\\/comites-nacionales-alas.jpeg\",\"datePublished\":\"2021-09-22T17:07:43+00:00\",\"dateModified\":\"2021-09-24T17:48:12+00:00\",\"description\":\"ALAS, es sin lugar a dudas la principal comunidad de protagonistas de la industria de la seguridad en Am\u00e9rica Latina\",\"breadcrumb\":{\"@id\":\"https:\\\/\\\/infoseguridadit.com\\\/electronica\\\/2021\\\/09\\\/22\\\/alas-latam\\\/#breadcrumb\"},\"inLanguage\":\"es\",\"potentialAction\":[{\"@type\":\"ReadAction\",\"target\":[\"https:\\\/\\\/infoseguridadit.com\\\/electronica\\\/2021\\\/09\\\/22\\\/alas-latam\\\/\"]}]},{\"@type\":\"ImageObject\",\"inLanguage\":\"es\",\"@id\":\"https:\\\/\\\/infoseguridadit.com\\\/electronica\\\/2021\\\/09\\\/22\\\/alas-latam\\\/#primaryimage\",\"url\":\"https:\\\/\\\/infoseguridadit.com\\\/electronica\\\/wp-content\\\/uploads\\\/2021\\\/09\\\/comites-nacionales-alas.jpeg\",\"contentUrl\":\"https:\\\/\\\/infoseguridadit.com\\\/electronica\\\/wp-content\\\/uploads\\\/2021\\\/09\\\/comites-nacionales-alas.jpeg\",\"width\":988,\"height\":556},{\"@type\":\"BreadcrumbList\",\"@id\":\"https:\\\/\\\/infoseguridadit.com\\\/electronica\\\/2021\\\/09\\\/22\\\/alas-latam\\\/#breadcrumb\",\"itemListElement\":[{\"@type\":\"ListItem\",\"position\":1,\"name\":\"Portada\",\"item\":\"https:\\\/\\\/infoseguridadit.com\\\/electronica\\\/\"},{\"@type\":\"ListItem\",\"position\":2,\"name\":\"ALAS, una asociaci\u00f3n que no se detiene y levanta vuelo hacia lo m\u00e1s alto.\"}]},{\"@type\":\"WebSite\",\"@id\":\"https:\\\/\\\/infoseguridadit.com\\\/electronica\\\/#website\",\"url\":\"https:\\\/\\\/infoseguridadit.com\\\/electronica\\\/\",\"name\":\"InfoSeguridadIT\",\"description\":\"InfoSeguridadIT es un portal de noticias sobre tecnolog\u00eda y seguridad electr\u00f3nica dirigido a Integradores, Distribuidores, Importadores, Fabricantes, etc.\",\"publisher\":{\"@id\":\"https:\\\/\\\/infoseguridadit.com\\\/electronica\\\/#organization\"},\"potentialAction\":[{\"@type\":\"SearchAction\",\"target\":{\"@type\":\"EntryPoint\",\"urlTemplate\":\"https:\\\/\\\/infoseguridadit.com\\\/electronica\\\/?s={search_term_string}\"},\"query-input\":{\"@type\":\"PropertyValueSpecification\",\"valueRequired\":true,\"valueName\":\"search_term_string\"}}],\"inLanguage\":\"es\"},{\"@type\":\"Organization\",\"@id\":\"https:\\\/\\\/infoseguridadit.com\\\/electronica\\\/#organization\",\"name\":\"InfoSeguridadIT\",\"url\":\"https:\\\/\\\/infoseguridadit.com\\\/electronica\\\/\",\"logo\":{\"@type\":\"ImageObject\",\"inLanguage\":\"es\",\"@id\":\"https:\\\/\\\/infoseguridadit.com\\\/electronica\\\/#\\\/schema\\\/logo\\\/image\\\/\",\"url\":\"http:\\\/\\\/infoseguridadit.com\\\/electronica\\\/wp-content\\\/uploads\\\/2023\\\/10\\\/cropped-logo-isit-latam-low-b.png\",\"contentUrl\":\"http:\\\/\\\/infoseguridadit.com\\\/electronica\\\/wp-content\\\/uploads\\\/2023\\\/10\\\/cropped-logo-isit-latam-low-b.png\",\"width\":400,\"height\":111,\"caption\":\"InfoSeguridadIT\"},\"image\":{\"@id\":\"https:\\\/\\\/infoseguridadit.com\\\/electronica\\\/#\\\/schema\\\/logo\\\/image\\\/\"},\"sameAs\":[\"https:\\\/\\\/www.facebook.com\\\/Infoseguridadit\",\"https:\\\/\\\/x.com\\\/gremioseguridad\",\"https:\\\/\\\/www.instagram.com\\\/infoseguridadit\\\/\",\"https:\\\/\\\/www.linkedin.com\\\/in\\\/ramiro-de-rosa--7879a99\\\/\"]},{\"@type\":\"Person\",\"@id\":\"https:\\\/\\\/infoseguridadit.com\\\/electronica\\\/#\\\/schema\\\/person\\\/ebbcebab56199bc170ca93cc17e06b80\",\"name\":\"InfoSeguridadIT\",\"image\":{\"@type\":\"ImageObject\",\"inLanguage\":\"es\",\"@id\":\"https:\\\/\\\/secure.gravatar.com\\\/avatar\\\/f65dac9718ad877804b6a3fb5a58ca3238715fb7957e908f214fc5d6161d758f?s=96&d=mm&r=g\",\"url\":\"https:\\\/\\\/secure.gravatar.com\\\/avatar\\\/f65dac9718ad877804b6a3fb5a58ca3238715fb7957e908f214fc5d6161d758f?s=96&d=mm&r=g\",\"contentUrl\":\"https:\\\/\\\/secure.gravatar.com\\\/avatar\\\/f65dac9718ad877804b6a3fb5a58ca3238715fb7957e908f214fc5d6161d758f?s=96&d=mm&r=g\",\"caption\":\"InfoSeguridadIT\"},\"sameAs\":[\"https:\\\/\\\/infoseguridadit.com\\\/electronica\\\/\",\"https:\\\/\\\/www.facebook.com\\\/Infoseguridadit\\\/\",\"https:\\\/\\\/www.instagram.com\\\/infoseguridadit\"],\"url\":\"https:\\\/\\\/infoseguridadit.com\\\/electronica\\\/author\\\/ramiroderosa\\\/\"}]}<\/script>\n<!-- \/ Yoast SEO plugin. -->","yoast_head_json":{"title":"ALAS, una asociaci\u00f3n que no se detiene y levanta vuelo","description":"ALAS, es sin lugar a dudas la principal comunidad de protagonistas de la industria de la seguridad en Am\u00e9rica Latina","robots":{"index":"index","follow":"follow","max-snippet":"max-snippet:-1","max-image-preview":"max-image-preview:large","max-video-preview":"max-video-preview:-1"},"canonical":"https:\/\/infoseguridadit.com\/electronica\/2021\/09\/22\/alas-latam\/","og_locale":"es_ES","og_type":"article","og_title":"ALAS, una asociaci\u00f3n que no se detiene y levanta vuelo","og_description":"ALAS, es sin lugar a dudas la principal comunidad de protagonistas de la industria de la seguridad en Am\u00e9rica Latina","og_url":"https:\/\/infoseguridadit.com\/electronica\/2021\/09\/22\/alas-latam\/","og_site_name":"InfoSeguridadIT","article_publisher":"https:\/\/www.facebook.com\/Infoseguridadit","article_author":"https:\/\/www.facebook.com\/Infoseguridadit\/","article_published_time":"2021-09-22T17:07:43+00:00","article_modified_time":"2021-09-24T17:48:12+00:00","og_image":[{"width":988,"height":556,"url":"https:\/\/i0.wp.com\/infoseguridadit.com\/electronica\/wp-content\/uploads\/2021\/09\/comites-nacionales-alas.jpeg?fit=988%2C556&ssl=1","type":"image\/jpeg"}],"author":"InfoSeguridadIT","twitter_card":"summary_large_image","twitter_creator":"@gremioseguridad","twitter_site":"@gremioseguridad","twitter_misc":{"Escrito por":"InfoSeguridadIT","Tiempo de lectura":"3 minutos"},"schema":{"@context":"https:\/\/schema.org","@graph":[{"@type":"Article","@id":"https:\/\/infoseguridadit.com\/electronica\/2021\/09\/22\/alas-latam\/#article","isPartOf":{"@id":"https:\/\/infoseguridadit.com\/electronica\/2021\/09\/22\/alas-latam\/"},"author":{"name":"InfoSeguridadIT","@id":"https:\/\/infoseguridadit.com\/electronica\/#\/schema\/person\/ebbcebab56199bc170ca93cc17e06b80"},"headline":"ALAS, una asociaci\u00f3n que no se detiene y levanta vuelo hacia lo m\u00e1s alto.","datePublished":"2021-09-22T17:07:43+00:00","dateModified":"2021-09-24T17:48:12+00:00","mainEntityOfPage":{"@id":"https:\/\/infoseguridadit.com\/electronica\/2021\/09\/22\/alas-latam\/"},"wordCount":653,"publisher":{"@id":"https:\/\/infoseguridadit.com\/electronica\/#organization"},"image":{"@id":"https:\/\/infoseguridadit.com\/electronica\/2021\/09\/22\/alas-latam\/#primaryimage"},"thumbnailUrl":"https:\/\/infoseguridadit.com\/electronica\/wp-content\/uploads\/2021\/09\/comites-nacionales-alas.jpeg","articleSection":["Actualidad"],"inLanguage":"es"},{"@type":"WebPage","@id":"https:\/\/infoseguridadit.com\/electronica\/2021\/09\/22\/alas-latam\/","url":"https:\/\/infoseguridadit.com\/electronica\/2021\/09\/22\/alas-latam\/","name":"ALAS, una asociaci\u00f3n que no se detiene y levanta vuelo","isPartOf":{"@id":"https:\/\/infoseguridadit.com\/electronica\/#website"},"primaryImageOfPage":{"@id":"https:\/\/infoseguridadit.com\/electronica\/2021\/09\/22\/alas-latam\/#primaryimage"},"image":{"@id":"https:\/\/infoseguridadit.com\/electronica\/2021\/09\/22\/alas-latam\/#primaryimage"},"thumbnailUrl":"https:\/\/infoseguridadit.com\/electronica\/wp-content\/uploads\/2021\/09\/comites-nacionales-alas.jpeg","datePublished":"2021-09-22T17:07:43+00:00","dateModified":"2021-09-24T17:48:12+00:00","description":"ALAS, es sin lugar a dudas la principal comunidad de protagonistas de la industria de la seguridad en Am\u00e9rica Latina","breadcrumb":{"@id":"https:\/\/infoseguridadit.com\/electronica\/2021\/09\/22\/alas-latam\/#breadcrumb"},"inLanguage":"es","potentialAction":[{"@type":"ReadAction","target":["https:\/\/infoseguridadit.com\/electronica\/2021\/09\/22\/alas-latam\/"]}]},{"@type":"ImageObject","inLanguage":"es","@id":"https:\/\/infoseguridadit.com\/electronica\/2021\/09\/22\/alas-latam\/#primaryimage","url":"https:\/\/infoseguridadit.com\/electronica\/wp-content\/uploads\/2021\/09\/comites-nacionales-alas.jpeg","contentUrl":"https:\/\/infoseguridadit.com\/electronica\/wp-content\/uploads\/2021\/09\/comites-nacionales-alas.jpeg","width":988,"height":556},{"@type":"BreadcrumbList","@id":"https:\/\/infoseguridadit.com\/electronica\/2021\/09\/22\/alas-latam\/#breadcrumb","itemListElement":[{"@type":"ListItem","position":1,"name":"Portada","item":"https:\/\/infoseguridadit.com\/electronica\/"},{"@type":"ListItem","position":2,"name":"ALAS, una asociaci\u00f3n que no se detiene y levanta vuelo hacia lo m\u00e1s alto."}]},{"@type":"WebSite","@id":"https:\/\/infoseguridadit.com\/electronica\/#website","url":"https:\/\/infoseguridadit.com\/electronica\/","name":"InfoSeguridadIT","description":"InfoSeguridadIT es un portal de noticias sobre tecnolog\u00eda y seguridad electr\u00f3nica dirigido a Integradores, Distribuidores, Importadores, Fabricantes, etc.","publisher":{"@id":"https:\/\/infoseguridadit.com\/electronica\/#organization"},"potentialAction":[{"@type":"SearchAction","target":{"@type":"EntryPoint","urlTemplate":"https:\/\/infoseguridadit.com\/electronica\/?s={search_term_string}"},"query-input":{"@type":"PropertyValueSpecification","valueRequired":true,"valueName":"search_term_string"}}],"inLanguage":"es"},{"@type":"Organization","@id":"https:\/\/infoseguridadit.com\/electronica\/#organization","name":"InfoSeguridadIT","url":"https:\/\/infoseguridadit.com\/electronica\/","logo":{"@type":"ImageObject","inLanguage":"es","@id":"https:\/\/infoseguridadit.com\/electronica\/#\/schema\/logo\/image\/","url":"http:\/\/infoseguridadit.com\/electronica\/wp-content\/uploads\/2023\/10\/cropped-logo-isit-latam-low-b.png","contentUrl":"http:\/\/infoseguridadit.com\/electronica\/wp-content\/uploads\/2023\/10\/cropped-logo-isit-latam-low-b.png","width":400,"height":111,"caption":"InfoSeguridadIT"},"image":{"@id":"https:\/\/infoseguridadit.com\/electronica\/#\/schema\/logo\/image\/"},"sameAs":["https:\/\/www.facebook.com\/Infoseguridadit","https:\/\/x.com\/gremioseguridad","https:\/\/www.instagram.com\/infoseguridadit\/","https:\/\/www.linkedin.com\/in\/ramiro-de-rosa--7879a99\/"]},{"@type":"Person","@id":"https:\/\/infoseguridadit.com\/electronica\/#\/schema\/person\/ebbcebab56199bc170ca93cc17e06b80","name":"InfoSeguridadIT","image":{"@type":"ImageObject","inLanguage":"es","@id":"https:\/\/secure.gravatar.com\/avatar\/f65dac9718ad877804b6a3fb5a58ca3238715fb7957e908f214fc5d6161d758f?s=96&d=mm&r=g","url":"https:\/\/secure.gravatar.com\/avatar\/f65dac9718ad877804b6a3fb5a58ca3238715fb7957e908f214fc5d6161d758f?s=96&d=mm&r=g","contentUrl":"https:\/\/secure.gravatar.com\/avatar\/f65dac9718ad877804b6a3fb5a58ca3238715fb7957e908f214fc5d6161d758f?s=96&d=mm&r=g","caption":"InfoSeguridadIT"},"sameAs":["https:\/\/infoseguridadit.com\/electronica\/","https:\/\/www.facebook.com\/Infoseguridadit\/","https:\/\/www.instagram.com\/infoseguridadit"],"url":"https:\/\/infoseguridadit.com\/electronica\/author\/ramiroderosa\/"}]}},"jetpack_publicize_connections":[],"jetpack_featured_media_url":"https:\/\/infoseguridadit.com\/electronica\/wp-content\/uploads\/2021\/09\/comites-nacionales-alas.jpeg","jetpack-related-posts":[{"id":16246,"url":"https:\/\/infoseguridadit.com\/electronica\/2025\/12\/18\/matias-favaro-2\/","url_meta":{"origin":12368,"position":0},"title":"Mat\u00edas F\u00e1varo es el nuevo Presidente del comit\u00e9 argentino de ALAS: una visi\u00f3n de gesti\u00f3n, comunicaci\u00f3n y desarrollo para la seguridad latinoamericana","author":"InfoSeguridadIT","date":"18 de diciembre de 2025","format":false,"excerpt":"Buenos Aires, Diciembre 2025 \u2014 La Asociaci\u00f3n Latinoamericana de Seguridad (ALAS), entidad referente que agrupa a las principales empresas y profesionales de la industria de la seguridad electr\u00f3nica en toda Am\u00e9rica Latina y el Caribe, anunci\u00f3 la designaci\u00f3n de Mat\u00edas F\u00e1varo como nuevo Presidente de su Comit\u00e9 Nacional Argentina. Con\u2026","rel":"","context":"En \u00abActualidad\u00bb","block_context":{"text":"Actualidad","link":"https:\/\/infoseguridadit.com\/electronica\/category\/actualidad\/"},"img":{"alt_text":"favaro alas","src":"https:\/\/i0.wp.com\/infoseguridadit.com\/electronica\/wp-content\/uploads\/2025\/12\/favaro-alas.jpeg?resize=350%2C200&ssl=1","width":350,"height":200,"srcset":"https:\/\/i0.wp.com\/infoseguridadit.com\/electronica\/wp-content\/uploads\/2025\/12\/favaro-alas.jpeg?resize=350%2C200&ssl=1 1x, https:\/\/i0.wp.com\/infoseguridadit.com\/electronica\/wp-content\/uploads\/2025\/12\/favaro-alas.jpeg?resize=525%2C300&ssl=1 1.5x, https:\/\/i0.wp.com\/infoseguridadit.com\/electronica\/wp-content\/uploads\/2025\/12\/favaro-alas.jpeg?resize=700%2C400&ssl=1 2x, https:\/\/i0.wp.com\/infoseguridadit.com\/electronica\/wp-content\/uploads\/2025\/12\/favaro-alas.jpeg?resize=1050%2C600&ssl=1 3x, https:\/\/i0.wp.com\/infoseguridadit.com\/electronica\/wp-content\/uploads\/2025\/12\/favaro-alas.jpeg?resize=1400%2C800&ssl=1 4x"},"classes":[]},{"id":16552,"url":"https:\/\/infoseguridadit.com\/electronica\/2026\/04\/19\/alas-3\/","url_meta":{"origin":12368,"position":1},"title":"ALAS fortalece su liderazgo regional como generador de est\u00e1ndares t\u00e9cnicos en seguridad","author":"InfoSeguridadIT","date":"19 de abril de 2026","format":false,"excerpt":"ALAS, la Asociaci\u00f3n Latinoamericana de Seguridad contin\u00faa consolidando su rol como referente en la industria al avanzar en su prop\u00f3sito de estructurar, profesionalizar y elevar los niveles de seguridad en Am\u00e9rica Latina. En l\u00ednea con esta visi\u00f3n, la Asociaci\u00f3n ha impulsado el desarrollo de su\u00a0Est\u00e1ndar Certificable ALAS, una iniciativa que\u2026","rel":"","context":"En \u00abActualidad\u00bb","block_context":{"text":"Actualidad","link":"https:\/\/infoseguridadit.com\/electronica\/category\/actualidad\/"},"img":{"alt_text":"alas","src":"https:\/\/i0.wp.com\/infoseguridadit.com\/electronica\/wp-content\/uploads\/2026\/04\/alas.jpeg?resize=350%2C200&ssl=1","width":350,"height":200,"srcset":"https:\/\/i0.wp.com\/infoseguridadit.com\/electronica\/wp-content\/uploads\/2026\/04\/alas.jpeg?resize=350%2C200&ssl=1 1x, https:\/\/i0.wp.com\/infoseguridadit.com\/electronica\/wp-content\/uploads\/2026\/04\/alas.jpeg?resize=525%2C300&ssl=1 1.5x, https:\/\/i0.wp.com\/infoseguridadit.com\/electronica\/wp-content\/uploads\/2026\/04\/alas.jpeg?resize=700%2C400&ssl=1 2x"},"classes":[]},{"id":10601,"url":"https:\/\/infoseguridadit.com\/electronica\/2020\/08\/21\/alas-se-expande-de-manera-disruptiva\/","url_meta":{"origin":12368,"position":2},"title":"ALAS se expande de manera disruptiva.","author":"InfoSeguridadIT","date":"21 de agosto de 2020","format":false,"excerpt":"ALAS, la Asociaci\u00f3n Latinoamericana de Seguridad, expande sus fronteras, abre el juego y acerca la seguridad, incluso, al usuario final. Por: Ramiro De Rosa, Director de Infogremio Como si se tratara de un commodity (\u00bfacaso no lo es?) ALAS abre sus puertas al usuario final. Esta estrategia, que hace unos\u2026","rel":"","context":"En \u00abInformes\u00bb","block_context":{"text":"Informes","link":"https:\/\/infoseguridadit.com\/electronica\/category\/inf\/"},"img":{"alt_text":"daniel banda infogremio softguard alas","src":"https:\/\/i0.wp.com\/infoseguridadit.com\/electronica\/wp-content\/uploads\/2020\/08\/875e6663-dfd8-4dd7-bcb3-0ccdc13149e3.jpeg?resize=350%2C200&ssl=1","width":350,"height":200,"srcset":"https:\/\/i0.wp.com\/infoseguridadit.com\/electronica\/wp-content\/uploads\/2020\/08\/875e6663-dfd8-4dd7-bcb3-0ccdc13149e3.jpeg?resize=350%2C200&ssl=1 1x, https:\/\/i0.wp.com\/infoseguridadit.com\/electronica\/wp-content\/uploads\/2020\/08\/875e6663-dfd8-4dd7-bcb3-0ccdc13149e3.jpeg?resize=525%2C300&ssl=1 1.5x, https:\/\/i0.wp.com\/infoseguridadit.com\/electronica\/wp-content\/uploads\/2020\/08\/875e6663-dfd8-4dd7-bcb3-0ccdc13149e3.jpeg?resize=700%2C400&ssl=1 2x, https:\/\/i0.wp.com\/infoseguridadit.com\/electronica\/wp-content\/uploads\/2020\/08\/875e6663-dfd8-4dd7-bcb3-0ccdc13149e3.jpeg?resize=1050%2C600&ssl=1 3x"},"classes":[]},{"id":12461,"url":"https:\/\/infoseguridadit.com\/electronica\/2021\/10\/07\/alas\/","url_meta":{"origin":12368,"position":3},"title":"Una reuni\u00f3n distinta para contarte algo que te puede interesar","author":"InfoSeguridadIT","date":"7 de octubre de 2021","format":false,"excerpt":"El comit\u00e9 Argentino de la asociaci\u00f3n Latinoamericana de seguridad (ALAS) invita a participar de una reuni\u00f3n en donde los integrantes contar\u00e1n las acciones que se llevan adelante y cuales son las intenciones de expansi\u00f3n para el a\u00f1o que viene. En diciembre se realizar\u00e1 la nueva votaci\u00f3n del comit\u00e9 y es\u2026","rel":"","context":"En \u00abEventos\u00bb","block_context":{"text":"Eventos","link":"https:\/\/infoseguridadit.com\/electronica\/category\/eventos\/"},"img":{"alt_text":"alas infoseguridadit","src":"https:\/\/i0.wp.com\/infoseguridadit.com\/electronica\/wp-content\/uploads\/2021\/10\/alas-infoseguridadit.jpg?resize=350%2C200&ssl=1","width":350,"height":200,"srcset":"https:\/\/i0.wp.com\/infoseguridadit.com\/electronica\/wp-content\/uploads\/2021\/10\/alas-infoseguridadit.jpg?resize=350%2C200&ssl=1 1x, https:\/\/i0.wp.com\/infoseguridadit.com\/electronica\/wp-content\/uploads\/2021\/10\/alas-infoseguridadit.jpg?resize=525%2C300&ssl=1 1.5x, https:\/\/i0.wp.com\/infoseguridadit.com\/electronica\/wp-content\/uploads\/2021\/10\/alas-infoseguridadit.jpg?resize=700%2C400&ssl=1 2x, https:\/\/i0.wp.com\/infoseguridadit.com\/electronica\/wp-content\/uploads\/2021\/10\/alas-infoseguridadit.jpg?resize=1050%2C600&ssl=1 3x, https:\/\/i0.wp.com\/infoseguridadit.com\/electronica\/wp-content\/uploads\/2021\/10\/alas-infoseguridadit.jpg?resize=1400%2C800&ssl=1 4x"},"classes":[]},{"id":13346,"url":"https:\/\/infoseguridadit.com\/electronica\/2022\/07\/07\/cumbre-alas\/","url_meta":{"origin":12368,"position":4},"title":"Cumbre ALAS cumple 10 a\u00f1os","author":"InfoSeguridadIT","date":"7 de julio de 2022","format":false,"excerpt":"Cumbre ALAS: ser\u00e1 en Miami la d\u00e9cima\u00a0Cumbre de la Asociaci\u00f3n Latinoamericana de Seguridad - ALAS\u00a0que se realizar\u00e1 del 8 al 9 de septiembre. Con el lema \u201cEl punto de encuentro de los l\u00edderes de la seguridad\u201d, la Asociaci\u00f3n dedicada a reunir a los principales actores de las tecnolog\u00edas de seguridad,\u2026","rel":"","context":"En \u00abActualidad\u00bb","block_context":{"text":"Actualidad","link":"https:\/\/infoseguridadit.com\/electronica\/category\/actualidad\/"},"img":{"alt_text":"cumbre alas infoseguridadit","src":"https:\/\/i0.wp.com\/infoseguridadit.com\/electronica\/wp-content\/uploads\/2022\/07\/cumbre-alas-infoseguridadit.png?resize=350%2C200&ssl=1","width":350,"height":200,"srcset":"https:\/\/i0.wp.com\/infoseguridadit.com\/electronica\/wp-content\/uploads\/2022\/07\/cumbre-alas-infoseguridadit.png?resize=350%2C200&ssl=1 1x, https:\/\/i0.wp.com\/infoseguridadit.com\/electronica\/wp-content\/uploads\/2022\/07\/cumbre-alas-infoseguridadit.png?resize=525%2C300&ssl=1 1.5x, https:\/\/i0.wp.com\/infoseguridadit.com\/electronica\/wp-content\/uploads\/2022\/07\/cumbre-alas-infoseguridadit.png?resize=700%2C400&ssl=1 2x"},"classes":[]},{"id":12762,"url":"https:\/\/infoseguridadit.com\/electronica\/2022\/04\/09\/encuentro-tecnologico-alas-2022\/","url_meta":{"origin":12368,"position":5},"title":"Encuentro Tecnol\u00f3gico ALAS 2022, el desaf\u00edo de no ser igual","author":"InfoSeguridadIT","date":"9 de abril de 2022","format":false,"excerpt":"Encuentro Tecnol\u00f3gico ALAS 2022, sin duda un nombre con mucho peso. Sin embargo, la nueva normalidad nos obliga a ser distintos. Ya no podremos hacer m\u00e1s de lo mismo. En este nuevo contexto, entrevistamos a Sebasti\u00e1n Cason, CEO en ItegoGPS - Presidente de Comit\u00e9 Alas Argentina (Asociaci\u00f3n Latinoamericana de Seguridad)\u2026","rel":"","context":"En \u00abActualidad\u00bb","block_context":{"text":"Actualidad","link":"https:\/\/infoseguridadit.com\/electronica\/category\/actualidad\/"},"img":{"alt_text":"","src":"https:\/\/i0.wp.com\/infoseguridadit.com\/electronica\/wp-content\/uploads\/2022\/04\/imagen-infoseguridadit-home-alas-et2022.jpg?resize=350%2C200&ssl=1","width":350,"height":200},"classes":[]}],"jetpack_shortlink":"https:\/\/wp.me\/p6cGtH-3du","_links":{"self":[{"href":"https:\/\/infoseguridadit.com\/electronica\/wp-json\/wp\/v2\/posts\/12368","targetHints":{"allow":["GET"]}}],"collection":[{"href":"https:\/\/infoseguridadit.com\/electronica\/wp-json\/wp\/v2\/posts"}],"about":[{"href":"https:\/\/infoseguridadit.com\/electronica\/wp-json\/wp\/v2\/types\/post"}],"author":[{"embeddable":true,"href":"https:\/\/infoseguridadit.com\/electronica\/wp-json\/wp\/v2\/users\/1"}],"replies":[{"embeddable":true,"href":"https:\/\/infoseguridadit.com\/electronica\/wp-json\/wp\/v2\/comments?post=12368"}],"version-history":[{"count":4,"href":"https:\/\/infoseguridadit.com\/electronica\/wp-json\/wp\/v2\/posts\/12368\/revisions"}],"predecessor-version":[{"id":12376,"href":"https:\/\/infoseguridadit.com\/electronica\/wp-json\/wp\/v2\/posts\/12368\/revisions\/12376"}],"wp:featuredmedia":[{"embeddable":true,"href":"https:\/\/infoseguridadit.com\/electronica\/wp-json\/wp\/v2\/media\/12369"}],"wp:attachment":[{"href":"https:\/\/infoseguridadit.com\/electronica\/wp-json\/wp\/v2\/media?parent=12368"}],"wp:term":[{"taxonomy":"category","embeddable":true,"href":"https:\/\/infoseguridadit.com\/electronica\/wp-json\/wp\/v2\/categories?post=12368"},{"taxonomy":"post_tag","embeddable":true,"href":"https:\/\/infoseguridadit.com\/electronica\/wp-json\/wp\/v2\/tags?post=12368"}],"curies":[{"name":"wp","href":"https:\/\/api.w.org\/{rel}","templated":true}]}}