{"id":12747,"date":"2022-04-07T20:00:31","date_gmt":"2022-04-07T23:00:31","guid":{"rendered":"http:\/\/infoseguridadit.com\/electronica\/?p=12747"},"modified":"2022-05-03T00:45:41","modified_gmt":"2022-05-03T03:45:41","slug":"alas-evento2022","status":"publish","type":"post","link":"https:\/\/infoseguridadit.com\/electronica\/2022\/04\/07\/alas-evento2022\/","title":{"rendered":"Encuentros Tecnol\u00f3gicos ALAS Buenos Aires &#8230;y un d\u00eda volvieron los eventos"},"content":{"rendered":"\n<p>ALAS ET2022 se realizar\u00e1 el 5 de mayo de este a\u00f1o, en el Golden Center de costanera norte. Se espera una masiva convocatoria y un evento sin precedentes. <\/p>\n\n\n\n<p>Hablamos con el Lic. Daniel G. Banda &#8211; CEO en SoftGuard Tech Corp. &#8211; International Director y Coordinador de Comit\u00e9s Nacionales en ALAS (<a href=\"https:\/\/alas-la.org\/\" target=\"_blank\" rel=\"noreferrer noopener\">Asociaci\u00f3n Latinoamericana de Seguridad<\/a>)<\/p>\n\n\n\n<div class=\"wp-block-image\"><figure class=\"alignright size-large is-resized\"><img loading=\"lazy\" decoding=\"async\" src=\"https:\/\/infoseguridadit.com\/electronica\/wp-content\/uploads\/2022\/04\/DANIELBANDA-SIN-FONDO-BN-1.png\" alt=\"alas\" class=\"wp-image-12749\" width=\"219\" height=\"168\" srcset=\"https:\/\/infoseguridadit.com\/electronica\/wp-content\/uploads\/2022\/04\/DANIELBANDA-SIN-FONDO-BN-1.png 400w, https:\/\/infoseguridadit.com\/electronica\/wp-content\/uploads\/2022\/04\/DANIELBANDA-SIN-FONDO-BN-1-300x231.png 300w\" sizes=\"auto, (max-width: 219px) 100vw, 219px\" \/><\/figure><\/div>\n\n\n\n<p><br><strong>Despu\u00e9s de tanto tiempo, \u00bfc\u00f3mo es organizar un evento presencial?<br><\/strong>La primera palabra que se me ocurre para elaborar es \u201cpandemia\u201d. No podemos pretender que la pandemia no nos haya dejado nada positivo y no haya cambiado nada a favor de nosotros. Lo que nos da\u00f1\u00f3 ya lo sabemos. Los seres queridos que perdimos, lo que fue un cambio dr\u00e1stico de vida, que nuestros hijos lleven 2 a\u00f1os asimilando que hay que vivir con barbijo y distanciamiento. Bueno, un mont\u00f3n de dolores que de alguna manera tienen que habernos dejado alguna ense\u00f1anza. No podemos, ahora, pretender que el \u201cback to normal\u201d, la vuelta a la normalidad, sea volver a como est\u00e1bamos porque hab\u00eda muchas cosas que estaban mal. Entonces, es el momento m\u00e1s importante antes de retomar todo lo que hac\u00edas igual para hacerlo mejor. Diferente sin lugar a duda, y mejor tambi\u00e9n como una meta concreta.<\/p>\n\n\n\n<p><strong>Vos adem\u00e1s de tu rol en ALAS, sos un integrante de la industria, \u00bfc\u00f3mo es esa relaci\u00f3n?<br><\/strong>La relaci\u00f3n con ALAS es una relaci\u00f3n, en lo personal, de amor por algo que se siente como propio. De alguna manera es una comunidad en la que cuando uno se va viniendo m\u00e1s grande empiezan a aparecer ciertos planteos. Auto planteos. De que, de alguna manera, todo lo que lograste y que te dio la industria hay que devolverlo. Las cuestiones empiezan a tener un objetivo que ya no es tal vez monetario ni de resultados en los negocios, sino que tiene que ver con un prop\u00f3sito y algo que te haga bien, que te haga sentir m\u00e1s saludable. Que te haga sentir joven y con proyectos para devolverle a la industria todo lo que te dio, de alguna manera. Y la industria es, b\u00e1sicamente, su gente.<\/p>\n\n\n\n<p><strong>Antes dec\u00edas que hab\u00eda que retomar, pero diferente, \u00bfqu\u00e9 diferencia ves espec\u00edficamente?<br><\/strong>En el marco qu\u00e9 nos deja la pandemia en cuanto a aprendizaje y la oportunidad de replantearnos c\u00f3mo va a ser esa nueva normalidad, que se parece m\u00e1s a la pre-pand\u00e9mica, tenemos que trabajar todos en entender que no necesariamente lo que se hac\u00eda y c\u00f3mo se hac\u00eda es la mejor forma. As\u00ed que los encuentros tecnol\u00f3gicos ALAS, que son su evento presencial m\u00e1s importante en esta vuelta a la normalidad en cada pa\u00eds, deben tener una impronta diferente. Deben tener un desarrollo y unas metas superadoras a lo que ven\u00edamos trayendo. Yo tomar\u00eda como un fracaso que retomemos lo mismo que hac\u00edamos con anterioridad al COVID<\/p>\n\n\n\n<p>Con el TEAM de ALAS Argentina, que es uno de los 11 comit\u00e9s que me tocan coordinar, pero como soy argentino y vivo en la Argentina, y tengo un circulo de amistad con todos sus integrantes desde el d\u00eda que fundamos el comit\u00e9 Argentina a fines de 2019, tengo mucha m\u00e1s interacci\u00f3n. Por lo tanto, tenemos la chance de hacer un TESTING LAB para lo que son proyectos nuevos. As\u00ed fueron saliendo, por ejemplo, los ALAS TALK. Hay varios proyectos innovadores para este a\u00f1o, en este momento dirigido por su presidente, Sebasti\u00e1n Cas\u00f3n y muchos colaboradores que le ponen much\u00edsima energ\u00eda.<br><strong>\u00bfEntonces, hablando de cambios, que tiene de diferente este evento con los pre-pandemia?<br><\/strong>Estamos pensando en un encuentro tecnol\u00f3gico que yo le llamo \u00abrecargado\u00bb porque en realidad migramos de la idea de un sal\u00f3n de hotel a un sal\u00f3n de convenciones. De un evento de tres o cuatro sponsors a un evento de doce o quince sponsors. Parecido a una mini expo. Y donde, digamos, el eje troncal del cambio est\u00e1 en los contenidos. C\u00f3mo se dan, qui\u00e9n los va a dar y a qu\u00e9 apuntamos.<\/p>\n\n\n\n<p>En este marco, el evento va a tener mucho brillo porque las y los vicepresidentes a cargo de las diferentes \u00e1reas del comit\u00e9 ALAS Argentina que est\u00e1n trabajando, en especial muy fuerte, M\u00f3nica Caruso y Sergio Mazzoni en total coordinaci\u00f3n con Sebasti\u00e1n Cas\u00f3n, presidente y Pablo Bertucelli, secretario. Van a desarrollar no solamente contenidos muy valiosos sino de una forma no tradicional. Que obviamente para resguardar cuestiones del evento no puedo revelar. E incluso porque no las conozco en profundidad porque este comit\u00e9 trabaja de una manera muy organizada y, de alguna manera, est\u00e1 blindada la esencia del evento a ir liber\u00e1ndolo en los t\u00e9rminos que marcan las reglas del marketing digital moderno.<\/p>\n\n\n\n<figure class=\"wp-block-image size-large\"><a href=\"https:\/\/alas-la.org\/encuentro-tecnologico-alas-buenos-aires\/\" target=\"_blank\" rel=\"noopener noreferrer\"><img loading=\"lazy\" decoding=\"async\" width=\"794\" height=\"1024\" src=\"https:\/\/infoseguridadit.com\/electronica\/wp-content\/uploads\/2022\/04\/alas-2022-5m-794x1024.jpg\" alt=\"\" class=\"wp-image-12750\" srcset=\"https:\/\/infoseguridadit.com\/electronica\/wp-content\/uploads\/2022\/04\/alas-2022-5m-794x1024.jpg 794w, https:\/\/infoseguridadit.com\/electronica\/wp-content\/uploads\/2022\/04\/alas-2022-5m-233x300.jpg 233w, https:\/\/infoseguridadit.com\/electronica\/wp-content\/uploads\/2022\/04\/alas-2022-5m-768x991.jpg 768w, https:\/\/infoseguridadit.com\/electronica\/wp-content\/uploads\/2022\/04\/alas-2022-5m.jpg 800w\" sizes=\"auto, (max-width: 794px) 100vw, 794px\" \/><\/a><\/figure>\n","protected":false},"excerpt":{"rendered":"<p>ALAS ET2022 se realizar\u00e1 el 5 de mayo de este a\u00f1o, en el Golden Center de costanera norte. Se espera una masiva convocatoria y un evento sin precedentes. Hablamos con el Lic. Daniel G. Banda &#8211; CEO en SoftGuard Tech Corp. &#8211; International Director y Coordinador de Comit\u00e9s Nacionales en ALAS (Asociaci\u00f3n Latinoamericana de Seguridad) [&hellip;]<\/p>\n","protected":false},"author":1,"featured_media":12757,"comment_status":"closed","ping_status":"closed","sticky":false,"template":"","format":"standard","meta":{"jetpack_post_was_ever_published":false,"_joinchat":{"telephone":"+5491159150298","message_text":"Quiero participar!","message_send":"Por favor enviar m\u00e1s informaci\u00f3n para asistir","view":"yes"},"footnotes":"","jetpack_publicize_message":"","jetpack_publicize_feature_enabled":true,"jetpack_social_post_already_shared":true,"jetpack_social_options":{"image_generator_settings":{"template":"highway","default_image_id":0,"font":"","enabled":false},"version":2}},"categories":[9],"tags":[381,148,293],"class_list":["post-12747","post","type-post","status-publish","format-standard","has-post-thumbnail","hentry","category-eventos","tag-alas","tag-honeywell","tag-softguard-tech"],"yoast_head":"<!-- This site is optimized with the Yoast SEO plugin v27.3 - https:\/\/yoast.com\/product\/yoast-seo-wordpress\/ -->\n<title>Encuentros Tecnol\u00f3gicos ALAS Buenos Aires ...y un d\u00eda volvieron los eventos - InfoSeguridadIT<\/title>\n<meta name=\"description\" content=\"ALAS ET2022 se realizar\u00e1 el 5 de mayo de este a\u00f1o, en el Golden Center de costanera norte. Se espera una masiva convocatoria\" \/>\n<meta name=\"robots\" content=\"index, follow, max-snippet:-1, max-image-preview:large, max-video-preview:-1\" \/>\n<link rel=\"canonical\" href=\"https:\/\/infoseguridadit.com\/electronica\/2022\/04\/07\/alas-evento2022\/\" \/>\n<meta property=\"og:locale\" content=\"es_ES\" \/>\n<meta property=\"og:type\" content=\"article\" \/>\n<meta property=\"og:title\" content=\"Encuentros Tecnol\u00f3gicos ALAS Buenos Aires ...y un d\u00eda volvieron los eventos - InfoSeguridadIT\" \/>\n<meta property=\"og:description\" content=\"ALAS ET2022 se realizar\u00e1 el 5 de mayo de este a\u00f1o, en el Golden Center de costanera norte. Se espera una masiva convocatoria\" \/>\n<meta property=\"og:url\" content=\"https:\/\/infoseguridadit.com\/electronica\/2022\/04\/07\/alas-evento2022\/\" \/>\n<meta property=\"og:site_name\" content=\"InfoSeguridadIT\" \/>\n<meta property=\"article:publisher\" content=\"https:\/\/www.facebook.com\/Infoseguridadit\" \/>\n<meta property=\"article:author\" content=\"https:\/\/www.facebook.com\/Infoseguridadit\/\" \/>\n<meta property=\"article:published_time\" content=\"2022-04-07T23:00:31+00:00\" \/>\n<meta property=\"article:modified_time\" content=\"2022-05-03T03:45:41+00:00\" \/>\n<meta property=\"og:image\" content=\"https:\/\/infoseguridadit.com\/electronica\/wp-content\/uploads\/2022\/04\/alas-2022-5d-infoseguridadit-1024x596.png\" \/>\n\t<meta property=\"og:image:width\" content=\"1024\" \/>\n\t<meta property=\"og:image:height\" content=\"596\" \/>\n\t<meta property=\"og:image:type\" content=\"image\/png\" \/>\n<meta name=\"author\" content=\"InfoSeguridadIT\" \/>\n<meta name=\"twitter:card\" content=\"summary_large_image\" \/>\n<meta name=\"twitter:image\" content=\"https:\/\/infoseguridadit.com\/electronica\/wp-content\/uploads\/2022\/04\/alas-2022-5d-infoseguridadit.png\" \/>\n<meta name=\"twitter:creator\" content=\"@gremioseguridad\" \/>\n<meta name=\"twitter:site\" content=\"@gremioseguridad\" \/>\n<meta name=\"twitter:label1\" content=\"Escrito por\" \/>\n\t<meta name=\"twitter:data1\" content=\"InfoSeguridadIT\" \/>\n\t<meta name=\"twitter:label2\" content=\"Tiempo de lectura\" \/>\n\t<meta name=\"twitter:data2\" content=\"4 minutos\" \/>\n<script type=\"application\/ld+json\" class=\"yoast-schema-graph\">{\"@context\":\"https:\\\/\\\/schema.org\",\"@graph\":[{\"@type\":\"Article\",\"@id\":\"https:\\\/\\\/infoseguridadit.com\\\/electronica\\\/2022\\\/04\\\/07\\\/alas-evento2022\\\/#article\",\"isPartOf\":{\"@id\":\"https:\\\/\\\/infoseguridadit.com\\\/electronica\\\/2022\\\/04\\\/07\\\/alas-evento2022\\\/\"},\"author\":{\"name\":\"InfoSeguridadIT\",\"@id\":\"https:\\\/\\\/infoseguridadit.com\\\/electronica\\\/#\\\/schema\\\/person\\\/ebbcebab56199bc170ca93cc17e06b80\"},\"headline\":\"Encuentros Tecnol\u00f3gicos ALAS Buenos Aires &#8230;y un d\u00eda volvieron los eventos\",\"datePublished\":\"2022-04-07T23:00:31+00:00\",\"dateModified\":\"2022-05-03T03:45:41+00:00\",\"mainEntityOfPage\":{\"@id\":\"https:\\\/\\\/infoseguridadit.com\\\/electronica\\\/2022\\\/04\\\/07\\\/alas-evento2022\\\/\"},\"wordCount\":834,\"publisher\":{\"@id\":\"https:\\\/\\\/infoseguridadit.com\\\/electronica\\\/#organization\"},\"image\":{\"@id\":\"https:\\\/\\\/infoseguridadit.com\\\/electronica\\\/2022\\\/04\\\/07\\\/alas-evento2022\\\/#primaryimage\"},\"thumbnailUrl\":\"https:\\\/\\\/infoseguridadit.com\\\/electronica\\\/wp-content\\\/uploads\\\/2022\\\/04\\\/header-alas-et2022.png\",\"keywords\":[\"alas\",\"honeywell\",\"softguard tech\"],\"articleSection\":[\"Eventos\"],\"inLanguage\":\"es\"},{\"@type\":\"WebPage\",\"@id\":\"https:\\\/\\\/infoseguridadit.com\\\/electronica\\\/2022\\\/04\\\/07\\\/alas-evento2022\\\/\",\"url\":\"https:\\\/\\\/infoseguridadit.com\\\/electronica\\\/2022\\\/04\\\/07\\\/alas-evento2022\\\/\",\"name\":\"Encuentros Tecnol\u00f3gicos ALAS Buenos Aires ...y un d\u00eda volvieron los eventos - InfoSeguridadIT\",\"isPartOf\":{\"@id\":\"https:\\\/\\\/infoseguridadit.com\\\/electronica\\\/#website\"},\"primaryImageOfPage\":{\"@id\":\"https:\\\/\\\/infoseguridadit.com\\\/electronica\\\/2022\\\/04\\\/07\\\/alas-evento2022\\\/#primaryimage\"},\"image\":{\"@id\":\"https:\\\/\\\/infoseguridadit.com\\\/electronica\\\/2022\\\/04\\\/07\\\/alas-evento2022\\\/#primaryimage\"},\"thumbnailUrl\":\"https:\\\/\\\/infoseguridadit.com\\\/electronica\\\/wp-content\\\/uploads\\\/2022\\\/04\\\/header-alas-et2022.png\",\"datePublished\":\"2022-04-07T23:00:31+00:00\",\"dateModified\":\"2022-05-03T03:45:41+00:00\",\"description\":\"ALAS ET2022 se realizar\u00e1 el 5 de mayo de este a\u00f1o, en el Golden Center de costanera norte. Se espera una masiva convocatoria\",\"breadcrumb\":{\"@id\":\"https:\\\/\\\/infoseguridadit.com\\\/electronica\\\/2022\\\/04\\\/07\\\/alas-evento2022\\\/#breadcrumb\"},\"inLanguage\":\"es\",\"potentialAction\":[{\"@type\":\"ReadAction\",\"target\":[\"https:\\\/\\\/infoseguridadit.com\\\/electronica\\\/2022\\\/04\\\/07\\\/alas-evento2022\\\/\"]}]},{\"@type\":\"ImageObject\",\"inLanguage\":\"es\",\"@id\":\"https:\\\/\\\/infoseguridadit.com\\\/electronica\\\/2022\\\/04\\\/07\\\/alas-evento2022\\\/#primaryimage\",\"url\":\"https:\\\/\\\/infoseguridadit.com\\\/electronica\\\/wp-content\\\/uploads\\\/2022\\\/04\\\/header-alas-et2022.png\",\"contentUrl\":\"https:\\\/\\\/infoseguridadit.com\\\/electronica\\\/wp-content\\\/uploads\\\/2022\\\/04\\\/header-alas-et2022.png\",\"width\":1426,\"height\":530},{\"@type\":\"BreadcrumbList\",\"@id\":\"https:\\\/\\\/infoseguridadit.com\\\/electronica\\\/2022\\\/04\\\/07\\\/alas-evento2022\\\/#breadcrumb\",\"itemListElement\":[{\"@type\":\"ListItem\",\"position\":1,\"name\":\"Portada\",\"item\":\"https:\\\/\\\/infoseguridadit.com\\\/electronica\\\/\"},{\"@type\":\"ListItem\",\"position\":2,\"name\":\"Encuentros Tecnol\u00f3gicos ALAS Buenos Aires &#8230;y un d\u00eda volvieron los eventos\"}]},{\"@type\":\"WebSite\",\"@id\":\"https:\\\/\\\/infoseguridadit.com\\\/electronica\\\/#website\",\"url\":\"https:\\\/\\\/infoseguridadit.com\\\/electronica\\\/\",\"name\":\"InfoSeguridadIT\",\"description\":\"InfoSeguridadIT es un portal de noticias sobre tecnolog\u00eda y seguridad electr\u00f3nica dirigido a Integradores, Distribuidores, Importadores, Fabricantes, etc.\",\"publisher\":{\"@id\":\"https:\\\/\\\/infoseguridadit.com\\\/electronica\\\/#organization\"},\"potentialAction\":[{\"@type\":\"SearchAction\",\"target\":{\"@type\":\"EntryPoint\",\"urlTemplate\":\"https:\\\/\\\/infoseguridadit.com\\\/electronica\\\/?s={search_term_string}\"},\"query-input\":{\"@type\":\"PropertyValueSpecification\",\"valueRequired\":true,\"valueName\":\"search_term_string\"}}],\"inLanguage\":\"es\"},{\"@type\":\"Organization\",\"@id\":\"https:\\\/\\\/infoseguridadit.com\\\/electronica\\\/#organization\",\"name\":\"InfoSeguridadIT\",\"url\":\"https:\\\/\\\/infoseguridadit.com\\\/electronica\\\/\",\"logo\":{\"@type\":\"ImageObject\",\"inLanguage\":\"es\",\"@id\":\"https:\\\/\\\/infoseguridadit.com\\\/electronica\\\/#\\\/schema\\\/logo\\\/image\\\/\",\"url\":\"http:\\\/\\\/infoseguridadit.com\\\/electronica\\\/wp-content\\\/uploads\\\/2023\\\/10\\\/cropped-logo-isit-latam-low-b.png\",\"contentUrl\":\"http:\\\/\\\/infoseguridadit.com\\\/electronica\\\/wp-content\\\/uploads\\\/2023\\\/10\\\/cropped-logo-isit-latam-low-b.png\",\"width\":400,\"height\":111,\"caption\":\"InfoSeguridadIT\"},\"image\":{\"@id\":\"https:\\\/\\\/infoseguridadit.com\\\/electronica\\\/#\\\/schema\\\/logo\\\/image\\\/\"},\"sameAs\":[\"https:\\\/\\\/www.facebook.com\\\/Infoseguridadit\",\"https:\\\/\\\/x.com\\\/gremioseguridad\",\"https:\\\/\\\/www.instagram.com\\\/infoseguridadit\\\/\",\"https:\\\/\\\/www.linkedin.com\\\/in\\\/ramiro-de-rosa--7879a99\\\/\"]},{\"@type\":\"Person\",\"@id\":\"https:\\\/\\\/infoseguridadit.com\\\/electronica\\\/#\\\/schema\\\/person\\\/ebbcebab56199bc170ca93cc17e06b80\",\"name\":\"InfoSeguridadIT\",\"image\":{\"@type\":\"ImageObject\",\"inLanguage\":\"es\",\"@id\":\"https:\\\/\\\/secure.gravatar.com\\\/avatar\\\/f65dac9718ad877804b6a3fb5a58ca3238715fb7957e908f214fc5d6161d758f?s=96&d=mm&r=g\",\"url\":\"https:\\\/\\\/secure.gravatar.com\\\/avatar\\\/f65dac9718ad877804b6a3fb5a58ca3238715fb7957e908f214fc5d6161d758f?s=96&d=mm&r=g\",\"contentUrl\":\"https:\\\/\\\/secure.gravatar.com\\\/avatar\\\/f65dac9718ad877804b6a3fb5a58ca3238715fb7957e908f214fc5d6161d758f?s=96&d=mm&r=g\",\"caption\":\"InfoSeguridadIT\"},\"sameAs\":[\"https:\\\/\\\/infoseguridadit.com\\\/electronica\\\/\",\"https:\\\/\\\/www.facebook.com\\\/Infoseguridadit\\\/\",\"https:\\\/\\\/www.instagram.com\\\/infoseguridadit\"],\"url\":\"https:\\\/\\\/infoseguridadit.com\\\/electronica\\\/author\\\/ramiroderosa\\\/\"}]}<\/script>\n<!-- \/ Yoast SEO plugin. -->","yoast_head_json":{"title":"Encuentros Tecnol\u00f3gicos ALAS Buenos Aires ...y un d\u00eda volvieron los eventos - InfoSeguridadIT","description":"ALAS ET2022 se realizar\u00e1 el 5 de mayo de este a\u00f1o, en el Golden Center de costanera norte. Se espera una masiva convocatoria","robots":{"index":"index","follow":"follow","max-snippet":"max-snippet:-1","max-image-preview":"max-image-preview:large","max-video-preview":"max-video-preview:-1"},"canonical":"https:\/\/infoseguridadit.com\/electronica\/2022\/04\/07\/alas-evento2022\/","og_locale":"es_ES","og_type":"article","og_title":"Encuentros Tecnol\u00f3gicos ALAS Buenos Aires ...y un d\u00eda volvieron los eventos - InfoSeguridadIT","og_description":"ALAS ET2022 se realizar\u00e1 el 5 de mayo de este a\u00f1o, en el Golden Center de costanera norte. Se espera una masiva convocatoria","og_url":"https:\/\/infoseguridadit.com\/electronica\/2022\/04\/07\/alas-evento2022\/","og_site_name":"InfoSeguridadIT","article_publisher":"https:\/\/www.facebook.com\/Infoseguridadit","article_author":"https:\/\/www.facebook.com\/Infoseguridadit\/","article_published_time":"2022-04-07T23:00:31+00:00","article_modified_time":"2022-05-03T03:45:41+00:00","og_image":[{"width":1024,"height":596,"url":"https:\/\/infoseguridadit.com\/electronica\/wp-content\/uploads\/2022\/04\/alas-2022-5d-infoseguridadit-1024x596.png","type":"image\/png"}],"author":"InfoSeguridadIT","twitter_card":"summary_large_image","twitter_image":"https:\/\/infoseguridadit.com\/electronica\/wp-content\/uploads\/2022\/04\/alas-2022-5d-infoseguridadit.png","twitter_creator":"@gremioseguridad","twitter_site":"@gremioseguridad","twitter_misc":{"Escrito por":"InfoSeguridadIT","Tiempo de lectura":"4 minutos"},"schema":{"@context":"https:\/\/schema.org","@graph":[{"@type":"Article","@id":"https:\/\/infoseguridadit.com\/electronica\/2022\/04\/07\/alas-evento2022\/#article","isPartOf":{"@id":"https:\/\/infoseguridadit.com\/electronica\/2022\/04\/07\/alas-evento2022\/"},"author":{"name":"InfoSeguridadIT","@id":"https:\/\/infoseguridadit.com\/electronica\/#\/schema\/person\/ebbcebab56199bc170ca93cc17e06b80"},"headline":"Encuentros Tecnol\u00f3gicos ALAS Buenos Aires &#8230;y un d\u00eda volvieron los eventos","datePublished":"2022-04-07T23:00:31+00:00","dateModified":"2022-05-03T03:45:41+00:00","mainEntityOfPage":{"@id":"https:\/\/infoseguridadit.com\/electronica\/2022\/04\/07\/alas-evento2022\/"},"wordCount":834,"publisher":{"@id":"https:\/\/infoseguridadit.com\/electronica\/#organization"},"image":{"@id":"https:\/\/infoseguridadit.com\/electronica\/2022\/04\/07\/alas-evento2022\/#primaryimage"},"thumbnailUrl":"https:\/\/infoseguridadit.com\/electronica\/wp-content\/uploads\/2022\/04\/header-alas-et2022.png","keywords":["alas","honeywell","softguard tech"],"articleSection":["Eventos"],"inLanguage":"es"},{"@type":"WebPage","@id":"https:\/\/infoseguridadit.com\/electronica\/2022\/04\/07\/alas-evento2022\/","url":"https:\/\/infoseguridadit.com\/electronica\/2022\/04\/07\/alas-evento2022\/","name":"Encuentros Tecnol\u00f3gicos ALAS Buenos Aires ...y un d\u00eda volvieron los eventos - InfoSeguridadIT","isPartOf":{"@id":"https:\/\/infoseguridadit.com\/electronica\/#website"},"primaryImageOfPage":{"@id":"https:\/\/infoseguridadit.com\/electronica\/2022\/04\/07\/alas-evento2022\/#primaryimage"},"image":{"@id":"https:\/\/infoseguridadit.com\/electronica\/2022\/04\/07\/alas-evento2022\/#primaryimage"},"thumbnailUrl":"https:\/\/infoseguridadit.com\/electronica\/wp-content\/uploads\/2022\/04\/header-alas-et2022.png","datePublished":"2022-04-07T23:00:31+00:00","dateModified":"2022-05-03T03:45:41+00:00","description":"ALAS ET2022 se realizar\u00e1 el 5 de mayo de este a\u00f1o, en el Golden Center de costanera norte. Se espera una masiva convocatoria","breadcrumb":{"@id":"https:\/\/infoseguridadit.com\/electronica\/2022\/04\/07\/alas-evento2022\/#breadcrumb"},"inLanguage":"es","potentialAction":[{"@type":"ReadAction","target":["https:\/\/infoseguridadit.com\/electronica\/2022\/04\/07\/alas-evento2022\/"]}]},{"@type":"ImageObject","inLanguage":"es","@id":"https:\/\/infoseguridadit.com\/electronica\/2022\/04\/07\/alas-evento2022\/#primaryimage","url":"https:\/\/infoseguridadit.com\/electronica\/wp-content\/uploads\/2022\/04\/header-alas-et2022.png","contentUrl":"https:\/\/infoseguridadit.com\/electronica\/wp-content\/uploads\/2022\/04\/header-alas-et2022.png","width":1426,"height":530},{"@type":"BreadcrumbList","@id":"https:\/\/infoseguridadit.com\/electronica\/2022\/04\/07\/alas-evento2022\/#breadcrumb","itemListElement":[{"@type":"ListItem","position":1,"name":"Portada","item":"https:\/\/infoseguridadit.com\/electronica\/"},{"@type":"ListItem","position":2,"name":"Encuentros Tecnol\u00f3gicos ALAS Buenos Aires &#8230;y un d\u00eda volvieron los eventos"}]},{"@type":"WebSite","@id":"https:\/\/infoseguridadit.com\/electronica\/#website","url":"https:\/\/infoseguridadit.com\/electronica\/","name":"InfoSeguridadIT","description":"InfoSeguridadIT es un portal de noticias sobre tecnolog\u00eda y seguridad electr\u00f3nica dirigido a Integradores, Distribuidores, Importadores, Fabricantes, etc.","publisher":{"@id":"https:\/\/infoseguridadit.com\/electronica\/#organization"},"potentialAction":[{"@type":"SearchAction","target":{"@type":"EntryPoint","urlTemplate":"https:\/\/infoseguridadit.com\/electronica\/?s={search_term_string}"},"query-input":{"@type":"PropertyValueSpecification","valueRequired":true,"valueName":"search_term_string"}}],"inLanguage":"es"},{"@type":"Organization","@id":"https:\/\/infoseguridadit.com\/electronica\/#organization","name":"InfoSeguridadIT","url":"https:\/\/infoseguridadit.com\/electronica\/","logo":{"@type":"ImageObject","inLanguage":"es","@id":"https:\/\/infoseguridadit.com\/electronica\/#\/schema\/logo\/image\/","url":"http:\/\/infoseguridadit.com\/electronica\/wp-content\/uploads\/2023\/10\/cropped-logo-isit-latam-low-b.png","contentUrl":"http:\/\/infoseguridadit.com\/electronica\/wp-content\/uploads\/2023\/10\/cropped-logo-isit-latam-low-b.png","width":400,"height":111,"caption":"InfoSeguridadIT"},"image":{"@id":"https:\/\/infoseguridadit.com\/electronica\/#\/schema\/logo\/image\/"},"sameAs":["https:\/\/www.facebook.com\/Infoseguridadit","https:\/\/x.com\/gremioseguridad","https:\/\/www.instagram.com\/infoseguridadit\/","https:\/\/www.linkedin.com\/in\/ramiro-de-rosa--7879a99\/"]},{"@type":"Person","@id":"https:\/\/infoseguridadit.com\/electronica\/#\/schema\/person\/ebbcebab56199bc170ca93cc17e06b80","name":"InfoSeguridadIT","image":{"@type":"ImageObject","inLanguage":"es","@id":"https:\/\/secure.gravatar.com\/avatar\/f65dac9718ad877804b6a3fb5a58ca3238715fb7957e908f214fc5d6161d758f?s=96&d=mm&r=g","url":"https:\/\/secure.gravatar.com\/avatar\/f65dac9718ad877804b6a3fb5a58ca3238715fb7957e908f214fc5d6161d758f?s=96&d=mm&r=g","contentUrl":"https:\/\/secure.gravatar.com\/avatar\/f65dac9718ad877804b6a3fb5a58ca3238715fb7957e908f214fc5d6161d758f?s=96&d=mm&r=g","caption":"InfoSeguridadIT"},"sameAs":["https:\/\/infoseguridadit.com\/electronica\/","https:\/\/www.facebook.com\/Infoseguridadit\/","https:\/\/www.instagram.com\/infoseguridadit"],"url":"https:\/\/infoseguridadit.com\/electronica\/author\/ramiroderosa\/"}]}},"jetpack_publicize_connections":[],"jetpack_featured_media_url":"https:\/\/infoseguridadit.com\/electronica\/wp-content\/uploads\/2022\/04\/header-alas-et2022.png","jetpack-related-posts":[{"id":12888,"url":"https:\/\/infoseguridadit.com\/electronica\/2022\/04\/29\/encuentro-tecnologico-alas\/","url_meta":{"origin":12747,"position":0},"title":"ALAS aterriza en Uruguay y ya juega de local","author":"InfoSeguridadIT","date":"29 de abril de 2022","format":false,"excerpt":"El Encuentro Tecnol\u00f3gico ALAS Uruguay 2022 ya promete ser un \u00e9xito por la cantidad de registrados y empresas patrocinadoras. Entrevistamos al Lic. Daniel G. Banda \u2013 CEO en SoftGuard Tech Corp. \u2013 International Director y Coordinador de Comit\u00e9s Nacionales en ALAS (Asociaci\u00f3n Latinoamericana de Seguridad) \u00bfCu\u00e1l es la situaci\u00f3n de\u2026","rel":"","context":"En \u00abActualidad\u00bb","block_context":{"text":"Actualidad","link":"https:\/\/infoseguridadit.com\/electronica\/category\/actualidad\/"},"img":{"alt_text":"","src":"https:\/\/i0.wp.com\/infoseguridadit.com\/electronica\/wp-content\/uploads\/2022\/04\/etalasuy.jpg?resize=350%2C200&ssl=1","width":350,"height":200,"srcset":"https:\/\/i0.wp.com\/infoseguridadit.com\/electronica\/wp-content\/uploads\/2022\/04\/etalasuy.jpg?resize=350%2C200&ssl=1 1x, https:\/\/i0.wp.com\/infoseguridadit.com\/electronica\/wp-content\/uploads\/2022\/04\/etalasuy.jpg?resize=525%2C300&ssl=1 1.5x, https:\/\/i0.wp.com\/infoseguridadit.com\/electronica\/wp-content\/uploads\/2022\/04\/etalasuy.jpg?resize=700%2C400&ssl=1 2x, https:\/\/i0.wp.com\/infoseguridadit.com\/electronica\/wp-content\/uploads\/2022\/04\/etalasuy.jpg?resize=1050%2C600&ssl=1 3x"},"classes":[]},{"id":9693,"url":"https:\/\/infoseguridadit.com\/electronica\/2020\/03\/21\/feria-digital-alas\/","url_meta":{"origin":12747,"position":1},"title":"Feria digital ALAS, seguir conectados a pesar el COVID-19","author":"InfoSeguridadIT","date":"21 de marzo de 2020","format":false,"excerpt":"Luego de numerosas cancelaciones de eventos presenciales que re\u00fanen a la industria de la seguridad electr\u00f3nica, la Feria Digital ALAS impulsa una innovadora iniciativa que busca hacerle frente a las limitaciones de la pandemia que paraliza al mundo, promoviendo el contacto entre las principales marcas del mercado de una manera\u2026","rel":"","context":"En \u00abActualidad\u00bb","block_context":{"text":"Actualidad","link":"https:\/\/infoseguridadit.com\/electronica\/category\/actualidad\/"},"img":{"alt_text":"Feria digital ALAS","src":"https:\/\/i0.wp.com\/infoseguridadit.com\/electronica\/wp-content\/uploads\/2020\/03\/feria-digital-alas-2.jpg?resize=350%2C200&ssl=1","width":350,"height":200,"srcset":"https:\/\/i0.wp.com\/infoseguridadit.com\/electronica\/wp-content\/uploads\/2020\/03\/feria-digital-alas-2.jpg?resize=350%2C200&ssl=1 1x, https:\/\/i0.wp.com\/infoseguridadit.com\/electronica\/wp-content\/uploads\/2020\/03\/feria-digital-alas-2.jpg?resize=525%2C300&ssl=1 1.5x, https:\/\/i0.wp.com\/infoseguridadit.com\/electronica\/wp-content\/uploads\/2020\/03\/feria-digital-alas-2.jpg?resize=700%2C400&ssl=1 2x"},"classes":[]},{"id":9618,"url":"https:\/\/infoseguridadit.com\/electronica\/2020\/03\/15\/comite-alas\/","url_meta":{"origin":12747,"position":2},"title":"Comit\u00e9 ALAS Argentina increment\u00f3 en m\u00e1s del 100% la activaci\u00f3n de socios","author":"InfoSeguridadIT","date":"15 de marzo de 2020","format":false,"excerpt":"Comit\u00e9 ALAS Argentina creado el pasado agosto de 2019 fue una idea que naci\u00f3 encabezada por Daniel Banda y Diego Madeo, quienes hoy representan la presidencia del comit\u00e9 y la vice presidencia de Marketing respectivamente, y al que se han venido sumando muchos socios m\u00e1s. \u00a0 \u00a0 En el comit\u00e9\u2026","rel":"","context":"En \u00abActualidad\u00bb","block_context":{"text":"Actualidad","link":"https:\/\/infoseguridadit.com\/electronica\/category\/actualidad\/"},"img":{"alt_text":"comite alas","src":"https:\/\/i0.wp.com\/infoseguridadit.com\/electronica\/wp-content\/uploads\/2020\/03\/comite-alas.jpg?resize=350%2C200&ssl=1","width":350,"height":200,"srcset":"https:\/\/i0.wp.com\/infoseguridadit.com\/electronica\/wp-content\/uploads\/2020\/03\/comite-alas.jpg?resize=350%2C200&ssl=1 1x, https:\/\/i0.wp.com\/infoseguridadit.com\/electronica\/wp-content\/uploads\/2020\/03\/comite-alas.jpg?resize=525%2C300&ssl=1 1.5x, https:\/\/i0.wp.com\/infoseguridadit.com\/electronica\/wp-content\/uploads\/2020\/03\/comite-alas.jpg?resize=700%2C400&ssl=1 2x"},"classes":[]},{"id":10601,"url":"https:\/\/infoseguridadit.com\/electronica\/2020\/08\/21\/alas-se-expande-de-manera-disruptiva\/","url_meta":{"origin":12747,"position":3},"title":"ALAS se expande de manera disruptiva.","author":"InfoSeguridadIT","date":"21 de agosto de 2020","format":false,"excerpt":"ALAS, la Asociaci\u00f3n Latinoamericana de Seguridad, expande sus fronteras, abre el juego y acerca la seguridad, incluso, al usuario final. Por: Ramiro De Rosa, Director de Infogremio Como si se tratara de un commodity (\u00bfacaso no lo es?) ALAS abre sus puertas al usuario final. Esta estrategia, que hace unos\u2026","rel":"","context":"En \u00abInformes\u00bb","block_context":{"text":"Informes","link":"https:\/\/infoseguridadit.com\/electronica\/category\/inf\/"},"img":{"alt_text":"daniel banda infogremio softguard alas","src":"https:\/\/i0.wp.com\/infoseguridadit.com\/electronica\/wp-content\/uploads\/2020\/08\/875e6663-dfd8-4dd7-bcb3-0ccdc13149e3.jpeg?resize=350%2C200&ssl=1","width":350,"height":200,"srcset":"https:\/\/i0.wp.com\/infoseguridadit.com\/electronica\/wp-content\/uploads\/2020\/08\/875e6663-dfd8-4dd7-bcb3-0ccdc13149e3.jpeg?resize=350%2C200&ssl=1 1x, https:\/\/i0.wp.com\/infoseguridadit.com\/electronica\/wp-content\/uploads\/2020\/08\/875e6663-dfd8-4dd7-bcb3-0ccdc13149e3.jpeg?resize=525%2C300&ssl=1 1.5x, https:\/\/i0.wp.com\/infoseguridadit.com\/electronica\/wp-content\/uploads\/2020\/08\/875e6663-dfd8-4dd7-bcb3-0ccdc13149e3.jpeg?resize=700%2C400&ssl=1 2x, https:\/\/i0.wp.com\/infoseguridadit.com\/electronica\/wp-content\/uploads\/2020\/08\/875e6663-dfd8-4dd7-bcb3-0ccdc13149e3.jpeg?resize=1050%2C600&ssl=1 3x"},"classes":[]},{"id":12467,"url":"https:\/\/infoseguridadit.com\/electronica\/2021\/10\/12\/alas-2\/","url_meta":{"origin":12747,"position":4},"title":"ALAS Countries Talks, la espera termin\u00f3, no te quedes afuera","author":"InfoSeguridadIT","date":"12 de octubre de 2021","format":false,"excerpt":"Luego de casi dos a\u00f1os de espera,\u00a0llega el primer evento presencial de ALAS en Argentina. El 2 de diciembre de 2021, en Espacio Pilar, se realizar\u00e1\u00a0ALAS Talks Countries, un evento pensado para el segmento de countries y barrios cerrados, que presenta cada vez mayor demanda de Servicios y Productos de\u2026","rel":"","context":"En \u00abEventos\u00bb","block_context":{"text":"Eventos","link":"https:\/\/infoseguridadit.com\/electronica\/category\/eventos\/"},"img":{"alt_text":"ALAS talks Presentacion countries","src":"https:\/\/i0.wp.com\/infoseguridadit.com\/electronica\/wp-content\/uploads\/2021\/10\/ALAS-talks-portada-con-fecha.jpg?resize=350%2C200&ssl=1","width":350,"height":200,"srcset":"https:\/\/i0.wp.com\/infoseguridadit.com\/electronica\/wp-content\/uploads\/2021\/10\/ALAS-talks-portada-con-fecha.jpg?resize=350%2C200&ssl=1 1x, https:\/\/i0.wp.com\/infoseguridadit.com\/electronica\/wp-content\/uploads\/2021\/10\/ALAS-talks-portada-con-fecha.jpg?resize=525%2C300&ssl=1 1.5x, https:\/\/i0.wp.com\/infoseguridadit.com\/electronica\/wp-content\/uploads\/2021\/10\/ALAS-talks-portada-con-fecha.jpg?resize=700%2C400&ssl=1 2x"},"classes":[]},{"id":13867,"url":"https:\/\/infoseguridadit.com\/electronica\/2022\/12\/19\/softguard-5\/","url_meta":{"origin":12747,"position":5},"title":"Escala tus comunicaciones de voz integradas en SoftGuard","author":"InfoSeguridadIT","date":"19 de diciembre de 2022","format":false,"excerpt":"Wildix es compatible con el M\u00f3dulo SG LOGGER de SoftGuard para la grabaci\u00f3n de las llamadas telef\u00f3nicas realizadas. Wildix, desarrollador l\u00edder de soluciones de Comunicaciones Unificadas y PBX VoIP desde el navegador, se integra a la plataforma integral de monitoreo de SoftGuard, permitiendo que las llamadas realizadas desde esa plataforma\u2026","rel":"","context":"En \u00abInformes\u00bb","block_context":{"text":"Informes","link":"https:\/\/infoseguridadit.com\/electronica\/category\/inf\/"},"img":{"alt_text":"softguard","src":"https:\/\/i0.wp.com\/infoseguridadit.com\/electronica\/wp-content\/uploads\/2022\/12\/softguard.jpg?resize=350%2C200&ssl=1","width":350,"height":200,"srcset":"https:\/\/i0.wp.com\/infoseguridadit.com\/electronica\/wp-content\/uploads\/2022\/12\/softguard.jpg?resize=350%2C200&ssl=1 1x, https:\/\/i0.wp.com\/infoseguridadit.com\/electronica\/wp-content\/uploads\/2022\/12\/softguard.jpg?resize=525%2C300&ssl=1 1.5x, https:\/\/i0.wp.com\/infoseguridadit.com\/electronica\/wp-content\/uploads\/2022\/12\/softguard.jpg?resize=700%2C400&ssl=1 2x, https:\/\/i0.wp.com\/infoseguridadit.com\/electronica\/wp-content\/uploads\/2022\/12\/softguard.jpg?resize=1050%2C600&ssl=1 3x"},"classes":[]}],"jetpack_shortlink":"https:\/\/wp.me\/p6cGtH-3jB","_links":{"self":[{"href":"https:\/\/infoseguridadit.com\/electronica\/wp-json\/wp\/v2\/posts\/12747","targetHints":{"allow":["GET"]}}],"collection":[{"href":"https:\/\/infoseguridadit.com\/electronica\/wp-json\/wp\/v2\/posts"}],"about":[{"href":"https:\/\/infoseguridadit.com\/electronica\/wp-json\/wp\/v2\/types\/post"}],"author":[{"embeddable":true,"href":"https:\/\/infoseguridadit.com\/electronica\/wp-json\/wp\/v2\/users\/1"}],"replies":[{"embeddable":true,"href":"https:\/\/infoseguridadit.com\/electronica\/wp-json\/wp\/v2\/comments?post=12747"}],"version-history":[{"count":6,"href":"https:\/\/infoseguridadit.com\/electronica\/wp-json\/wp\/v2\/posts\/12747\/revisions"}],"predecessor-version":[{"id":12897,"href":"https:\/\/infoseguridadit.com\/electronica\/wp-json\/wp\/v2\/posts\/12747\/revisions\/12897"}],"wp:featuredmedia":[{"embeddable":true,"href":"https:\/\/infoseguridadit.com\/electronica\/wp-json\/wp\/v2\/media\/12757"}],"wp:attachment":[{"href":"https:\/\/infoseguridadit.com\/electronica\/wp-json\/wp\/v2\/media?parent=12747"}],"wp:term":[{"taxonomy":"category","embeddable":true,"href":"https:\/\/infoseguridadit.com\/electronica\/wp-json\/wp\/v2\/categories?post=12747"},{"taxonomy":"post_tag","embeddable":true,"href":"https:\/\/infoseguridadit.com\/electronica\/wp-json\/wp\/v2\/tags?post=12747"}],"curies":[{"name":"wp","href":"https:\/\/api.w.org\/{rel}","templated":true}]}}