{"id":12762,"date":"2022-04-09T07:29:39","date_gmt":"2022-04-09T10:29:39","guid":{"rendered":"http:\/\/infoseguridadit.com\/electronica\/?p=12762"},"modified":"2022-04-25T22:05:22","modified_gmt":"2022-04-26T01:05:22","slug":"encuentro-tecnologico-alas-2022","status":"publish","type":"post","link":"https:\/\/infoseguridadit.com\/electronica\/2022\/04\/09\/encuentro-tecnologico-alas-2022\/","title":{"rendered":"Encuentro Tecnol\u00f3gico ALAS 2022, el desaf\u00edo de no ser igual"},"content":{"rendered":"\n<p>Encuentro Tecnol\u00f3gico ALAS 2022, sin duda un nombre con mucho peso. Sin embargo, la nueva normalidad nos obliga a ser distintos. Ya no podremos hacer m\u00e1s de lo mismo. En este nuevo contexto, entrevistamos a Sebasti\u00e1n Cason, CEO en ItegoGPS &#8211; Presidente de Comit\u00e9 Alas Argentina (<a rel=\"noreferrer noopener\" href=\"https:\/\/alas-la.org\/\" target=\"_blank\">Asociaci\u00f3n Latinoamericana de Seguridad<\/a>) <\/p>\n\n\n\n<p><\/p>\n\n\n\n<p>\u00bf<strong>Cu\u00e1l es el mayor reto de retomar un evento post pandemia?<\/strong><\/p>\n\n\n\n<p><a href=\"https:\/\/infoseguridadit.com\/electronica\/2022\/04\/07\/alas-evento2022\/\" target=\"_blank\" rel=\"noreferrer noopener\">Nos planteamos como desaf\u00edo hacer algo distinto<\/a>, romper con los paradigmas de los eventos de nuestro mercado, sumando a los usuarios finales a nuestro p\u00fablico objetivo de asistencia, aportando soluciones, y sobre todo experiencias de aplicaci\u00f3n de \u00e9sas soluciones, a trav\u00e9s de conferencistas y panelistas de alto valor<\/p>\n\n\n\n<p>\u00bf<strong>Qu\u00e9 contenidos podr\u00e1n encontrarse en el Encuentro Tecnol\u00f3gico ALAS 2022?<\/strong><\/p>\n\n\n\n<p>El eje tem\u00e1tico estar\u00e1 basado en paneles que generar\u00e1n alto impacto en la audiencia, con formatos modernos y disruptivos, potenciado a la persona, su experiencia y su aplicaci\u00f3n exitosa de cada soluci\u00f3n.<\/p>\n\n\n\n<div class=\"wp-block-image\"><figure class=\"alignright size-large is-resized\"><img loading=\"lazy\" decoding=\"async\" src=\"https:\/\/infoseguridadit.com\/electronica\/wp-content\/uploads\/2022\/04\/Sebastian-Cason-1.png\" alt=\"Encuentro Tecnol\u00f3gico ALAS 2022\" class=\"wp-image-12764\" width=\"120\" height=\"131\" srcset=\"https:\/\/infoseguridadit.com\/electronica\/wp-content\/uploads\/2022\/04\/Sebastian-Cason-1.png 893w, https:\/\/infoseguridadit.com\/electronica\/wp-content\/uploads\/2022\/04\/Sebastian-Cason-1-276x300.png 276w, https:\/\/infoseguridadit.com\/electronica\/wp-content\/uploads\/2022\/04\/Sebastian-Cason-1-768x834.png 768w\" sizes=\"auto, (max-width: 120px) 100vw, 120px\" \/><figcaption>Sebasti\u00e1n Cason CEO de <\/figcaption><\/figure><\/div>\n\n\n\n<p>Tendremos actores important\u00edsimos, l\u00edderes de nuestro mercado, desarrollando paneles de debate sobre el presente y el futuro de la tecnolog\u00eda aplicada a la seguridad y nuevas propuestas como la experiencia Alas Talks X, donde algunos de los principales referentes del mercado, protagonizar\u00e1n charlas cortas de alt\u00edsimo impacto.<\/p>\n\n\n\n<p>Por supuesto tambi\u00e9n habr\u00e1 exposici\u00f3n y muestra de soluciones de empresas participantes, a trav\u00e9s de lo que llamamos \u00abruta tecnol\u00f3gica\u00bb<\/p>\n\n\n\n<p>Estamos convencidos de que \u00e9sta nueva manera de enfocar y desarrollar los eventos, donde daremos valor real al famoso \u201cnetworking\u201d, a la participaci\u00f3n activa e interesada de toda la cadena de valor, ser\u00e1 exitosa, y que seguiremos evolucionando y mejorando continuamente, para que el valor del aporte a nuestra industria, desde todos los que tenemos el compromiso y la vocaci\u00f3n de seguir desarrollando soluciones de tecnolog\u00eda aplicada a la seguridad, sea tangible y tenga cada vez m\u00e1s actores.<\/p>\n\n\n\n<p><strong>Acerca de ALAS<\/strong><\/p>\n\n\n\n<p>Con m\u00e1s de 20 a\u00f1os de trayectoria, ALAS es el principal grupo de empresas protagonistas de la industria de la seguridad, con alcance en todo Latinoam\u00e9rica y El Caribe.<\/p>\n\n\n\n<p>Click en el siguiente flyer para pre registro:<\/p>\n\n\n\n<figure class=\"wp-block-image size-large\"><a href=\"https:\/\/alas-la.org\/encuentro-tecnologico-alas-buenos-aires\/\" target=\"_blank\" rel=\"noopener noreferrer\"><img loading=\"lazy\" decoding=\"async\" width=\"794\" height=\"1024\" src=\"https:\/\/infoseguridadit.com\/electronica\/wp-content\/uploads\/2022\/04\/alas-2022-5m-794x1024.jpg\" alt=\"\" class=\"wp-image-12750\" srcset=\"https:\/\/infoseguridadit.com\/electronica\/wp-content\/uploads\/2022\/04\/alas-2022-5m-794x1024.jpg 794w, https:\/\/infoseguridadit.com\/electronica\/wp-content\/uploads\/2022\/04\/alas-2022-5m-233x300.jpg 233w, https:\/\/infoseguridadit.com\/electronica\/wp-content\/uploads\/2022\/04\/alas-2022-5m-768x991.jpg 768w, https:\/\/infoseguridadit.com\/electronica\/wp-content\/uploads\/2022\/04\/alas-2022-5m.jpg 800w\" sizes=\"auto, (max-width: 794px) 100vw, 794px\" \/><\/a><\/figure>\n","protected":false},"excerpt":{"rendered":"<p>Encuentro Tecnol\u00f3gico ALAS 2022, sin duda un nombre con mucho peso. Sin embargo, la nueva normalidad nos obliga a ser distintos. Ya no podremos hacer m\u00e1s de lo mismo. En este nuevo contexto, entrevistamos a Sebasti\u00e1n Cason, CEO en ItegoGPS &#8211; Presidente de Comit\u00e9 Alas Argentina (Asociaci\u00f3n Latinoamericana de Seguridad) \u00bfCu\u00e1l es el mayor reto [&hellip;]<\/p>\n","protected":false},"author":1,"featured_media":12766,"comment_status":"closed","ping_status":"closed","sticky":false,"template":"","format":"standard","meta":{"jetpack_post_was_ever_published":false,"_joinchat":{"message_text":"Quiero participar del evento"},"footnotes":"","jetpack_publicize_message":"","jetpack_publicize_feature_enabled":true,"jetpack_social_post_already_shared":true,"jetpack_social_options":{"image_generator_settings":{"template":"highway","default_image_id":0,"font":"","enabled":false},"version":2}},"categories":[66,9],"tags":[381],"class_list":["post-12762","post","type-post","status-publish","format-standard","has-post-thumbnail","hentry","category-actualidad","category-eventos","tag-alas"],"yoast_head":"<!-- This site is optimized with the Yoast SEO plugin v27.3 - https:\/\/yoast.com\/product\/yoast-seo-wordpress\/ -->\n<title>Encuentro Tecnol\u00f3gico ALAS 2022, el desaf\u00edo de ser diferentes<\/title>\n<meta name=\"description\" content=\"Encuentro Tecnol\u00f3gico ALAS 2022, sin duda un nombre con mucho peso. Sin embargo, la nueva normalidad nos obliga a ser distintos.\" \/>\n<meta name=\"robots\" content=\"index, follow, max-snippet:-1, max-image-preview:large, max-video-preview:-1\" \/>\n<link rel=\"canonical\" href=\"https:\/\/infoseguridadit.com\/electronica\/2022\/04\/09\/encuentro-tecnologico-alas-2022\/\" \/>\n<meta property=\"og:locale\" content=\"es_ES\" \/>\n<meta property=\"og:type\" content=\"article\" \/>\n<meta property=\"og:title\" content=\"Encuentro Tecnol\u00f3gico ALAS 2022, el desaf\u00edo de ser diferentes\" \/>\n<meta property=\"og:description\" content=\"Encuentro Tecnol\u00f3gico ALAS 2022, sin duda un nombre con mucho peso. Sin embargo, la nueva normalidad nos obliga a ser distintos.\" \/>\n<meta property=\"og:url\" content=\"https:\/\/infoseguridadit.com\/electronica\/2022\/04\/09\/encuentro-tecnologico-alas-2022\/\" \/>\n<meta property=\"og:site_name\" content=\"InfoSeguridadIT\" \/>\n<meta property=\"article:publisher\" content=\"https:\/\/www.facebook.com\/Infoseguridadit\" \/>\n<meta property=\"article:author\" content=\"https:\/\/www.facebook.com\/Infoseguridadit\/\" \/>\n<meta property=\"article:published_time\" content=\"2022-04-09T10:29:39+00:00\" \/>\n<meta property=\"article:modified_time\" content=\"2022-04-26T01:05:22+00:00\" \/>\n<meta property=\"og:image\" content=\"https:\/\/i0.wp.com\/infoseguridadit.com\/electronica\/wp-content\/uploads\/2022\/04\/alas-2022-5d-infoseguridadit-2.png?fit=600%2C349&ssl=1\" \/>\n\t<meta property=\"og:image:width\" content=\"600\" \/>\n\t<meta property=\"og:image:height\" content=\"349\" \/>\n\t<meta property=\"og:image:type\" content=\"image\/png\" \/>\n<meta name=\"author\" content=\"InfoSeguridadIT\" \/>\n<meta name=\"twitter:card\" content=\"summary_large_image\" \/>\n<meta name=\"twitter:creator\" content=\"@gremioseguridad\" \/>\n<meta name=\"twitter:site\" content=\"@gremioseguridad\" \/>\n<meta name=\"twitter:label1\" content=\"Escrito por\" \/>\n\t<meta name=\"twitter:data1\" content=\"InfoSeguridadIT\" \/>\n\t<meta name=\"twitter:label2\" content=\"Tiempo de lectura\" \/>\n\t<meta name=\"twitter:data2\" content=\"2 minutos\" \/>\n<script type=\"application\/ld+json\" class=\"yoast-schema-graph\">{\"@context\":\"https:\\\/\\\/schema.org\",\"@graph\":[{\"@type\":\"Article\",\"@id\":\"https:\\\/\\\/infoseguridadit.com\\\/electronica\\\/2022\\\/04\\\/09\\\/encuentro-tecnologico-alas-2022\\\/#article\",\"isPartOf\":{\"@id\":\"https:\\\/\\\/infoseguridadit.com\\\/electronica\\\/2022\\\/04\\\/09\\\/encuentro-tecnologico-alas-2022\\\/\"},\"author\":{\"name\":\"InfoSeguridadIT\",\"@id\":\"https:\\\/\\\/infoseguridadit.com\\\/electronica\\\/#\\\/schema\\\/person\\\/ebbcebab56199bc170ca93cc17e06b80\"},\"headline\":\"Encuentro Tecnol\u00f3gico ALAS 2022, el desaf\u00edo de no ser igual\",\"datePublished\":\"2022-04-09T10:29:39+00:00\",\"dateModified\":\"2022-04-26T01:05:22+00:00\",\"mainEntityOfPage\":{\"@id\":\"https:\\\/\\\/infoseguridadit.com\\\/electronica\\\/2022\\\/04\\\/09\\\/encuentro-tecnologico-alas-2022\\\/\"},\"wordCount\":380,\"publisher\":{\"@id\":\"https:\\\/\\\/infoseguridadit.com\\\/electronica\\\/#organization\"},\"image\":{\"@id\":\"https:\\\/\\\/infoseguridadit.com\\\/electronica\\\/2022\\\/04\\\/09\\\/encuentro-tecnologico-alas-2022\\\/#primaryimage\"},\"thumbnailUrl\":\"https:\\\/\\\/infoseguridadit.com\\\/electronica\\\/wp-content\\\/uploads\\\/2022\\\/04\\\/imagen-infoseguridadit-home-alas-et2022.jpg\",\"keywords\":[\"alas\"],\"articleSection\":[\"Actualidad\",\"Eventos\"],\"inLanguage\":\"es\"},{\"@type\":\"WebPage\",\"@id\":\"https:\\\/\\\/infoseguridadit.com\\\/electronica\\\/2022\\\/04\\\/09\\\/encuentro-tecnologico-alas-2022\\\/\",\"url\":\"https:\\\/\\\/infoseguridadit.com\\\/electronica\\\/2022\\\/04\\\/09\\\/encuentro-tecnologico-alas-2022\\\/\",\"name\":\"Encuentro Tecnol\u00f3gico ALAS 2022, el desaf\u00edo de ser diferentes\",\"isPartOf\":{\"@id\":\"https:\\\/\\\/infoseguridadit.com\\\/electronica\\\/#website\"},\"primaryImageOfPage\":{\"@id\":\"https:\\\/\\\/infoseguridadit.com\\\/electronica\\\/2022\\\/04\\\/09\\\/encuentro-tecnologico-alas-2022\\\/#primaryimage\"},\"image\":{\"@id\":\"https:\\\/\\\/infoseguridadit.com\\\/electronica\\\/2022\\\/04\\\/09\\\/encuentro-tecnologico-alas-2022\\\/#primaryimage\"},\"thumbnailUrl\":\"https:\\\/\\\/infoseguridadit.com\\\/electronica\\\/wp-content\\\/uploads\\\/2022\\\/04\\\/imagen-infoseguridadit-home-alas-et2022.jpg\",\"datePublished\":\"2022-04-09T10:29:39+00:00\",\"dateModified\":\"2022-04-26T01:05:22+00:00\",\"description\":\"Encuentro Tecnol\u00f3gico ALAS 2022, sin duda un nombre con mucho peso. Sin embargo, la nueva normalidad nos obliga a ser distintos.\",\"breadcrumb\":{\"@id\":\"https:\\\/\\\/infoseguridadit.com\\\/electronica\\\/2022\\\/04\\\/09\\\/encuentro-tecnologico-alas-2022\\\/#breadcrumb\"},\"inLanguage\":\"es\",\"potentialAction\":[{\"@type\":\"ReadAction\",\"target\":[\"https:\\\/\\\/infoseguridadit.com\\\/electronica\\\/2022\\\/04\\\/09\\\/encuentro-tecnologico-alas-2022\\\/\"]}]},{\"@type\":\"ImageObject\",\"inLanguage\":\"es\",\"@id\":\"https:\\\/\\\/infoseguridadit.com\\\/electronica\\\/2022\\\/04\\\/09\\\/encuentro-tecnologico-alas-2022\\\/#primaryimage\",\"url\":\"https:\\\/\\\/infoseguridadit.com\\\/electronica\\\/wp-content\\\/uploads\\\/2022\\\/04\\\/imagen-infoseguridadit-home-alas-et2022.jpg\",\"contentUrl\":\"https:\\\/\\\/infoseguridadit.com\\\/electronica\\\/wp-content\\\/uploads\\\/2022\\\/04\\\/imagen-infoseguridadit-home-alas-et2022.jpg\",\"width\":410,\"height\":253},{\"@type\":\"BreadcrumbList\",\"@id\":\"https:\\\/\\\/infoseguridadit.com\\\/electronica\\\/2022\\\/04\\\/09\\\/encuentro-tecnologico-alas-2022\\\/#breadcrumb\",\"itemListElement\":[{\"@type\":\"ListItem\",\"position\":1,\"name\":\"Portada\",\"item\":\"https:\\\/\\\/infoseguridadit.com\\\/electronica\\\/\"},{\"@type\":\"ListItem\",\"position\":2,\"name\":\"Encuentro Tecnol\u00f3gico ALAS 2022, el desaf\u00edo de no ser igual\"}]},{\"@type\":\"WebSite\",\"@id\":\"https:\\\/\\\/infoseguridadit.com\\\/electronica\\\/#website\",\"url\":\"https:\\\/\\\/infoseguridadit.com\\\/electronica\\\/\",\"name\":\"InfoSeguridadIT\",\"description\":\"InfoSeguridadIT es un portal de noticias sobre tecnolog\u00eda y seguridad electr\u00f3nica dirigido a Integradores, Distribuidores, Importadores, Fabricantes, etc.\",\"publisher\":{\"@id\":\"https:\\\/\\\/infoseguridadit.com\\\/electronica\\\/#organization\"},\"potentialAction\":[{\"@type\":\"SearchAction\",\"target\":{\"@type\":\"EntryPoint\",\"urlTemplate\":\"https:\\\/\\\/infoseguridadit.com\\\/electronica\\\/?s={search_term_string}\"},\"query-input\":{\"@type\":\"PropertyValueSpecification\",\"valueRequired\":true,\"valueName\":\"search_term_string\"}}],\"inLanguage\":\"es\"},{\"@type\":\"Organization\",\"@id\":\"https:\\\/\\\/infoseguridadit.com\\\/electronica\\\/#organization\",\"name\":\"InfoSeguridadIT\",\"url\":\"https:\\\/\\\/infoseguridadit.com\\\/electronica\\\/\",\"logo\":{\"@type\":\"ImageObject\",\"inLanguage\":\"es\",\"@id\":\"https:\\\/\\\/infoseguridadit.com\\\/electronica\\\/#\\\/schema\\\/logo\\\/image\\\/\",\"url\":\"http:\\\/\\\/infoseguridadit.com\\\/electronica\\\/wp-content\\\/uploads\\\/2023\\\/10\\\/cropped-logo-isit-latam-low-b.png\",\"contentUrl\":\"http:\\\/\\\/infoseguridadit.com\\\/electronica\\\/wp-content\\\/uploads\\\/2023\\\/10\\\/cropped-logo-isit-latam-low-b.png\",\"width\":400,\"height\":111,\"caption\":\"InfoSeguridadIT\"},\"image\":{\"@id\":\"https:\\\/\\\/infoseguridadit.com\\\/electronica\\\/#\\\/schema\\\/logo\\\/image\\\/\"},\"sameAs\":[\"https:\\\/\\\/www.facebook.com\\\/Infoseguridadit\",\"https:\\\/\\\/x.com\\\/gremioseguridad\",\"https:\\\/\\\/www.instagram.com\\\/infoseguridadit\\\/\",\"https:\\\/\\\/www.linkedin.com\\\/in\\\/ramiro-de-rosa--7879a99\\\/\"]},{\"@type\":\"Person\",\"@id\":\"https:\\\/\\\/infoseguridadit.com\\\/electronica\\\/#\\\/schema\\\/person\\\/ebbcebab56199bc170ca93cc17e06b80\",\"name\":\"InfoSeguridadIT\",\"image\":{\"@type\":\"ImageObject\",\"inLanguage\":\"es\",\"@id\":\"https:\\\/\\\/secure.gravatar.com\\\/avatar\\\/f65dac9718ad877804b6a3fb5a58ca3238715fb7957e908f214fc5d6161d758f?s=96&d=mm&r=g\",\"url\":\"https:\\\/\\\/secure.gravatar.com\\\/avatar\\\/f65dac9718ad877804b6a3fb5a58ca3238715fb7957e908f214fc5d6161d758f?s=96&d=mm&r=g\",\"contentUrl\":\"https:\\\/\\\/secure.gravatar.com\\\/avatar\\\/f65dac9718ad877804b6a3fb5a58ca3238715fb7957e908f214fc5d6161d758f?s=96&d=mm&r=g\",\"caption\":\"InfoSeguridadIT\"},\"sameAs\":[\"https:\\\/\\\/infoseguridadit.com\\\/electronica\\\/\",\"https:\\\/\\\/www.facebook.com\\\/Infoseguridadit\\\/\",\"https:\\\/\\\/www.instagram.com\\\/infoseguridadit\"],\"url\":\"https:\\\/\\\/infoseguridadit.com\\\/electronica\\\/author\\\/ramiroderosa\\\/\"}]}<\/script>\n<!-- \/ Yoast SEO plugin. -->","yoast_head_json":{"title":"Encuentro Tecnol\u00f3gico ALAS 2022, el desaf\u00edo de ser diferentes","description":"Encuentro Tecnol\u00f3gico ALAS 2022, sin duda un nombre con mucho peso. Sin embargo, la nueva normalidad nos obliga a ser distintos.","robots":{"index":"index","follow":"follow","max-snippet":"max-snippet:-1","max-image-preview":"max-image-preview:large","max-video-preview":"max-video-preview:-1"},"canonical":"https:\/\/infoseguridadit.com\/electronica\/2022\/04\/09\/encuentro-tecnologico-alas-2022\/","og_locale":"es_ES","og_type":"article","og_title":"Encuentro Tecnol\u00f3gico ALAS 2022, el desaf\u00edo de ser diferentes","og_description":"Encuentro Tecnol\u00f3gico ALAS 2022, sin duda un nombre con mucho peso. Sin embargo, la nueva normalidad nos obliga a ser distintos.","og_url":"https:\/\/infoseguridadit.com\/electronica\/2022\/04\/09\/encuentro-tecnologico-alas-2022\/","og_site_name":"InfoSeguridadIT","article_publisher":"https:\/\/www.facebook.com\/Infoseguridadit","article_author":"https:\/\/www.facebook.com\/Infoseguridadit\/","article_published_time":"2022-04-09T10:29:39+00:00","article_modified_time":"2022-04-26T01:05:22+00:00","og_image":[{"width":600,"height":349,"url":"https:\/\/i0.wp.com\/infoseguridadit.com\/electronica\/wp-content\/uploads\/2022\/04\/alas-2022-5d-infoseguridadit-2.png?fit=600%2C349&ssl=1","type":"image\/png"}],"author":"InfoSeguridadIT","twitter_card":"summary_large_image","twitter_creator":"@gremioseguridad","twitter_site":"@gremioseguridad","twitter_misc":{"Escrito por":"InfoSeguridadIT","Tiempo de lectura":"2 minutos"},"schema":{"@context":"https:\/\/schema.org","@graph":[{"@type":"Article","@id":"https:\/\/infoseguridadit.com\/electronica\/2022\/04\/09\/encuentro-tecnologico-alas-2022\/#article","isPartOf":{"@id":"https:\/\/infoseguridadit.com\/electronica\/2022\/04\/09\/encuentro-tecnologico-alas-2022\/"},"author":{"name":"InfoSeguridadIT","@id":"https:\/\/infoseguridadit.com\/electronica\/#\/schema\/person\/ebbcebab56199bc170ca93cc17e06b80"},"headline":"Encuentro Tecnol\u00f3gico ALAS 2022, el desaf\u00edo de no ser igual","datePublished":"2022-04-09T10:29:39+00:00","dateModified":"2022-04-26T01:05:22+00:00","mainEntityOfPage":{"@id":"https:\/\/infoseguridadit.com\/electronica\/2022\/04\/09\/encuentro-tecnologico-alas-2022\/"},"wordCount":380,"publisher":{"@id":"https:\/\/infoseguridadit.com\/electronica\/#organization"},"image":{"@id":"https:\/\/infoseguridadit.com\/electronica\/2022\/04\/09\/encuentro-tecnologico-alas-2022\/#primaryimage"},"thumbnailUrl":"https:\/\/infoseguridadit.com\/electronica\/wp-content\/uploads\/2022\/04\/imagen-infoseguridadit-home-alas-et2022.jpg","keywords":["alas"],"articleSection":["Actualidad","Eventos"],"inLanguage":"es"},{"@type":"WebPage","@id":"https:\/\/infoseguridadit.com\/electronica\/2022\/04\/09\/encuentro-tecnologico-alas-2022\/","url":"https:\/\/infoseguridadit.com\/electronica\/2022\/04\/09\/encuentro-tecnologico-alas-2022\/","name":"Encuentro Tecnol\u00f3gico ALAS 2022, el desaf\u00edo de ser diferentes","isPartOf":{"@id":"https:\/\/infoseguridadit.com\/electronica\/#website"},"primaryImageOfPage":{"@id":"https:\/\/infoseguridadit.com\/electronica\/2022\/04\/09\/encuentro-tecnologico-alas-2022\/#primaryimage"},"image":{"@id":"https:\/\/infoseguridadit.com\/electronica\/2022\/04\/09\/encuentro-tecnologico-alas-2022\/#primaryimage"},"thumbnailUrl":"https:\/\/infoseguridadit.com\/electronica\/wp-content\/uploads\/2022\/04\/imagen-infoseguridadit-home-alas-et2022.jpg","datePublished":"2022-04-09T10:29:39+00:00","dateModified":"2022-04-26T01:05:22+00:00","description":"Encuentro Tecnol\u00f3gico ALAS 2022, sin duda un nombre con mucho peso. Sin embargo, la nueva normalidad nos obliga a ser distintos.","breadcrumb":{"@id":"https:\/\/infoseguridadit.com\/electronica\/2022\/04\/09\/encuentro-tecnologico-alas-2022\/#breadcrumb"},"inLanguage":"es","potentialAction":[{"@type":"ReadAction","target":["https:\/\/infoseguridadit.com\/electronica\/2022\/04\/09\/encuentro-tecnologico-alas-2022\/"]}]},{"@type":"ImageObject","inLanguage":"es","@id":"https:\/\/infoseguridadit.com\/electronica\/2022\/04\/09\/encuentro-tecnologico-alas-2022\/#primaryimage","url":"https:\/\/infoseguridadit.com\/electronica\/wp-content\/uploads\/2022\/04\/imagen-infoseguridadit-home-alas-et2022.jpg","contentUrl":"https:\/\/infoseguridadit.com\/electronica\/wp-content\/uploads\/2022\/04\/imagen-infoseguridadit-home-alas-et2022.jpg","width":410,"height":253},{"@type":"BreadcrumbList","@id":"https:\/\/infoseguridadit.com\/electronica\/2022\/04\/09\/encuentro-tecnologico-alas-2022\/#breadcrumb","itemListElement":[{"@type":"ListItem","position":1,"name":"Portada","item":"https:\/\/infoseguridadit.com\/electronica\/"},{"@type":"ListItem","position":2,"name":"Encuentro Tecnol\u00f3gico ALAS 2022, el desaf\u00edo de no ser igual"}]},{"@type":"WebSite","@id":"https:\/\/infoseguridadit.com\/electronica\/#website","url":"https:\/\/infoseguridadit.com\/electronica\/","name":"InfoSeguridadIT","description":"InfoSeguridadIT es un portal de noticias sobre tecnolog\u00eda y seguridad electr\u00f3nica dirigido a Integradores, Distribuidores, Importadores, Fabricantes, etc.","publisher":{"@id":"https:\/\/infoseguridadit.com\/electronica\/#organization"},"potentialAction":[{"@type":"SearchAction","target":{"@type":"EntryPoint","urlTemplate":"https:\/\/infoseguridadit.com\/electronica\/?s={search_term_string}"},"query-input":{"@type":"PropertyValueSpecification","valueRequired":true,"valueName":"search_term_string"}}],"inLanguage":"es"},{"@type":"Organization","@id":"https:\/\/infoseguridadit.com\/electronica\/#organization","name":"InfoSeguridadIT","url":"https:\/\/infoseguridadit.com\/electronica\/","logo":{"@type":"ImageObject","inLanguage":"es","@id":"https:\/\/infoseguridadit.com\/electronica\/#\/schema\/logo\/image\/","url":"http:\/\/infoseguridadit.com\/electronica\/wp-content\/uploads\/2023\/10\/cropped-logo-isit-latam-low-b.png","contentUrl":"http:\/\/infoseguridadit.com\/electronica\/wp-content\/uploads\/2023\/10\/cropped-logo-isit-latam-low-b.png","width":400,"height":111,"caption":"InfoSeguridadIT"},"image":{"@id":"https:\/\/infoseguridadit.com\/electronica\/#\/schema\/logo\/image\/"},"sameAs":["https:\/\/www.facebook.com\/Infoseguridadit","https:\/\/x.com\/gremioseguridad","https:\/\/www.instagram.com\/infoseguridadit\/","https:\/\/www.linkedin.com\/in\/ramiro-de-rosa--7879a99\/"]},{"@type":"Person","@id":"https:\/\/infoseguridadit.com\/electronica\/#\/schema\/person\/ebbcebab56199bc170ca93cc17e06b80","name":"InfoSeguridadIT","image":{"@type":"ImageObject","inLanguage":"es","@id":"https:\/\/secure.gravatar.com\/avatar\/f65dac9718ad877804b6a3fb5a58ca3238715fb7957e908f214fc5d6161d758f?s=96&d=mm&r=g","url":"https:\/\/secure.gravatar.com\/avatar\/f65dac9718ad877804b6a3fb5a58ca3238715fb7957e908f214fc5d6161d758f?s=96&d=mm&r=g","contentUrl":"https:\/\/secure.gravatar.com\/avatar\/f65dac9718ad877804b6a3fb5a58ca3238715fb7957e908f214fc5d6161d758f?s=96&d=mm&r=g","caption":"InfoSeguridadIT"},"sameAs":["https:\/\/infoseguridadit.com\/electronica\/","https:\/\/www.facebook.com\/Infoseguridadit\/","https:\/\/www.instagram.com\/infoseguridadit"],"url":"https:\/\/infoseguridadit.com\/electronica\/author\/ramiroderosa\/"}]}},"jetpack_publicize_connections":[],"jetpack_featured_media_url":"https:\/\/infoseguridadit.com\/electronica\/wp-content\/uploads\/2022\/04\/imagen-infoseguridadit-home-alas-et2022.jpg","jetpack-related-posts":[{"id":12960,"url":"https:\/\/infoseguridadit.com\/electronica\/2022\/05\/06\/encuentro-tecnologico-buenos-aires\/","url_meta":{"origin":12762,"position":0},"title":"Nos volvimos a abrazar, \u00a1que bueno!","author":"InfoSeguridadIT","date":"6 de mayo de 2022","format":false,"excerpt":"Nos volvimos a abrazar, s\u00ed. Simple. Incluso, nos besamos. Que extra\u00f1o resulta escribir estas palabras siendo un medio de tecnolog\u00eda. Sobre el Encuentro Tecnol\u00f3gico ALAS Buenos Aires 2022, lo importante, lo primero, lo que vamos a recordar, es eso. Los abrazos y los besos. Desde lo racional suena obvio, despu\u00e9s\u2026","rel":"","context":"En \u00abEventos\u00bb","block_context":{"text":"Eventos","link":"https:\/\/infoseguridadit.com\/electronica\/category\/eventos\/"},"img":{"alt_text":"","src":"https:\/\/i0.wp.com\/infoseguridadit.com\/electronica\/wp-content\/uploads\/2022\/05\/infoseguridadit-encuentro-tecnologico-alas-buenos-aires2022-05-05-at-10.42.28-PM-1.jpeg?resize=350%2C200&ssl=1","width":350,"height":200,"srcset":"https:\/\/i0.wp.com\/infoseguridadit.com\/electronica\/wp-content\/uploads\/2022\/05\/infoseguridadit-encuentro-tecnologico-alas-buenos-aires2022-05-05-at-10.42.28-PM-1.jpeg?resize=350%2C200&ssl=1 1x, https:\/\/i0.wp.com\/infoseguridadit.com\/electronica\/wp-content\/uploads\/2022\/05\/infoseguridadit-encuentro-tecnologico-alas-buenos-aires2022-05-05-at-10.42.28-PM-1.jpeg?resize=525%2C300&ssl=1 1.5x, https:\/\/i0.wp.com\/infoseguridadit.com\/electronica\/wp-content\/uploads\/2022\/05\/infoseguridadit-encuentro-tecnologico-alas-buenos-aires2022-05-05-at-10.42.28-PM-1.jpeg?resize=700%2C400&ssl=1 2x, https:\/\/i0.wp.com\/infoseguridadit.com\/electronica\/wp-content\/uploads\/2022\/05\/infoseguridadit-encuentro-tecnologico-alas-buenos-aires2022-05-05-at-10.42.28-PM-1.jpeg?resize=1050%2C600&ssl=1 3x"},"classes":[]},{"id":13012,"url":"https:\/\/infoseguridadit.com\/electronica\/2022\/05\/10\/alas-uruguay\/","url_meta":{"origin":12762,"position":1},"title":"ALAS lo hizo de nuevo, esta vez le toc\u00f3 a Uruguay","author":"InfoSeguridadIT","date":"10 de mayo de 2022","format":false,"excerpt":"ALAS cerr\u00f3 el Encuentro Tecnol\u00f3gico Montevideo 2022 con unos n\u00fameros que no estaban en ninguno de los c\u00e1lculos. Y no porque no se tuvieran fe, sino porque hace veinte d\u00edas, s\u00ed, veinte d\u00edas! estaba todo por hacer. En veinte d\u00edas se arm\u00f3 el comit\u00e9 ALAS Uruguay, se definieron los cargos,\u2026","rel":"","context":"En \u00abInformes\u00bb","block_context":{"text":"Informes","link":"https:\/\/infoseguridadit.com\/electronica\/category\/inf\/"},"img":{"alt_text":"","src":"https:\/\/i0.wp.com\/infoseguridadit.com\/electronica\/wp-content\/uploads\/2022\/05\/et-alas-uruguay-infoseguridadit-2022-05-10-at-12.00.16-PM.jpeg?resize=350%2C200&ssl=1","width":350,"height":200,"srcset":"https:\/\/i0.wp.com\/infoseguridadit.com\/electronica\/wp-content\/uploads\/2022\/05\/et-alas-uruguay-infoseguridadit-2022-05-10-at-12.00.16-PM.jpeg?resize=350%2C200&ssl=1 1x, https:\/\/i0.wp.com\/infoseguridadit.com\/electronica\/wp-content\/uploads\/2022\/05\/et-alas-uruguay-infoseguridadit-2022-05-10-at-12.00.16-PM.jpeg?resize=525%2C300&ssl=1 1.5x, https:\/\/i0.wp.com\/infoseguridadit.com\/electronica\/wp-content\/uploads\/2022\/05\/et-alas-uruguay-infoseguridadit-2022-05-10-at-12.00.16-PM.jpeg?resize=700%2C400&ssl=1 2x, https:\/\/i0.wp.com\/infoseguridadit.com\/electronica\/wp-content\/uploads\/2022\/05\/et-alas-uruguay-infoseguridadit-2022-05-10-at-12.00.16-PM.jpeg?resize=1050%2C600&ssl=1 3x, https:\/\/i0.wp.com\/infoseguridadit.com\/electronica\/wp-content\/uploads\/2022\/05\/et-alas-uruguay-infoseguridadit-2022-05-10-at-12.00.16-PM.jpeg?resize=1400%2C800&ssl=1 4x"},"classes":[]},{"id":16246,"url":"https:\/\/infoseguridadit.com\/electronica\/2025\/12\/18\/matias-favaro-2\/","url_meta":{"origin":12762,"position":2},"title":"Mat\u00edas F\u00e1varo es el nuevo Presidente del comit\u00e9 argentino de ALAS: una visi\u00f3n de gesti\u00f3n, comunicaci\u00f3n y desarrollo para la seguridad latinoamericana","author":"InfoSeguridadIT","date":"18 de diciembre de 2025","format":false,"excerpt":"Buenos Aires, Diciembre 2025 \u2014 La Asociaci\u00f3n Latinoamericana de Seguridad (ALAS), entidad referente que agrupa a las principales empresas y profesionales de la industria de la seguridad electr\u00f3nica en toda Am\u00e9rica Latina y el Caribe, anunci\u00f3 la designaci\u00f3n de Mat\u00edas F\u00e1varo como nuevo Presidente de su Comit\u00e9 Nacional Argentina. Con\u2026","rel":"","context":"En \u00abActualidad\u00bb","block_context":{"text":"Actualidad","link":"https:\/\/infoseguridadit.com\/electronica\/category\/actualidad\/"},"img":{"alt_text":"favaro alas","src":"https:\/\/i0.wp.com\/infoseguridadit.com\/electronica\/wp-content\/uploads\/2025\/12\/favaro-alas.jpeg?resize=350%2C200&ssl=1","width":350,"height":200,"srcset":"https:\/\/i0.wp.com\/infoseguridadit.com\/electronica\/wp-content\/uploads\/2025\/12\/favaro-alas.jpeg?resize=350%2C200&ssl=1 1x, https:\/\/i0.wp.com\/infoseguridadit.com\/electronica\/wp-content\/uploads\/2025\/12\/favaro-alas.jpeg?resize=525%2C300&ssl=1 1.5x, https:\/\/i0.wp.com\/infoseguridadit.com\/electronica\/wp-content\/uploads\/2025\/12\/favaro-alas.jpeg?resize=700%2C400&ssl=1 2x, https:\/\/i0.wp.com\/infoseguridadit.com\/electronica\/wp-content\/uploads\/2025\/12\/favaro-alas.jpeg?resize=1050%2C600&ssl=1 3x, https:\/\/i0.wp.com\/infoseguridadit.com\/electronica\/wp-content\/uploads\/2025\/12\/favaro-alas.jpeg?resize=1400%2C800&ssl=1 4x"},"classes":[]},{"id":12888,"url":"https:\/\/infoseguridadit.com\/electronica\/2022\/04\/29\/encuentro-tecnologico-alas\/","url_meta":{"origin":12762,"position":3},"title":"ALAS aterriza en Uruguay y ya juega de local","author":"InfoSeguridadIT","date":"29 de abril de 2022","format":false,"excerpt":"El Encuentro Tecnol\u00f3gico ALAS Uruguay 2022 ya promete ser un \u00e9xito por la cantidad de registrados y empresas patrocinadoras. Entrevistamos al Lic. Daniel G. Banda \u2013 CEO en SoftGuard Tech Corp. \u2013 International Director y Coordinador de Comit\u00e9s Nacionales en ALAS (Asociaci\u00f3n Latinoamericana de Seguridad) \u00bfCu\u00e1l es la situaci\u00f3n de\u2026","rel":"","context":"En \u00abActualidad\u00bb","block_context":{"text":"Actualidad","link":"https:\/\/infoseguridadit.com\/electronica\/category\/actualidad\/"},"img":{"alt_text":"","src":"https:\/\/i0.wp.com\/infoseguridadit.com\/electronica\/wp-content\/uploads\/2022\/04\/etalasuy.jpg?resize=350%2C200&ssl=1","width":350,"height":200,"srcset":"https:\/\/i0.wp.com\/infoseguridadit.com\/electronica\/wp-content\/uploads\/2022\/04\/etalasuy.jpg?resize=350%2C200&ssl=1 1x, https:\/\/i0.wp.com\/infoseguridadit.com\/electronica\/wp-content\/uploads\/2022\/04\/etalasuy.jpg?resize=525%2C300&ssl=1 1.5x, https:\/\/i0.wp.com\/infoseguridadit.com\/electronica\/wp-content\/uploads\/2022\/04\/etalasuy.jpg?resize=700%2C400&ssl=1 2x, https:\/\/i0.wp.com\/infoseguridadit.com\/electronica\/wp-content\/uploads\/2022\/04\/etalasuy.jpg?resize=1050%2C600&ssl=1 3x"},"classes":[]},{"id":12368,"url":"https:\/\/infoseguridadit.com\/electronica\/2021\/09\/22\/alas-latam\/","url_meta":{"origin":12762,"position":4},"title":"ALAS, una asociaci\u00f3n que no se detiene y levanta vuelo hacia lo m\u00e1s alto.","author":"InfoSeguridadIT","date":"22 de septiembre de 2021","format":false,"excerpt":"En menos de dos a\u00f1os, la asociaci\u00f3n latinoamericana de seguridad ALAS se expande vertiginosamente aumentando m\u00e1s de 30 % sus miembros y estableciendo en 8 pa\u00edses diferentes comit\u00e9s de trabajo que potencian las relaciones con usuarios finales.\u00a0 ALAS, es sin lugar a dudas la principal comunidad de protagonistas de la\u2026","rel":"","context":"En \u00abActualidad\u00bb","block_context":{"text":"Actualidad","link":"https:\/\/infoseguridadit.com\/electronica\/category\/actualidad\/"},"img":{"alt_text":"","src":"https:\/\/i0.wp.com\/infoseguridadit.com\/electronica\/wp-content\/uploads\/2021\/09\/comites-nacionales-alas.jpeg?resize=350%2C200&ssl=1","width":350,"height":200,"srcset":"https:\/\/i0.wp.com\/infoseguridadit.com\/electronica\/wp-content\/uploads\/2021\/09\/comites-nacionales-alas.jpeg?resize=350%2C200&ssl=1 1x, https:\/\/i0.wp.com\/infoseguridadit.com\/electronica\/wp-content\/uploads\/2021\/09\/comites-nacionales-alas.jpeg?resize=525%2C300&ssl=1 1.5x, https:\/\/i0.wp.com\/infoseguridadit.com\/electronica\/wp-content\/uploads\/2021\/09\/comites-nacionales-alas.jpeg?resize=700%2C400&ssl=1 2x"},"classes":[]},{"id":9693,"url":"https:\/\/infoseguridadit.com\/electronica\/2020\/03\/21\/feria-digital-alas\/","url_meta":{"origin":12762,"position":5},"title":"Feria digital ALAS, seguir conectados a pesar el COVID-19","author":"InfoSeguridadIT","date":"21 de marzo de 2020","format":false,"excerpt":"Luego de numerosas cancelaciones de eventos presenciales que re\u00fanen a la industria de la seguridad electr\u00f3nica, la Feria Digital ALAS impulsa una innovadora iniciativa que busca hacerle frente a las limitaciones de la pandemia que paraliza al mundo, promoviendo el contacto entre las principales marcas del mercado de una manera\u2026","rel":"","context":"En \u00abActualidad\u00bb","block_context":{"text":"Actualidad","link":"https:\/\/infoseguridadit.com\/electronica\/category\/actualidad\/"},"img":{"alt_text":"Feria digital ALAS","src":"https:\/\/i0.wp.com\/infoseguridadit.com\/electronica\/wp-content\/uploads\/2020\/03\/feria-digital-alas-2.jpg?resize=350%2C200&ssl=1","width":350,"height":200,"srcset":"https:\/\/i0.wp.com\/infoseguridadit.com\/electronica\/wp-content\/uploads\/2020\/03\/feria-digital-alas-2.jpg?resize=350%2C200&ssl=1 1x, https:\/\/i0.wp.com\/infoseguridadit.com\/electronica\/wp-content\/uploads\/2020\/03\/feria-digital-alas-2.jpg?resize=525%2C300&ssl=1 1.5x, https:\/\/i0.wp.com\/infoseguridadit.com\/electronica\/wp-content\/uploads\/2020\/03\/feria-digital-alas-2.jpg?resize=700%2C400&ssl=1 2x"},"classes":[]}],"jetpack_shortlink":"https:\/\/wp.me\/p6cGtH-3jQ","_links":{"self":[{"href":"https:\/\/infoseguridadit.com\/electronica\/wp-json\/wp\/v2\/posts\/12762","targetHints":{"allow":["GET"]}}],"collection":[{"href":"https:\/\/infoseguridadit.com\/electronica\/wp-json\/wp\/v2\/posts"}],"about":[{"href":"https:\/\/infoseguridadit.com\/electronica\/wp-json\/wp\/v2\/types\/post"}],"author":[{"embeddable":true,"href":"https:\/\/infoseguridadit.com\/electronica\/wp-json\/wp\/v2\/users\/1"}],"replies":[{"embeddable":true,"href":"https:\/\/infoseguridadit.com\/electronica\/wp-json\/wp\/v2\/comments?post=12762"}],"version-history":[{"count":12,"href":"https:\/\/infoseguridadit.com\/electronica\/wp-json\/wp\/v2\/posts\/12762\/revisions"}],"predecessor-version":[{"id":12779,"href":"https:\/\/infoseguridadit.com\/electronica\/wp-json\/wp\/v2\/posts\/12762\/revisions\/12779"}],"wp:featuredmedia":[{"embeddable":true,"href":"https:\/\/infoseguridadit.com\/electronica\/wp-json\/wp\/v2\/media\/12766"}],"wp:attachment":[{"href":"https:\/\/infoseguridadit.com\/electronica\/wp-json\/wp\/v2\/media?parent=12762"}],"wp:term":[{"taxonomy":"category","embeddable":true,"href":"https:\/\/infoseguridadit.com\/electronica\/wp-json\/wp\/v2\/categories?post=12762"},{"taxonomy":"post_tag","embeddable":true,"href":"https:\/\/infoseguridadit.com\/electronica\/wp-json\/wp\/v2\/tags?post=12762"}],"curies":[{"name":"wp","href":"https:\/\/api.w.org\/{rel}","templated":true}]}}