{"id":12888,"date":"2022-04-29T14:09:18","date_gmt":"2022-04-29T17:09:18","guid":{"rendered":"http:\/\/infoseguridadit.com\/electronica\/?p=12888"},"modified":"2022-04-30T09:07:24","modified_gmt":"2022-04-30T12:07:24","slug":"encuentro-tecnologico-alas","status":"publish","type":"post","link":"https:\/\/infoseguridadit.com\/electronica\/2022\/04\/29\/encuentro-tecnologico-alas\/","title":{"rendered":"ALAS aterriza en Uruguay y ya juega de local"},"content":{"rendered":"\n<p>El Encuentro Tecnol\u00f3gico ALAS Uruguay 2022 ya promete ser un \u00e9xito por la cantidad de registrados y empresas patrocinadoras. Entrevistamos al Lic. Daniel G. Banda \u2013 CEO en SoftGuard Tech Corp. \u2013 International Director y Coordinador de Comit\u00e9s Nacionales en ALAS (<a href=\"https:\/\/alas-la.org\/\" target=\"_blank\" rel=\"noreferrer noopener\">Asociaci\u00f3n Latinoamericana de Seguridad<\/a>) <\/p>\n\n\n\n<div class=\"wp-block-image\"><figure class=\"alignleft size-large is-resized\"><img loading=\"lazy\" decoding=\"async\" src=\"https:\/\/infoseguridadit.com\/electronica\/wp-content\/uploads\/2022\/04\/daniel-banda.png\" alt=\"\" class=\"wp-image-12784\" width=\"110\" height=\"129\"\/><\/figure><\/div>\n\n\n\n<p><br><strong>\u00bfCu\u00e1l es la situaci\u00f3n de Alas en Uruguay al d\u00eda de hoy?<\/strong><\/p>\n\n\n\n<p>Hay un gran desarrollo a nivel Latinoam\u00e9rica de los <strong>Comit\u00e9s Nacionales<\/strong> de ALAS, y dentro del marco de estos, el m\u00e1s reciente en formaci\u00f3n y listo para ponerse en funci\u00f3n es el de Uruguay, un pa\u00eds que ten\u00eda pocos socios, intermitentes, de Alas Internacional. Hoy el comit\u00e9 internacional lo estabiliza y genera m\u00faltiples nuevos socios.<\/p>\n\n\n\n<p><strong>\u00bfC\u00f3mo ves a Uruguay a nivel tecnolog\u00eda?<\/strong><\/p>\n\n\n\n<p>En cuanto a productos y servicios Uruguay est\u00e1 muy bien posicionado en el conocimiento de las tecnolog\u00edas, no tienen inconvenientes mayores para importar productos, con lo cual no hay problemas de faltantes ni la obtenci\u00f3n de divisas con el pago al exterior.<\/p>\n\n\n\n<p>Entonces b\u00e1sicamente Uruguay tiene todas las tecnolog\u00edas a la mano pero creo que ahora est\u00e1n un poquito m\u00e1s movilizados en cuestiones de la inteligencia artificial y el IOT y as\u00ed lo manifestaron al armar un panel para el evento del 10 de mayo sobre estas cuestiones y dentro de la inteligencia artificial las anal\u00edticas de video. Estos son los ejes que motivan el evento adem\u00e1s de la obvia : el reencuentro post pandemia desde el afecto y la comunidad<\/p>\n\n\n\n<p><strong>Softguard ser\u00e1 sponsor del Encuentro Tecnol\u00f3gico ALAS Uruguay, \u00bfqu\u00e9 es lo que los moviliza a estar all\u00ed?<\/strong><\/p>\n\n\n\n<p>A partir de esta regularizaci\u00f3n y crecimiento de los socios se genera un motor de acciones locales que es lo que b\u00e1sicamente marca a los comit\u00e9s, y en este inicio, lo que a mi me motiva especialmente es estar acompa\u00f1ando a mis colegas en Uruguay como director y coordinador de los comit\u00e9s nacionales de <a href=\"https:\/\/infoseguridadit.com\/electronica\/2022\/04\/07\/alas-evento2022\/\" target=\"_blank\" rel=\"noreferrer noopener\">Alas<\/a> para mi es un <em>deber<\/em> estar ah\u00ed presente.<\/p>\n\n\n\n<p>Adicionalmente apoyamos econ\u00f3micamente a trav\u00e9s desde SoftGuard como <em>sponsor<\/em> del evento. Por ello tenemos un espacio de charlas en donde vamos a presentar innovaciones para generar servicios y nuevos negocios basados en monitoreo.<\/p>\n\n\n\n<p><strong>\u00bfY como viene la convocatoria y d\u00f3nde se realizar\u00e1?<\/strong><\/p>\n\n\n\n<p>El ET ALAS Uruguay a varios d\u00edas de la fecha de su realizaci\u00f3n, ya excedi\u00f3 todas sus expectativas en cuanto a asistentes, el mismo ser\u00e1 en el Hotel Hyatt Centric Montevideo el 10 de mayo.<\/p>\n\n\n\n<figure class=\"wp-block-image size-large\"><a href=\"https:\/\/alas-la.org\/encuentro-tecnologico-alas-montevideo\/\" target=\"_blank\" rel=\"noopener noreferrer\"><img loading=\"lazy\" decoding=\"async\" width=\"1024\" height=\"1024\" src=\"https:\/\/infoseguridadit.com\/electronica\/wp-content\/uploads\/2022\/04\/et-alas-uruguay-1024x1024.jpeg\" alt=\"Encuentro Tecnologico uruguay\" class=\"wp-image-12889\" srcset=\"https:\/\/infoseguridadit.com\/electronica\/wp-content\/uploads\/2022\/04\/et-alas-uruguay-1024x1024.jpeg 1024w, https:\/\/infoseguridadit.com\/electronica\/wp-content\/uploads\/2022\/04\/et-alas-uruguay-300x300.jpeg 300w, https:\/\/infoseguridadit.com\/electronica\/wp-content\/uploads\/2022\/04\/et-alas-uruguay-150x150.jpeg 150w, https:\/\/infoseguridadit.com\/electronica\/wp-content\/uploads\/2022\/04\/et-alas-uruguay-768x768.jpeg 768w, https:\/\/infoseguridadit.com\/electronica\/wp-content\/uploads\/2022\/04\/et-alas-uruguay-120x120.jpeg 120w, https:\/\/infoseguridadit.com\/electronica\/wp-content\/uploads\/2022\/04\/et-alas-uruguay.jpeg 1080w\" sizes=\"auto, (max-width: 1024px) 100vw, 1024px\" \/><\/a><\/figure>\n\n\n\n<p><br><br><br><\/p>\n","protected":false},"excerpt":{"rendered":"<p>El Encuentro Tecnol\u00f3gico ALAS Uruguay 2022 ya promete ser un \u00e9xito por la cantidad de registrados y empresas patrocinadoras. Entrevistamos al Lic. Daniel G. Banda \u2013 CEO en SoftGuard Tech Corp. \u2013 International Director y Coordinador de Comit\u00e9s Nacionales en ALAS (Asociaci\u00f3n Latinoamericana de Seguridad) \u00bfCu\u00e1l es la situaci\u00f3n de Alas en Uruguay al d\u00eda [&hellip;]<\/p>\n","protected":false},"author":1,"featured_media":12890,"comment_status":"closed","ping_status":"closed","sticky":false,"template":"","format":"standard","meta":{"jetpack_post_was_ever_published":false,"_joinchat":{"view":"no"},"footnotes":"","jetpack_publicize_message":"","jetpack_publicize_feature_enabled":true,"jetpack_social_post_already_shared":true,"jetpack_social_options":{"image_generator_settings":{"template":"highway","default_image_id":0,"font":"","enabled":false},"version":2}},"categories":[66],"tags":[381,156,539,46],"class_list":["post-12888","post","type-post","status-publish","format-standard","has-post-thumbnail","hentry","category-actualidad","tag-alas","tag-daniel-banda","tag-encuentro-tecnologico-alas","tag-softguard"],"yoast_head":"<!-- This site is optimized with the Yoast SEO plugin v27.3 - https:\/\/yoast.com\/product\/yoast-seo-wordpress\/ -->\n<title>Encuentro Tecnologico ALAS aterriza en Uruguay y ya es local<\/title>\n<meta name=\"description\" content=\"Encuentro Tecnol\u00f3gico ALAS Uruguay 2022 ya promete ser un \u00e9xito por la cantidad de registrados y empresas patrocinadoras que apoyan el evento\" \/>\n<meta name=\"robots\" content=\"index, follow, max-snippet:-1, max-image-preview:large, max-video-preview:-1\" \/>\n<link rel=\"canonical\" href=\"https:\/\/infoseguridadit.com\/electronica\/2022\/04\/29\/encuentro-tecnologico-alas\/\" \/>\n<meta property=\"og:locale\" content=\"es_ES\" \/>\n<meta property=\"og:type\" content=\"article\" \/>\n<meta property=\"og:title\" content=\"Encuentro Tecnologico ALAS aterriza en Uruguay y ya es local\" \/>\n<meta property=\"og:description\" content=\"Encuentro Tecnol\u00f3gico ALAS Uruguay 2022 ya promete ser un \u00e9xito por la cantidad de registrados y empresas patrocinadoras que apoyan el evento\" \/>\n<meta property=\"og:url\" content=\"https:\/\/infoseguridadit.com\/electronica\/2022\/04\/29\/encuentro-tecnologico-alas\/\" \/>\n<meta property=\"og:site_name\" content=\"InfoSeguridadIT\" \/>\n<meta property=\"article:publisher\" content=\"https:\/\/www.facebook.com\/Infoseguridadit\" \/>\n<meta property=\"article:author\" content=\"https:\/\/www.facebook.com\/Infoseguridadit\/\" \/>\n<meta property=\"article:published_time\" content=\"2022-04-29T17:09:18+00:00\" \/>\n<meta property=\"article:modified_time\" content=\"2022-04-30T12:07:24+00:00\" \/>\n<meta property=\"og:image\" content=\"https:\/\/i0.wp.com\/infoseguridadit.com\/electronica\/wp-content\/uploads\/2022\/04\/etalasuy.jpg?fit=1154%2C802&ssl=1\" \/>\n\t<meta property=\"og:image:width\" content=\"1154\" \/>\n\t<meta property=\"og:image:height\" content=\"802\" \/>\n\t<meta property=\"og:image:type\" content=\"image\/jpeg\" \/>\n<meta name=\"author\" content=\"InfoSeguridadIT\" \/>\n<meta name=\"twitter:card\" content=\"summary_large_image\" \/>\n<meta name=\"twitter:creator\" content=\"@gremioseguridad\" \/>\n<meta name=\"twitter:site\" content=\"@gremioseguridad\" \/>\n<meta name=\"twitter:label1\" content=\"Escrito por\" \/>\n\t<meta name=\"twitter:data1\" content=\"InfoSeguridadIT\" \/>\n\t<meta name=\"twitter:label2\" content=\"Tiempo de lectura\" \/>\n\t<meta name=\"twitter:data2\" content=\"2 minutos\" \/>\n<script type=\"application\/ld+json\" class=\"yoast-schema-graph\">{\"@context\":\"https:\\\/\\\/schema.org\",\"@graph\":[{\"@type\":\"Article\",\"@id\":\"https:\\\/\\\/infoseguridadit.com\\\/electronica\\\/2022\\\/04\\\/29\\\/encuentro-tecnologico-alas\\\/#article\",\"isPartOf\":{\"@id\":\"https:\\\/\\\/infoseguridadit.com\\\/electronica\\\/2022\\\/04\\\/29\\\/encuentro-tecnologico-alas\\\/\"},\"author\":{\"name\":\"InfoSeguridadIT\",\"@id\":\"https:\\\/\\\/infoseguridadit.com\\\/electronica\\\/#\\\/schema\\\/person\\\/ebbcebab56199bc170ca93cc17e06b80\"},\"headline\":\"ALAS aterriza en Uruguay y ya juega de local\",\"datePublished\":\"2022-04-29T17:09:18+00:00\",\"dateModified\":\"2022-04-30T12:07:24+00:00\",\"mainEntityOfPage\":{\"@id\":\"https:\\\/\\\/infoseguridadit.com\\\/electronica\\\/2022\\\/04\\\/29\\\/encuentro-tecnologico-alas\\\/\"},\"wordCount\":435,\"publisher\":{\"@id\":\"https:\\\/\\\/infoseguridadit.com\\\/electronica\\\/#organization\"},\"image\":{\"@id\":\"https:\\\/\\\/infoseguridadit.com\\\/electronica\\\/2022\\\/04\\\/29\\\/encuentro-tecnologico-alas\\\/#primaryimage\"},\"thumbnailUrl\":\"https:\\\/\\\/infoseguridadit.com\\\/electronica\\\/wp-content\\\/uploads\\\/2022\\\/04\\\/etalasuy.jpg\",\"keywords\":[\"alas\",\"daniel banda\",\"encuentro tecnol\u00f3gico alas\",\"Softguard\"],\"articleSection\":[\"Actualidad\"],\"inLanguage\":\"es\"},{\"@type\":\"WebPage\",\"@id\":\"https:\\\/\\\/infoseguridadit.com\\\/electronica\\\/2022\\\/04\\\/29\\\/encuentro-tecnologico-alas\\\/\",\"url\":\"https:\\\/\\\/infoseguridadit.com\\\/electronica\\\/2022\\\/04\\\/29\\\/encuentro-tecnologico-alas\\\/\",\"name\":\"Encuentro Tecnologico ALAS aterriza en Uruguay y ya es local\",\"isPartOf\":{\"@id\":\"https:\\\/\\\/infoseguridadit.com\\\/electronica\\\/#website\"},\"primaryImageOfPage\":{\"@id\":\"https:\\\/\\\/infoseguridadit.com\\\/electronica\\\/2022\\\/04\\\/29\\\/encuentro-tecnologico-alas\\\/#primaryimage\"},\"image\":{\"@id\":\"https:\\\/\\\/infoseguridadit.com\\\/electronica\\\/2022\\\/04\\\/29\\\/encuentro-tecnologico-alas\\\/#primaryimage\"},\"thumbnailUrl\":\"https:\\\/\\\/infoseguridadit.com\\\/electronica\\\/wp-content\\\/uploads\\\/2022\\\/04\\\/etalasuy.jpg\",\"datePublished\":\"2022-04-29T17:09:18+00:00\",\"dateModified\":\"2022-04-30T12:07:24+00:00\",\"description\":\"Encuentro Tecnol\u00f3gico ALAS Uruguay 2022 ya promete ser un \u00e9xito por la cantidad de registrados y empresas patrocinadoras que apoyan el evento\",\"breadcrumb\":{\"@id\":\"https:\\\/\\\/infoseguridadit.com\\\/electronica\\\/2022\\\/04\\\/29\\\/encuentro-tecnologico-alas\\\/#breadcrumb\"},\"inLanguage\":\"es\",\"potentialAction\":[{\"@type\":\"ReadAction\",\"target\":[\"https:\\\/\\\/infoseguridadit.com\\\/electronica\\\/2022\\\/04\\\/29\\\/encuentro-tecnologico-alas\\\/\"]}]},{\"@type\":\"ImageObject\",\"inLanguage\":\"es\",\"@id\":\"https:\\\/\\\/infoseguridadit.com\\\/electronica\\\/2022\\\/04\\\/29\\\/encuentro-tecnologico-alas\\\/#primaryimage\",\"url\":\"https:\\\/\\\/infoseguridadit.com\\\/electronica\\\/wp-content\\\/uploads\\\/2022\\\/04\\\/etalasuy.jpg\",\"contentUrl\":\"https:\\\/\\\/infoseguridadit.com\\\/electronica\\\/wp-content\\\/uploads\\\/2022\\\/04\\\/etalasuy.jpg\",\"width\":1154,\"height\":802},{\"@type\":\"BreadcrumbList\",\"@id\":\"https:\\\/\\\/infoseguridadit.com\\\/electronica\\\/2022\\\/04\\\/29\\\/encuentro-tecnologico-alas\\\/#breadcrumb\",\"itemListElement\":[{\"@type\":\"ListItem\",\"position\":1,\"name\":\"Portada\",\"item\":\"https:\\\/\\\/infoseguridadit.com\\\/electronica\\\/\"},{\"@type\":\"ListItem\",\"position\":2,\"name\":\"ALAS aterriza en Uruguay y ya juega de local\"}]},{\"@type\":\"WebSite\",\"@id\":\"https:\\\/\\\/infoseguridadit.com\\\/electronica\\\/#website\",\"url\":\"https:\\\/\\\/infoseguridadit.com\\\/electronica\\\/\",\"name\":\"InfoSeguridadIT\",\"description\":\"InfoSeguridadIT es un portal de noticias sobre tecnolog\u00eda y seguridad electr\u00f3nica dirigido a Integradores, Distribuidores, Importadores, Fabricantes, etc.\",\"publisher\":{\"@id\":\"https:\\\/\\\/infoseguridadit.com\\\/electronica\\\/#organization\"},\"potentialAction\":[{\"@type\":\"SearchAction\",\"target\":{\"@type\":\"EntryPoint\",\"urlTemplate\":\"https:\\\/\\\/infoseguridadit.com\\\/electronica\\\/?s={search_term_string}\"},\"query-input\":{\"@type\":\"PropertyValueSpecification\",\"valueRequired\":true,\"valueName\":\"search_term_string\"}}],\"inLanguage\":\"es\"},{\"@type\":\"Organization\",\"@id\":\"https:\\\/\\\/infoseguridadit.com\\\/electronica\\\/#organization\",\"name\":\"InfoSeguridadIT\",\"url\":\"https:\\\/\\\/infoseguridadit.com\\\/electronica\\\/\",\"logo\":{\"@type\":\"ImageObject\",\"inLanguage\":\"es\",\"@id\":\"https:\\\/\\\/infoseguridadit.com\\\/electronica\\\/#\\\/schema\\\/logo\\\/image\\\/\",\"url\":\"http:\\\/\\\/infoseguridadit.com\\\/electronica\\\/wp-content\\\/uploads\\\/2023\\\/10\\\/cropped-logo-isit-latam-low-b.png\",\"contentUrl\":\"http:\\\/\\\/infoseguridadit.com\\\/electronica\\\/wp-content\\\/uploads\\\/2023\\\/10\\\/cropped-logo-isit-latam-low-b.png\",\"width\":400,\"height\":111,\"caption\":\"InfoSeguridadIT\"},\"image\":{\"@id\":\"https:\\\/\\\/infoseguridadit.com\\\/electronica\\\/#\\\/schema\\\/logo\\\/image\\\/\"},\"sameAs\":[\"https:\\\/\\\/www.facebook.com\\\/Infoseguridadit\",\"https:\\\/\\\/x.com\\\/gremioseguridad\",\"https:\\\/\\\/www.instagram.com\\\/infoseguridadit\\\/\",\"https:\\\/\\\/www.linkedin.com\\\/in\\\/ramiro-de-rosa--7879a99\\\/\"]},{\"@type\":\"Person\",\"@id\":\"https:\\\/\\\/infoseguridadit.com\\\/electronica\\\/#\\\/schema\\\/person\\\/ebbcebab56199bc170ca93cc17e06b80\",\"name\":\"InfoSeguridadIT\",\"image\":{\"@type\":\"ImageObject\",\"inLanguage\":\"es\",\"@id\":\"https:\\\/\\\/secure.gravatar.com\\\/avatar\\\/f65dac9718ad877804b6a3fb5a58ca3238715fb7957e908f214fc5d6161d758f?s=96&d=mm&r=g\",\"url\":\"https:\\\/\\\/secure.gravatar.com\\\/avatar\\\/f65dac9718ad877804b6a3fb5a58ca3238715fb7957e908f214fc5d6161d758f?s=96&d=mm&r=g\",\"contentUrl\":\"https:\\\/\\\/secure.gravatar.com\\\/avatar\\\/f65dac9718ad877804b6a3fb5a58ca3238715fb7957e908f214fc5d6161d758f?s=96&d=mm&r=g\",\"caption\":\"InfoSeguridadIT\"},\"sameAs\":[\"https:\\\/\\\/infoseguridadit.com\\\/electronica\\\/\",\"https:\\\/\\\/www.facebook.com\\\/Infoseguridadit\\\/\",\"https:\\\/\\\/www.instagram.com\\\/infoseguridadit\"],\"url\":\"https:\\\/\\\/infoseguridadit.com\\\/electronica\\\/author\\\/ramiroderosa\\\/\"}]}<\/script>\n<!-- \/ Yoast SEO plugin. -->","yoast_head_json":{"title":"Encuentro Tecnologico ALAS aterriza en Uruguay y ya es local","description":"Encuentro Tecnol\u00f3gico ALAS Uruguay 2022 ya promete ser un \u00e9xito por la cantidad de registrados y empresas patrocinadoras que apoyan el evento","robots":{"index":"index","follow":"follow","max-snippet":"max-snippet:-1","max-image-preview":"max-image-preview:large","max-video-preview":"max-video-preview:-1"},"canonical":"https:\/\/infoseguridadit.com\/electronica\/2022\/04\/29\/encuentro-tecnologico-alas\/","og_locale":"es_ES","og_type":"article","og_title":"Encuentro Tecnologico ALAS aterriza en Uruguay y ya es local","og_description":"Encuentro Tecnol\u00f3gico ALAS Uruguay 2022 ya promete ser un \u00e9xito por la cantidad de registrados y empresas patrocinadoras que apoyan el evento","og_url":"https:\/\/infoseguridadit.com\/electronica\/2022\/04\/29\/encuentro-tecnologico-alas\/","og_site_name":"InfoSeguridadIT","article_publisher":"https:\/\/www.facebook.com\/Infoseguridadit","article_author":"https:\/\/www.facebook.com\/Infoseguridadit\/","article_published_time":"2022-04-29T17:09:18+00:00","article_modified_time":"2022-04-30T12:07:24+00:00","og_image":[{"width":1154,"height":802,"url":"https:\/\/i0.wp.com\/infoseguridadit.com\/electronica\/wp-content\/uploads\/2022\/04\/etalasuy.jpg?fit=1154%2C802&ssl=1","type":"image\/jpeg"}],"author":"InfoSeguridadIT","twitter_card":"summary_large_image","twitter_creator":"@gremioseguridad","twitter_site":"@gremioseguridad","twitter_misc":{"Escrito por":"InfoSeguridadIT","Tiempo de lectura":"2 minutos"},"schema":{"@context":"https:\/\/schema.org","@graph":[{"@type":"Article","@id":"https:\/\/infoseguridadit.com\/electronica\/2022\/04\/29\/encuentro-tecnologico-alas\/#article","isPartOf":{"@id":"https:\/\/infoseguridadit.com\/electronica\/2022\/04\/29\/encuentro-tecnologico-alas\/"},"author":{"name":"InfoSeguridadIT","@id":"https:\/\/infoseguridadit.com\/electronica\/#\/schema\/person\/ebbcebab56199bc170ca93cc17e06b80"},"headline":"ALAS aterriza en Uruguay y ya juega de local","datePublished":"2022-04-29T17:09:18+00:00","dateModified":"2022-04-30T12:07:24+00:00","mainEntityOfPage":{"@id":"https:\/\/infoseguridadit.com\/electronica\/2022\/04\/29\/encuentro-tecnologico-alas\/"},"wordCount":435,"publisher":{"@id":"https:\/\/infoseguridadit.com\/electronica\/#organization"},"image":{"@id":"https:\/\/infoseguridadit.com\/electronica\/2022\/04\/29\/encuentro-tecnologico-alas\/#primaryimage"},"thumbnailUrl":"https:\/\/infoseguridadit.com\/electronica\/wp-content\/uploads\/2022\/04\/etalasuy.jpg","keywords":["alas","daniel banda","encuentro tecnol\u00f3gico alas","Softguard"],"articleSection":["Actualidad"],"inLanguage":"es"},{"@type":"WebPage","@id":"https:\/\/infoseguridadit.com\/electronica\/2022\/04\/29\/encuentro-tecnologico-alas\/","url":"https:\/\/infoseguridadit.com\/electronica\/2022\/04\/29\/encuentro-tecnologico-alas\/","name":"Encuentro Tecnologico ALAS aterriza en Uruguay y ya es local","isPartOf":{"@id":"https:\/\/infoseguridadit.com\/electronica\/#website"},"primaryImageOfPage":{"@id":"https:\/\/infoseguridadit.com\/electronica\/2022\/04\/29\/encuentro-tecnologico-alas\/#primaryimage"},"image":{"@id":"https:\/\/infoseguridadit.com\/electronica\/2022\/04\/29\/encuentro-tecnologico-alas\/#primaryimage"},"thumbnailUrl":"https:\/\/infoseguridadit.com\/electronica\/wp-content\/uploads\/2022\/04\/etalasuy.jpg","datePublished":"2022-04-29T17:09:18+00:00","dateModified":"2022-04-30T12:07:24+00:00","description":"Encuentro Tecnol\u00f3gico ALAS Uruguay 2022 ya promete ser un \u00e9xito por la cantidad de registrados y empresas patrocinadoras que apoyan el evento","breadcrumb":{"@id":"https:\/\/infoseguridadit.com\/electronica\/2022\/04\/29\/encuentro-tecnologico-alas\/#breadcrumb"},"inLanguage":"es","potentialAction":[{"@type":"ReadAction","target":["https:\/\/infoseguridadit.com\/electronica\/2022\/04\/29\/encuentro-tecnologico-alas\/"]}]},{"@type":"ImageObject","inLanguage":"es","@id":"https:\/\/infoseguridadit.com\/electronica\/2022\/04\/29\/encuentro-tecnologico-alas\/#primaryimage","url":"https:\/\/infoseguridadit.com\/electronica\/wp-content\/uploads\/2022\/04\/etalasuy.jpg","contentUrl":"https:\/\/infoseguridadit.com\/electronica\/wp-content\/uploads\/2022\/04\/etalasuy.jpg","width":1154,"height":802},{"@type":"BreadcrumbList","@id":"https:\/\/infoseguridadit.com\/electronica\/2022\/04\/29\/encuentro-tecnologico-alas\/#breadcrumb","itemListElement":[{"@type":"ListItem","position":1,"name":"Portada","item":"https:\/\/infoseguridadit.com\/electronica\/"},{"@type":"ListItem","position":2,"name":"ALAS aterriza en Uruguay y ya juega de local"}]},{"@type":"WebSite","@id":"https:\/\/infoseguridadit.com\/electronica\/#website","url":"https:\/\/infoseguridadit.com\/electronica\/","name":"InfoSeguridadIT","description":"InfoSeguridadIT es un portal de noticias sobre tecnolog\u00eda y seguridad electr\u00f3nica dirigido a Integradores, Distribuidores, Importadores, Fabricantes, etc.","publisher":{"@id":"https:\/\/infoseguridadit.com\/electronica\/#organization"},"potentialAction":[{"@type":"SearchAction","target":{"@type":"EntryPoint","urlTemplate":"https:\/\/infoseguridadit.com\/electronica\/?s={search_term_string}"},"query-input":{"@type":"PropertyValueSpecification","valueRequired":true,"valueName":"search_term_string"}}],"inLanguage":"es"},{"@type":"Organization","@id":"https:\/\/infoseguridadit.com\/electronica\/#organization","name":"InfoSeguridadIT","url":"https:\/\/infoseguridadit.com\/electronica\/","logo":{"@type":"ImageObject","inLanguage":"es","@id":"https:\/\/infoseguridadit.com\/electronica\/#\/schema\/logo\/image\/","url":"http:\/\/infoseguridadit.com\/electronica\/wp-content\/uploads\/2023\/10\/cropped-logo-isit-latam-low-b.png","contentUrl":"http:\/\/infoseguridadit.com\/electronica\/wp-content\/uploads\/2023\/10\/cropped-logo-isit-latam-low-b.png","width":400,"height":111,"caption":"InfoSeguridadIT"},"image":{"@id":"https:\/\/infoseguridadit.com\/electronica\/#\/schema\/logo\/image\/"},"sameAs":["https:\/\/www.facebook.com\/Infoseguridadit","https:\/\/x.com\/gremioseguridad","https:\/\/www.instagram.com\/infoseguridadit\/","https:\/\/www.linkedin.com\/in\/ramiro-de-rosa--7879a99\/"]},{"@type":"Person","@id":"https:\/\/infoseguridadit.com\/electronica\/#\/schema\/person\/ebbcebab56199bc170ca93cc17e06b80","name":"InfoSeguridadIT","image":{"@type":"ImageObject","inLanguage":"es","@id":"https:\/\/secure.gravatar.com\/avatar\/f65dac9718ad877804b6a3fb5a58ca3238715fb7957e908f214fc5d6161d758f?s=96&d=mm&r=g","url":"https:\/\/secure.gravatar.com\/avatar\/f65dac9718ad877804b6a3fb5a58ca3238715fb7957e908f214fc5d6161d758f?s=96&d=mm&r=g","contentUrl":"https:\/\/secure.gravatar.com\/avatar\/f65dac9718ad877804b6a3fb5a58ca3238715fb7957e908f214fc5d6161d758f?s=96&d=mm&r=g","caption":"InfoSeguridadIT"},"sameAs":["https:\/\/infoseguridadit.com\/electronica\/","https:\/\/www.facebook.com\/Infoseguridadit\/","https:\/\/www.instagram.com\/infoseguridadit"],"url":"https:\/\/infoseguridadit.com\/electronica\/author\/ramiroderosa\/"}]}},"jetpack_publicize_connections":[],"jetpack_featured_media_url":"https:\/\/infoseguridadit.com\/electronica\/wp-content\/uploads\/2022\/04\/etalasuy.jpg","jetpack-related-posts":[{"id":12747,"url":"https:\/\/infoseguridadit.com\/electronica\/2022\/04\/07\/alas-evento2022\/","url_meta":{"origin":12888,"position":0},"title":"Encuentros Tecnol\u00f3gicos ALAS Buenos Aires &#8230;y un d\u00eda volvieron los eventos","author":"InfoSeguridadIT","date":"7 de abril de 2022","format":false,"excerpt":"ALAS ET2022 se realizar\u00e1 el 5 de mayo de este a\u00f1o, en el Golden Center de costanera norte. Se espera una masiva convocatoria y un evento sin precedentes. Hablamos con el Lic. Daniel G. Banda - CEO en SoftGuard Tech Corp. - International Director y Coordinador de Comit\u00e9s Nacionales en\u2026","rel":"","context":"En \u00abEventos\u00bb","block_context":{"text":"Eventos","link":"https:\/\/infoseguridadit.com\/electronica\/category\/eventos\/"},"img":{"alt_text":"","src":"https:\/\/i0.wp.com\/infoseguridadit.com\/electronica\/wp-content\/uploads\/2022\/04\/header-alas-et2022.png?resize=350%2C200&ssl=1","width":350,"height":200,"srcset":"https:\/\/i0.wp.com\/infoseguridadit.com\/electronica\/wp-content\/uploads\/2022\/04\/header-alas-et2022.png?resize=350%2C200&ssl=1 1x, https:\/\/i0.wp.com\/infoseguridadit.com\/electronica\/wp-content\/uploads\/2022\/04\/header-alas-et2022.png?resize=525%2C300&ssl=1 1.5x, https:\/\/i0.wp.com\/infoseguridadit.com\/electronica\/wp-content\/uploads\/2022\/04\/header-alas-et2022.png?resize=700%2C400&ssl=1 2x, https:\/\/i0.wp.com\/infoseguridadit.com\/electronica\/wp-content\/uploads\/2022\/04\/header-alas-et2022.png?resize=1050%2C600&ssl=1 3x, https:\/\/i0.wp.com\/infoseguridadit.com\/electronica\/wp-content\/uploads\/2022\/04\/header-alas-et2022.png?resize=1400%2C800&ssl=1 4x"},"classes":[]},{"id":13012,"url":"https:\/\/infoseguridadit.com\/electronica\/2022\/05\/10\/alas-uruguay\/","url_meta":{"origin":12888,"position":1},"title":"ALAS lo hizo de nuevo, esta vez le toc\u00f3 a Uruguay","author":"InfoSeguridadIT","date":"10 de mayo de 2022","format":false,"excerpt":"ALAS cerr\u00f3 el Encuentro Tecnol\u00f3gico Montevideo 2022 con unos n\u00fameros que no estaban en ninguno de los c\u00e1lculos. Y no porque no se tuvieran fe, sino porque hace veinte d\u00edas, s\u00ed, veinte d\u00edas! estaba todo por hacer. En veinte d\u00edas se arm\u00f3 el comit\u00e9 ALAS Uruguay, se definieron los cargos,\u2026","rel":"","context":"En \u00abInformes\u00bb","block_context":{"text":"Informes","link":"https:\/\/infoseguridadit.com\/electronica\/category\/inf\/"},"img":{"alt_text":"","src":"https:\/\/i0.wp.com\/infoseguridadit.com\/electronica\/wp-content\/uploads\/2022\/05\/et-alas-uruguay-infoseguridadit-2022-05-10-at-12.00.16-PM.jpeg?resize=350%2C200&ssl=1","width":350,"height":200,"srcset":"https:\/\/i0.wp.com\/infoseguridadit.com\/electronica\/wp-content\/uploads\/2022\/05\/et-alas-uruguay-infoseguridadit-2022-05-10-at-12.00.16-PM.jpeg?resize=350%2C200&ssl=1 1x, https:\/\/i0.wp.com\/infoseguridadit.com\/electronica\/wp-content\/uploads\/2022\/05\/et-alas-uruguay-infoseguridadit-2022-05-10-at-12.00.16-PM.jpeg?resize=525%2C300&ssl=1 1.5x, https:\/\/i0.wp.com\/infoseguridadit.com\/electronica\/wp-content\/uploads\/2022\/05\/et-alas-uruguay-infoseguridadit-2022-05-10-at-12.00.16-PM.jpeg?resize=700%2C400&ssl=1 2x, https:\/\/i0.wp.com\/infoseguridadit.com\/electronica\/wp-content\/uploads\/2022\/05\/et-alas-uruguay-infoseguridadit-2022-05-10-at-12.00.16-PM.jpeg?resize=1050%2C600&ssl=1 3x, https:\/\/i0.wp.com\/infoseguridadit.com\/electronica\/wp-content\/uploads\/2022\/05\/et-alas-uruguay-infoseguridadit-2022-05-10-at-12.00.16-PM.jpeg?resize=1400%2C800&ssl=1 4x"},"classes":[]},{"id":12762,"url":"https:\/\/infoseguridadit.com\/electronica\/2022\/04\/09\/encuentro-tecnologico-alas-2022\/","url_meta":{"origin":12888,"position":2},"title":"Encuentro Tecnol\u00f3gico ALAS 2022, el desaf\u00edo de no ser igual","author":"InfoSeguridadIT","date":"9 de abril de 2022","format":false,"excerpt":"Encuentro Tecnol\u00f3gico ALAS 2022, sin duda un nombre con mucho peso. Sin embargo, la nueva normalidad nos obliga a ser distintos. Ya no podremos hacer m\u00e1s de lo mismo. En este nuevo contexto, entrevistamos a Sebasti\u00e1n Cason, CEO en ItegoGPS - Presidente de Comit\u00e9 Alas Argentina (Asociaci\u00f3n Latinoamericana de Seguridad)\u2026","rel":"","context":"En \u00abActualidad\u00bb","block_context":{"text":"Actualidad","link":"https:\/\/infoseguridadit.com\/electronica\/category\/actualidad\/"},"img":{"alt_text":"","src":"https:\/\/i0.wp.com\/infoseguridadit.com\/electronica\/wp-content\/uploads\/2022\/04\/imagen-infoseguridadit-home-alas-et2022.jpg?resize=350%2C200&ssl=1","width":350,"height":200},"classes":[]},{"id":10601,"url":"https:\/\/infoseguridadit.com\/electronica\/2020\/08\/21\/alas-se-expande-de-manera-disruptiva\/","url_meta":{"origin":12888,"position":3},"title":"ALAS se expande de manera disruptiva.","author":"InfoSeguridadIT","date":"21 de agosto de 2020","format":false,"excerpt":"ALAS, la Asociaci\u00f3n Latinoamericana de Seguridad, expande sus fronteras, abre el juego y acerca la seguridad, incluso, al usuario final. Por: Ramiro De Rosa, Director de Infogremio Como si se tratara de un commodity (\u00bfacaso no lo es?) ALAS abre sus puertas al usuario final. Esta estrategia, que hace unos\u2026","rel":"","context":"En \u00abInformes\u00bb","block_context":{"text":"Informes","link":"https:\/\/infoseguridadit.com\/electronica\/category\/inf\/"},"img":{"alt_text":"daniel banda infogremio softguard alas","src":"https:\/\/i0.wp.com\/infoseguridadit.com\/electronica\/wp-content\/uploads\/2020\/08\/875e6663-dfd8-4dd7-bcb3-0ccdc13149e3.jpeg?resize=350%2C200&ssl=1","width":350,"height":200,"srcset":"https:\/\/i0.wp.com\/infoseguridadit.com\/electronica\/wp-content\/uploads\/2020\/08\/875e6663-dfd8-4dd7-bcb3-0ccdc13149e3.jpeg?resize=350%2C200&ssl=1 1x, https:\/\/i0.wp.com\/infoseguridadit.com\/electronica\/wp-content\/uploads\/2020\/08\/875e6663-dfd8-4dd7-bcb3-0ccdc13149e3.jpeg?resize=525%2C300&ssl=1 1.5x, https:\/\/i0.wp.com\/infoseguridadit.com\/electronica\/wp-content\/uploads\/2020\/08\/875e6663-dfd8-4dd7-bcb3-0ccdc13149e3.jpeg?resize=700%2C400&ssl=1 2x, https:\/\/i0.wp.com\/infoseguridadit.com\/electronica\/wp-content\/uploads\/2020\/08\/875e6663-dfd8-4dd7-bcb3-0ccdc13149e3.jpeg?resize=1050%2C600&ssl=1 3x"},"classes":[]},{"id":12960,"url":"https:\/\/infoseguridadit.com\/electronica\/2022\/05\/06\/encuentro-tecnologico-buenos-aires\/","url_meta":{"origin":12888,"position":4},"title":"Nos volvimos a abrazar, \u00a1que bueno!","author":"InfoSeguridadIT","date":"6 de mayo de 2022","format":false,"excerpt":"Nos volvimos a abrazar, s\u00ed. Simple. Incluso, nos besamos. Que extra\u00f1o resulta escribir estas palabras siendo un medio de tecnolog\u00eda. Sobre el Encuentro Tecnol\u00f3gico ALAS Buenos Aires 2022, lo importante, lo primero, lo que vamos a recordar, es eso. Los abrazos y los besos. Desde lo racional suena obvio, despu\u00e9s\u2026","rel":"","context":"En \u00abEventos\u00bb","block_context":{"text":"Eventos","link":"https:\/\/infoseguridadit.com\/electronica\/category\/eventos\/"},"img":{"alt_text":"","src":"https:\/\/i0.wp.com\/infoseguridadit.com\/electronica\/wp-content\/uploads\/2022\/05\/infoseguridadit-encuentro-tecnologico-alas-buenos-aires2022-05-05-at-10.42.28-PM-1.jpeg?resize=350%2C200&ssl=1","width":350,"height":200,"srcset":"https:\/\/i0.wp.com\/infoseguridadit.com\/electronica\/wp-content\/uploads\/2022\/05\/infoseguridadit-encuentro-tecnologico-alas-buenos-aires2022-05-05-at-10.42.28-PM-1.jpeg?resize=350%2C200&ssl=1 1x, https:\/\/i0.wp.com\/infoseguridadit.com\/electronica\/wp-content\/uploads\/2022\/05\/infoseguridadit-encuentro-tecnologico-alas-buenos-aires2022-05-05-at-10.42.28-PM-1.jpeg?resize=525%2C300&ssl=1 1.5x, https:\/\/i0.wp.com\/infoseguridadit.com\/electronica\/wp-content\/uploads\/2022\/05\/infoseguridadit-encuentro-tecnologico-alas-buenos-aires2022-05-05-at-10.42.28-PM-1.jpeg?resize=700%2C400&ssl=1 2x, https:\/\/i0.wp.com\/infoseguridadit.com\/electronica\/wp-content\/uploads\/2022\/05\/infoseguridadit-encuentro-tecnologico-alas-buenos-aires2022-05-05-at-10.42.28-PM-1.jpeg?resize=1050%2C600&ssl=1 3x"},"classes":[]},{"id":12368,"url":"https:\/\/infoseguridadit.com\/electronica\/2021\/09\/22\/alas-latam\/","url_meta":{"origin":12888,"position":5},"title":"ALAS, una asociaci\u00f3n que no se detiene y levanta vuelo hacia lo m\u00e1s alto.","author":"InfoSeguridadIT","date":"22 de septiembre de 2021","format":false,"excerpt":"En menos de dos a\u00f1os, la asociaci\u00f3n latinoamericana de seguridad ALAS se expande vertiginosamente aumentando m\u00e1s de 30 % sus miembros y estableciendo en 8 pa\u00edses diferentes comit\u00e9s de trabajo que potencian las relaciones con usuarios finales.\u00a0 ALAS, es sin lugar a dudas la principal comunidad de protagonistas de la\u2026","rel":"","context":"En \u00abActualidad\u00bb","block_context":{"text":"Actualidad","link":"https:\/\/infoseguridadit.com\/electronica\/category\/actualidad\/"},"img":{"alt_text":"","src":"https:\/\/i0.wp.com\/infoseguridadit.com\/electronica\/wp-content\/uploads\/2021\/09\/comites-nacionales-alas.jpeg?resize=350%2C200&ssl=1","width":350,"height":200,"srcset":"https:\/\/i0.wp.com\/infoseguridadit.com\/electronica\/wp-content\/uploads\/2021\/09\/comites-nacionales-alas.jpeg?resize=350%2C200&ssl=1 1x, https:\/\/i0.wp.com\/infoseguridadit.com\/electronica\/wp-content\/uploads\/2021\/09\/comites-nacionales-alas.jpeg?resize=525%2C300&ssl=1 1.5x, https:\/\/i0.wp.com\/infoseguridadit.com\/electronica\/wp-content\/uploads\/2021\/09\/comites-nacionales-alas.jpeg?resize=700%2C400&ssl=1 2x"},"classes":[]}],"jetpack_shortlink":"https:\/\/wp.me\/p6cGtH-3lS","_links":{"self":[{"href":"https:\/\/infoseguridadit.com\/electronica\/wp-json\/wp\/v2\/posts\/12888","targetHints":{"allow":["GET"]}}],"collection":[{"href":"https:\/\/infoseguridadit.com\/electronica\/wp-json\/wp\/v2\/posts"}],"about":[{"href":"https:\/\/infoseguridadit.com\/electronica\/wp-json\/wp\/v2\/types\/post"}],"author":[{"embeddable":true,"href":"https:\/\/infoseguridadit.com\/electronica\/wp-json\/wp\/v2\/users\/1"}],"replies":[{"embeddable":true,"href":"https:\/\/infoseguridadit.com\/electronica\/wp-json\/wp\/v2\/comments?post=12888"}],"version-history":[{"count":3,"href":"https:\/\/infoseguridadit.com\/electronica\/wp-json\/wp\/v2\/posts\/12888\/revisions"}],"predecessor-version":[{"id":12907,"href":"https:\/\/infoseguridadit.com\/electronica\/wp-json\/wp\/v2\/posts\/12888\/revisions\/12907"}],"wp:featuredmedia":[{"embeddable":true,"href":"https:\/\/infoseguridadit.com\/electronica\/wp-json\/wp\/v2\/media\/12890"}],"wp:attachment":[{"href":"https:\/\/infoseguridadit.com\/electronica\/wp-json\/wp\/v2\/media?parent=12888"}],"wp:term":[{"taxonomy":"category","embeddable":true,"href":"https:\/\/infoseguridadit.com\/electronica\/wp-json\/wp\/v2\/categories?post=12888"},{"taxonomy":"post_tag","embeddable":true,"href":"https:\/\/infoseguridadit.com\/electronica\/wp-json\/wp\/v2\/tags?post=12888"}],"curies":[{"name":"wp","href":"https:\/\/api.w.org\/{rel}","templated":true}]}}