{"id":14798,"date":"2023-12-19T16:36:21","date_gmt":"2023-12-19T19:36:21","guid":{"rendered":"https:\/\/infoseguridadit.com\/electronica\/?p=14798"},"modified":"2023-12-19T11:45:30","modified_gmt":"2023-12-19T14:45:30","slug":"seg-foz","status":"publish","type":"post","link":"https:\/\/infoseguridadit.com\/electronica\/2023\/12\/19\/seg-foz\/","title":{"rendered":"SEG International sigue en expansi\u00f3n: Inauguraci\u00f3n en Foz de Igua\u00e7u"},"content":{"rendered":"\n<p>El pasado 8 de diciembre del 2023 marc\u00f3 una huella significativa en el horizonte de Foz de Igua\u00e7u con la inauguraci\u00f3n de SEG International, un proyecto \u00fanico en la regi\u00f3n que trae consigo las mejores marcas e innovaciones en el \u00e1mbito de la seguridad electr\u00f3nica. SEG International abre las puertas para atender a instaladores y distribuidores locales, ofreciendo lo \u00faltimo en tecnolog\u00eda y soluciones de seguridad a precios muy competitivos.<\/p>\n\n\n\n<figure class=\"wp-block-image size-large\"><a href=\"https:\/\/infoseguridadit.com\/electronica\/wp-content\/uploads\/2023\/12\/seg-international-foz-5.jpeg\"><img loading=\"lazy\" decoding=\"async\" width=\"1024\" height=\"684\" src=\"https:\/\/infoseguridadit.com\/electronica\/wp-content\/uploads\/2023\/12\/seg-international-foz-5-1024x684.jpeg\" alt=\"\" class=\"wp-image-14800\" srcset=\"https:\/\/infoseguridadit.com\/electronica\/wp-content\/uploads\/2023\/12\/seg-international-foz-5-1024x684.jpeg 1024w, https:\/\/infoseguridadit.com\/electronica\/wp-content\/uploads\/2023\/12\/seg-international-foz-5-300x200.jpeg 300w, https:\/\/infoseguridadit.com\/electronica\/wp-content\/uploads\/2023\/12\/seg-international-foz-5-768x513.jpeg 768w, https:\/\/infoseguridadit.com\/electronica\/wp-content\/uploads\/2023\/12\/seg-international-foz-5-1536x1025.jpeg 1536w, https:\/\/infoseguridadit.com\/electronica\/wp-content\/uploads\/2023\/12\/seg-international-foz-5.jpeg 1600w\" sizes=\"auto, (max-width: 1024px) 100vw, 1024px\" \/><\/a><\/figure>\n\n\n\n<p>La jornada inaugural estuvo impregnada de emoci\u00f3n y entusiasmo, con la presencia de invitados especiales que destacaron la importancia y el impacto en la historia de SEG. Entre los distinguidos visitantes se encontraba Nestor Pinheiro de SEG R\u00edo de Janeiro, cuya presencia honr\u00f3 el evento con su experiencia y trayectoria en el campo de la seguridad electr\u00f3nica. Rogerio Martos, director de SEG International en Argentina y Paraguay, cuya visi\u00f3n y liderazgo han impulsado el crecimiento y la expansi\u00f3n del Grupo SEG en la regi\u00f3n.<\/p>\n\n\n\n<figure class=\"wp-block-image size-large\"><a href=\"https:\/\/infoseguridadit.com\/electronica\/wp-content\/uploads\/2023\/12\/seg-international-foz-2.jpeg\"><img loading=\"lazy\" decoding=\"async\" width=\"1024\" height=\"684\" src=\"https:\/\/infoseguridadit.com\/electronica\/wp-content\/uploads\/2023\/12\/seg-international-foz-2-1024x684.jpeg\" alt=\"\" class=\"wp-image-14801\" srcset=\"https:\/\/infoseguridadit.com\/electronica\/wp-content\/uploads\/2023\/12\/seg-international-foz-2-1024x684.jpeg 1024w, https:\/\/infoseguridadit.com\/electronica\/wp-content\/uploads\/2023\/12\/seg-international-foz-2-300x200.jpeg 300w, https:\/\/infoseguridadit.com\/electronica\/wp-content\/uploads\/2023\/12\/seg-international-foz-2-768x513.jpeg 768w, https:\/\/infoseguridadit.com\/electronica\/wp-content\/uploads\/2023\/12\/seg-international-foz-2-1536x1025.jpeg 1536w, https:\/\/infoseguridadit.com\/electronica\/wp-content\/uploads\/2023\/12\/seg-international-foz-2.jpeg 1600w\" sizes=\"auto, (max-width: 1024px) 100vw, 1024px\" \/><\/a><\/figure>\n\n\n\n<p>Los asistentes tuvieron la oportunidad de conocer de primera mano las \u00faltimas tendencias en seguridad, intercambiar ideas y nuevas oportunidades comerciales, as\u00ed como explorar las soluciones innovadoras que ofrece SEG International.<\/p>\n\n\n\n<figure class=\"wp-block-image size-large\"><a href=\"https:\/\/infoseguridadit.com\/electronica\/wp-content\/uploads\/2023\/12\/seg-international-foz-3.jpeg\"><img loading=\"lazy\" decoding=\"async\" width=\"1024\" height=\"684\" src=\"https:\/\/infoseguridadit.com\/electronica\/wp-content\/uploads\/2023\/12\/seg-international-foz-3-1024x684.jpeg\" alt=\"\" class=\"wp-image-14802\" srcset=\"https:\/\/infoseguridadit.com\/electronica\/wp-content\/uploads\/2023\/12\/seg-international-foz-3-1024x684.jpeg 1024w, https:\/\/infoseguridadit.com\/electronica\/wp-content\/uploads\/2023\/12\/seg-international-foz-3-300x200.jpeg 300w, https:\/\/infoseguridadit.com\/electronica\/wp-content\/uploads\/2023\/12\/seg-international-foz-3-768x513.jpeg 768w, https:\/\/infoseguridadit.com\/electronica\/wp-content\/uploads\/2023\/12\/seg-international-foz-3-1536x1025.jpeg 1536w, https:\/\/infoseguridadit.com\/electronica\/wp-content\/uploads\/2023\/12\/seg-international-foz-3.jpeg 1600w\" sizes=\"auto, (max-width: 1024px) 100vw, 1024px\" \/><\/a><\/figure>\n\n\n\n<blockquote class=\"wp-block-quote is-layout-flow wp-block-quote-is-layout-flow\">\n<p>\u00a1Estamos emocionados por el impacto que este nuevo proyecto tendr\u00e1 en el comercio local y esperamos seguir siendo pioneros en brindar productos de alta calidad y tecnolog\u00eda de punta a los profesionales del sector!<\/p>\n\n\n\n<p><\/p>\n\n\n\n<p><\/p>\n<cite><em>Rogerio Martos, CEO de SEG International<\/em><\/cite><\/blockquote>\n\n\n\n<p><\/p>\n\n\n\n<figure class=\"wp-block-image size-large\"><a href=\"https:\/\/infoseguridadit.com\/electronica\/wp-content\/uploads\/2023\/12\/seg-international-foz-7.jpeg\"><img loading=\"lazy\" decoding=\"async\" width=\"1024\" height=\"684\" src=\"https:\/\/infoseguridadit.com\/electronica\/wp-content\/uploads\/2023\/12\/seg-international-foz-7-1024x684.jpeg\" alt=\"\" class=\"wp-image-14803\" srcset=\"https:\/\/infoseguridadit.com\/electronica\/wp-content\/uploads\/2023\/12\/seg-international-foz-7-1024x684.jpeg 1024w, https:\/\/infoseguridadit.com\/electronica\/wp-content\/uploads\/2023\/12\/seg-international-foz-7-300x200.jpeg 300w, https:\/\/infoseguridadit.com\/electronica\/wp-content\/uploads\/2023\/12\/seg-international-foz-7-768x513.jpeg 768w, https:\/\/infoseguridadit.com\/electronica\/wp-content\/uploads\/2023\/12\/seg-international-foz-7-1536x1025.jpeg 1536w, https:\/\/infoseguridadit.com\/electronica\/wp-content\/uploads\/2023\/12\/seg-international-foz-7.jpeg 1600w\" sizes=\"auto, (max-width: 1024px) 100vw, 1024px\" \/><\/a><\/figure>\n\n\n\n<figure class=\"wp-block-image size-large\"><a href=\"https:\/\/infoseguridadit.com\/electronica\/wp-content\/uploads\/2023\/12\/seg-international-foz-6.jpeg\"><img loading=\"lazy\" decoding=\"async\" width=\"1024\" height=\"684\" src=\"https:\/\/infoseguridadit.com\/electronica\/wp-content\/uploads\/2023\/12\/seg-international-foz-6-1024x684.jpeg\" alt=\"\" class=\"wp-image-14804\" srcset=\"https:\/\/infoseguridadit.com\/electronica\/wp-content\/uploads\/2023\/12\/seg-international-foz-6-1024x684.jpeg 1024w, https:\/\/infoseguridadit.com\/electronica\/wp-content\/uploads\/2023\/12\/seg-international-foz-6-300x200.jpeg 300w, https:\/\/infoseguridadit.com\/electronica\/wp-content\/uploads\/2023\/12\/seg-international-foz-6-768x513.jpeg 768w, https:\/\/infoseguridadit.com\/electronica\/wp-content\/uploads\/2023\/12\/seg-international-foz-6-1536x1025.jpeg 1536w, https:\/\/infoseguridadit.com\/electronica\/wp-content\/uploads\/2023\/12\/seg-international-foz-6.jpeg 1600w\" sizes=\"auto, (max-width: 1024px) 100vw, 1024px\" \/><\/a><\/figure>\n\n\n\n<figure class=\"wp-block-image size-large\"><a href=\"https:\/\/infoseguridadit.com\/electronica\/wp-content\/uploads\/2023\/12\/seg-international-foz-8.jpeg\"><img loading=\"lazy\" decoding=\"async\" width=\"1024\" height=\"684\" src=\"https:\/\/infoseguridadit.com\/electronica\/wp-content\/uploads\/2023\/12\/seg-international-foz-8-1024x684.jpeg\" alt=\"\" class=\"wp-image-14805\" srcset=\"https:\/\/infoseguridadit.com\/electronica\/wp-content\/uploads\/2023\/12\/seg-international-foz-8-1024x684.jpeg 1024w, https:\/\/infoseguridadit.com\/electronica\/wp-content\/uploads\/2023\/12\/seg-international-foz-8-300x200.jpeg 300w, https:\/\/infoseguridadit.com\/electronica\/wp-content\/uploads\/2023\/12\/seg-international-foz-8-768x513.jpeg 768w, https:\/\/infoseguridadit.com\/electronica\/wp-content\/uploads\/2023\/12\/seg-international-foz-8-1536x1025.jpeg 1536w, https:\/\/infoseguridadit.com\/electronica\/wp-content\/uploads\/2023\/12\/seg-international-foz-8.jpeg 1600w\" sizes=\"auto, (max-width: 1024px) 100vw, 1024px\" \/><\/a><\/figure>\n","protected":false},"excerpt":{"rendered":"<p>El pasado 8 de diciembre del 2023 marc\u00f3 una huella significativa en el horizonte de Foz de Igua\u00e7u con la inauguraci\u00f3n de SEG International, un proyecto \u00fanico en la regi\u00f3n que trae consigo las mejores marcas e innovaciones en el \u00e1mbito de la seguridad electr\u00f3nica. SEG International abre las puertas para atender a instaladores y [&hellip;]<\/p>\n","protected":false},"author":1,"featured_media":14799,"comment_status":"closed","ping_status":"closed","sticky":false,"template":"","format":"standard","meta":{"jetpack_post_was_ever_published":false,"_joinchat":[],"footnotes":"","jetpack_publicize_message":"","jetpack_publicize_feature_enabled":true,"jetpack_social_post_already_shared":true,"jetpack_social_options":{"image_generator_settings":{"template":"highway","default_image_id":0,"font":"","enabled":false},"version":2}},"categories":[66],"tags":[420],"class_list":["post-14798","post","type-post","status-publish","format-standard","has-post-thumbnail","hentry","category-actualidad","tag-seg-international"],"yoast_head":"<!-- This site is optimized with the Yoast SEO plugin v27.3 - https:\/\/yoast.com\/product\/yoast-seo-wordpress\/ -->\n<title>SEG International sigue en expansi\u00f3n: Inauguraci\u00f3n en Foz de Igua\u00e7u - InfoSeguridadIT<\/title>\n<meta name=\"robots\" content=\"index, follow, max-snippet:-1, max-image-preview:large, max-video-preview:-1\" \/>\n<link rel=\"canonical\" href=\"https:\/\/infoseguridadit.com\/electronica\/2023\/12\/19\/seg-foz\/\" \/>\n<meta property=\"og:locale\" content=\"es_ES\" \/>\n<meta property=\"og:type\" content=\"article\" \/>\n<meta property=\"og:title\" content=\"SEG International sigue en expansi\u00f3n: Inauguraci\u00f3n en Foz de Igua\u00e7u - InfoSeguridadIT\" \/>\n<meta property=\"og:description\" content=\"El pasado 8 de diciembre del 2023 marc\u00f3 una huella significativa en el horizonte de Foz de Igua\u00e7u con la inauguraci\u00f3n de SEG International, un proyecto \u00fanico en la regi\u00f3n que trae consigo las mejores marcas e innovaciones en el \u00e1mbito de la seguridad electr\u00f3nica. SEG International abre las puertas para atender a instaladores y [&hellip;]\" \/>\n<meta property=\"og:url\" content=\"https:\/\/infoseguridadit.com\/electronica\/2023\/12\/19\/seg-foz\/\" \/>\n<meta property=\"og:site_name\" content=\"InfoSeguridadIT\" \/>\n<meta property=\"article:publisher\" content=\"https:\/\/www.facebook.com\/Infoseguridadit\" \/>\n<meta property=\"article:author\" content=\"https:\/\/www.facebook.com\/Infoseguridadit\/\" \/>\n<meta property=\"article:published_time\" content=\"2023-12-19T19:36:21+00:00\" \/>\n<meta property=\"og:image\" content=\"https:\/\/infoseguridadit.com\/electronica\/wp-content\/uploads\/2023\/12\/seg-international-foz.jpeg\" \/>\n\t<meta property=\"og:image:width\" content=\"1600\" \/>\n\t<meta property=\"og:image:height\" content=\"1068\" \/>\n\t<meta property=\"og:image:type\" content=\"image\/jpeg\" \/>\n<meta name=\"author\" content=\"InfoSeguridadIT\" \/>\n<meta name=\"twitter:card\" content=\"summary_large_image\" \/>\n<meta name=\"twitter:creator\" content=\"@gremioseguridad\" \/>\n<meta name=\"twitter:site\" content=\"@gremioseguridad\" \/>\n<meta name=\"twitter:label1\" content=\"Escrito por\" \/>\n\t<meta name=\"twitter:data1\" content=\"InfoSeguridadIT\" \/>\n\t<meta name=\"twitter:label2\" content=\"Tiempo de lectura\" \/>\n\t<meta name=\"twitter:data2\" content=\"1 minuto\" \/>\n<script type=\"application\/ld+json\" class=\"yoast-schema-graph\">{\"@context\":\"https:\\\/\\\/schema.org\",\"@graph\":[{\"@type\":\"Article\",\"@id\":\"https:\\\/\\\/infoseguridadit.com\\\/electronica\\\/2023\\\/12\\\/19\\\/seg-foz\\\/#article\",\"isPartOf\":{\"@id\":\"https:\\\/\\\/infoseguridadit.com\\\/electronica\\\/2023\\\/12\\\/19\\\/seg-foz\\\/\"},\"author\":{\"name\":\"InfoSeguridadIT\",\"@id\":\"https:\\\/\\\/infoseguridadit.com\\\/electronica\\\/#\\\/schema\\\/person\\\/ebbcebab56199bc170ca93cc17e06b80\"},\"headline\":\"SEG International sigue en expansi\u00f3n: Inauguraci\u00f3n en Foz de Igua\u00e7u\",\"datePublished\":\"2023-12-19T19:36:21+00:00\",\"mainEntityOfPage\":{\"@id\":\"https:\\\/\\\/infoseguridadit.com\\\/electronica\\\/2023\\\/12\\\/19\\\/seg-foz\\\/\"},\"wordCount\":248,\"publisher\":{\"@id\":\"https:\\\/\\\/infoseguridadit.com\\\/electronica\\\/#organization\"},\"image\":{\"@id\":\"https:\\\/\\\/infoseguridadit.com\\\/electronica\\\/2023\\\/12\\\/19\\\/seg-foz\\\/#primaryimage\"},\"thumbnailUrl\":\"https:\\\/\\\/infoseguridadit.com\\\/electronica\\\/wp-content\\\/uploads\\\/2023\\\/12\\\/seg-international-foz.jpeg\",\"keywords\":[\"seg international\"],\"articleSection\":[\"Actualidad\"],\"inLanguage\":\"es\"},{\"@type\":\"WebPage\",\"@id\":\"https:\\\/\\\/infoseguridadit.com\\\/electronica\\\/2023\\\/12\\\/19\\\/seg-foz\\\/\",\"url\":\"https:\\\/\\\/infoseguridadit.com\\\/electronica\\\/2023\\\/12\\\/19\\\/seg-foz\\\/\",\"name\":\"SEG International sigue en expansi\u00f3n: Inauguraci\u00f3n en Foz de Igua\u00e7u - InfoSeguridadIT\",\"isPartOf\":{\"@id\":\"https:\\\/\\\/infoseguridadit.com\\\/electronica\\\/#website\"},\"primaryImageOfPage\":{\"@id\":\"https:\\\/\\\/infoseguridadit.com\\\/electronica\\\/2023\\\/12\\\/19\\\/seg-foz\\\/#primaryimage\"},\"image\":{\"@id\":\"https:\\\/\\\/infoseguridadit.com\\\/electronica\\\/2023\\\/12\\\/19\\\/seg-foz\\\/#primaryimage\"},\"thumbnailUrl\":\"https:\\\/\\\/infoseguridadit.com\\\/electronica\\\/wp-content\\\/uploads\\\/2023\\\/12\\\/seg-international-foz.jpeg\",\"datePublished\":\"2023-12-19T19:36:21+00:00\",\"breadcrumb\":{\"@id\":\"https:\\\/\\\/infoseguridadit.com\\\/electronica\\\/2023\\\/12\\\/19\\\/seg-foz\\\/#breadcrumb\"},\"inLanguage\":\"es\",\"potentialAction\":[{\"@type\":\"ReadAction\",\"target\":[\"https:\\\/\\\/infoseguridadit.com\\\/electronica\\\/2023\\\/12\\\/19\\\/seg-foz\\\/\"]}]},{\"@type\":\"ImageObject\",\"inLanguage\":\"es\",\"@id\":\"https:\\\/\\\/infoseguridadit.com\\\/electronica\\\/2023\\\/12\\\/19\\\/seg-foz\\\/#primaryimage\",\"url\":\"https:\\\/\\\/infoseguridadit.com\\\/electronica\\\/wp-content\\\/uploads\\\/2023\\\/12\\\/seg-international-foz.jpeg\",\"contentUrl\":\"https:\\\/\\\/infoseguridadit.com\\\/electronica\\\/wp-content\\\/uploads\\\/2023\\\/12\\\/seg-international-foz.jpeg\",\"width\":1600,\"height\":1068,\"caption\":\"seg international foz infoseguridadit\"},{\"@type\":\"BreadcrumbList\",\"@id\":\"https:\\\/\\\/infoseguridadit.com\\\/electronica\\\/2023\\\/12\\\/19\\\/seg-foz\\\/#breadcrumb\",\"itemListElement\":[{\"@type\":\"ListItem\",\"position\":1,\"name\":\"Portada\",\"item\":\"https:\\\/\\\/infoseguridadit.com\\\/electronica\\\/\"},{\"@type\":\"ListItem\",\"position\":2,\"name\":\"SEG International sigue en expansi\u00f3n: Inauguraci\u00f3n en Foz de Igua\u00e7u\"}]},{\"@type\":\"WebSite\",\"@id\":\"https:\\\/\\\/infoseguridadit.com\\\/electronica\\\/#website\",\"url\":\"https:\\\/\\\/infoseguridadit.com\\\/electronica\\\/\",\"name\":\"InfoSeguridadIT\",\"description\":\"InfoSeguridadIT es un portal de noticias sobre tecnolog\u00eda y seguridad electr\u00f3nica dirigido a Integradores, Distribuidores, Importadores, Fabricantes, etc.\",\"publisher\":{\"@id\":\"https:\\\/\\\/infoseguridadit.com\\\/electronica\\\/#organization\"},\"potentialAction\":[{\"@type\":\"SearchAction\",\"target\":{\"@type\":\"EntryPoint\",\"urlTemplate\":\"https:\\\/\\\/infoseguridadit.com\\\/electronica\\\/?s={search_term_string}\"},\"query-input\":{\"@type\":\"PropertyValueSpecification\",\"valueRequired\":true,\"valueName\":\"search_term_string\"}}],\"inLanguage\":\"es\"},{\"@type\":\"Organization\",\"@id\":\"https:\\\/\\\/infoseguridadit.com\\\/electronica\\\/#organization\",\"name\":\"InfoSeguridadIT\",\"url\":\"https:\\\/\\\/infoseguridadit.com\\\/electronica\\\/\",\"logo\":{\"@type\":\"ImageObject\",\"inLanguage\":\"es\",\"@id\":\"https:\\\/\\\/infoseguridadit.com\\\/electronica\\\/#\\\/schema\\\/logo\\\/image\\\/\",\"url\":\"http:\\\/\\\/infoseguridadit.com\\\/electronica\\\/wp-content\\\/uploads\\\/2023\\\/10\\\/cropped-logo-isit-latam-low-b.png\",\"contentUrl\":\"http:\\\/\\\/infoseguridadit.com\\\/electronica\\\/wp-content\\\/uploads\\\/2023\\\/10\\\/cropped-logo-isit-latam-low-b.png\",\"width\":400,\"height\":111,\"caption\":\"InfoSeguridadIT\"},\"image\":{\"@id\":\"https:\\\/\\\/infoseguridadit.com\\\/electronica\\\/#\\\/schema\\\/logo\\\/image\\\/\"},\"sameAs\":[\"https:\\\/\\\/www.facebook.com\\\/Infoseguridadit\",\"https:\\\/\\\/x.com\\\/gremioseguridad\",\"https:\\\/\\\/www.instagram.com\\\/infoseguridadit\\\/\",\"https:\\\/\\\/www.linkedin.com\\\/in\\\/ramiro-de-rosa--7879a99\\\/\"]},{\"@type\":\"Person\",\"@id\":\"https:\\\/\\\/infoseguridadit.com\\\/electronica\\\/#\\\/schema\\\/person\\\/ebbcebab56199bc170ca93cc17e06b80\",\"name\":\"InfoSeguridadIT\",\"image\":{\"@type\":\"ImageObject\",\"inLanguage\":\"es\",\"@id\":\"https:\\\/\\\/secure.gravatar.com\\\/avatar\\\/f65dac9718ad877804b6a3fb5a58ca3238715fb7957e908f214fc5d6161d758f?s=96&d=mm&r=g\",\"url\":\"https:\\\/\\\/secure.gravatar.com\\\/avatar\\\/f65dac9718ad877804b6a3fb5a58ca3238715fb7957e908f214fc5d6161d758f?s=96&d=mm&r=g\",\"contentUrl\":\"https:\\\/\\\/secure.gravatar.com\\\/avatar\\\/f65dac9718ad877804b6a3fb5a58ca3238715fb7957e908f214fc5d6161d758f?s=96&d=mm&r=g\",\"caption\":\"InfoSeguridadIT\"},\"sameAs\":[\"https:\\\/\\\/infoseguridadit.com\\\/electronica\\\/\",\"https:\\\/\\\/www.facebook.com\\\/Infoseguridadit\\\/\",\"https:\\\/\\\/www.instagram.com\\\/infoseguridadit\"],\"url\":\"https:\\\/\\\/infoseguridadit.com\\\/electronica\\\/author\\\/ramiroderosa\\\/\"}]}<\/script>\n<!-- \/ Yoast SEO plugin. -->","yoast_head_json":{"title":"SEG International sigue en expansi\u00f3n: Inauguraci\u00f3n en Foz de Igua\u00e7u - InfoSeguridadIT","robots":{"index":"index","follow":"follow","max-snippet":"max-snippet:-1","max-image-preview":"max-image-preview:large","max-video-preview":"max-video-preview:-1"},"canonical":"https:\/\/infoseguridadit.com\/electronica\/2023\/12\/19\/seg-foz\/","og_locale":"es_ES","og_type":"article","og_title":"SEG International sigue en expansi\u00f3n: Inauguraci\u00f3n en Foz de Igua\u00e7u - InfoSeguridadIT","og_description":"El pasado 8 de diciembre del 2023 marc\u00f3 una huella significativa en el horizonte de Foz de Igua\u00e7u con la inauguraci\u00f3n de SEG International, un proyecto \u00fanico en la regi\u00f3n que trae consigo las mejores marcas e innovaciones en el \u00e1mbito de la seguridad electr\u00f3nica. SEG International abre las puertas para atender a instaladores y [&hellip;]","og_url":"https:\/\/infoseguridadit.com\/electronica\/2023\/12\/19\/seg-foz\/","og_site_name":"InfoSeguridadIT","article_publisher":"https:\/\/www.facebook.com\/Infoseguridadit","article_author":"https:\/\/www.facebook.com\/Infoseguridadit\/","article_published_time":"2023-12-19T19:36:21+00:00","og_image":[{"width":1600,"height":1068,"url":"https:\/\/infoseguridadit.com\/electronica\/wp-content\/uploads\/2023\/12\/seg-international-foz.jpeg","type":"image\/jpeg"}],"author":"InfoSeguridadIT","twitter_card":"summary_large_image","twitter_creator":"@gremioseguridad","twitter_site":"@gremioseguridad","twitter_misc":{"Escrito por":"InfoSeguridadIT","Tiempo de lectura":"1 minuto"},"schema":{"@context":"https:\/\/schema.org","@graph":[{"@type":"Article","@id":"https:\/\/infoseguridadit.com\/electronica\/2023\/12\/19\/seg-foz\/#article","isPartOf":{"@id":"https:\/\/infoseguridadit.com\/electronica\/2023\/12\/19\/seg-foz\/"},"author":{"name":"InfoSeguridadIT","@id":"https:\/\/infoseguridadit.com\/electronica\/#\/schema\/person\/ebbcebab56199bc170ca93cc17e06b80"},"headline":"SEG International sigue en expansi\u00f3n: Inauguraci\u00f3n en Foz de Igua\u00e7u","datePublished":"2023-12-19T19:36:21+00:00","mainEntityOfPage":{"@id":"https:\/\/infoseguridadit.com\/electronica\/2023\/12\/19\/seg-foz\/"},"wordCount":248,"publisher":{"@id":"https:\/\/infoseguridadit.com\/electronica\/#organization"},"image":{"@id":"https:\/\/infoseguridadit.com\/electronica\/2023\/12\/19\/seg-foz\/#primaryimage"},"thumbnailUrl":"https:\/\/infoseguridadit.com\/electronica\/wp-content\/uploads\/2023\/12\/seg-international-foz.jpeg","keywords":["seg international"],"articleSection":["Actualidad"],"inLanguage":"es"},{"@type":"WebPage","@id":"https:\/\/infoseguridadit.com\/electronica\/2023\/12\/19\/seg-foz\/","url":"https:\/\/infoseguridadit.com\/electronica\/2023\/12\/19\/seg-foz\/","name":"SEG International sigue en expansi\u00f3n: Inauguraci\u00f3n en Foz de Igua\u00e7u - InfoSeguridadIT","isPartOf":{"@id":"https:\/\/infoseguridadit.com\/electronica\/#website"},"primaryImageOfPage":{"@id":"https:\/\/infoseguridadit.com\/electronica\/2023\/12\/19\/seg-foz\/#primaryimage"},"image":{"@id":"https:\/\/infoseguridadit.com\/electronica\/2023\/12\/19\/seg-foz\/#primaryimage"},"thumbnailUrl":"https:\/\/infoseguridadit.com\/electronica\/wp-content\/uploads\/2023\/12\/seg-international-foz.jpeg","datePublished":"2023-12-19T19:36:21+00:00","breadcrumb":{"@id":"https:\/\/infoseguridadit.com\/electronica\/2023\/12\/19\/seg-foz\/#breadcrumb"},"inLanguage":"es","potentialAction":[{"@type":"ReadAction","target":["https:\/\/infoseguridadit.com\/electronica\/2023\/12\/19\/seg-foz\/"]}]},{"@type":"ImageObject","inLanguage":"es","@id":"https:\/\/infoseguridadit.com\/electronica\/2023\/12\/19\/seg-foz\/#primaryimage","url":"https:\/\/infoseguridadit.com\/electronica\/wp-content\/uploads\/2023\/12\/seg-international-foz.jpeg","contentUrl":"https:\/\/infoseguridadit.com\/electronica\/wp-content\/uploads\/2023\/12\/seg-international-foz.jpeg","width":1600,"height":1068,"caption":"seg international foz infoseguridadit"},{"@type":"BreadcrumbList","@id":"https:\/\/infoseguridadit.com\/electronica\/2023\/12\/19\/seg-foz\/#breadcrumb","itemListElement":[{"@type":"ListItem","position":1,"name":"Portada","item":"https:\/\/infoseguridadit.com\/electronica\/"},{"@type":"ListItem","position":2,"name":"SEG International sigue en expansi\u00f3n: Inauguraci\u00f3n en Foz de Igua\u00e7u"}]},{"@type":"WebSite","@id":"https:\/\/infoseguridadit.com\/electronica\/#website","url":"https:\/\/infoseguridadit.com\/electronica\/","name":"InfoSeguridadIT","description":"InfoSeguridadIT es un portal de noticias sobre tecnolog\u00eda y seguridad electr\u00f3nica dirigido a Integradores, Distribuidores, Importadores, Fabricantes, etc.","publisher":{"@id":"https:\/\/infoseguridadit.com\/electronica\/#organization"},"potentialAction":[{"@type":"SearchAction","target":{"@type":"EntryPoint","urlTemplate":"https:\/\/infoseguridadit.com\/electronica\/?s={search_term_string}"},"query-input":{"@type":"PropertyValueSpecification","valueRequired":true,"valueName":"search_term_string"}}],"inLanguage":"es"},{"@type":"Organization","@id":"https:\/\/infoseguridadit.com\/electronica\/#organization","name":"InfoSeguridadIT","url":"https:\/\/infoseguridadit.com\/electronica\/","logo":{"@type":"ImageObject","inLanguage":"es","@id":"https:\/\/infoseguridadit.com\/electronica\/#\/schema\/logo\/image\/","url":"http:\/\/infoseguridadit.com\/electronica\/wp-content\/uploads\/2023\/10\/cropped-logo-isit-latam-low-b.png","contentUrl":"http:\/\/infoseguridadit.com\/electronica\/wp-content\/uploads\/2023\/10\/cropped-logo-isit-latam-low-b.png","width":400,"height":111,"caption":"InfoSeguridadIT"},"image":{"@id":"https:\/\/infoseguridadit.com\/electronica\/#\/schema\/logo\/image\/"},"sameAs":["https:\/\/www.facebook.com\/Infoseguridadit","https:\/\/x.com\/gremioseguridad","https:\/\/www.instagram.com\/infoseguridadit\/","https:\/\/www.linkedin.com\/in\/ramiro-de-rosa--7879a99\/"]},{"@type":"Person","@id":"https:\/\/infoseguridadit.com\/electronica\/#\/schema\/person\/ebbcebab56199bc170ca93cc17e06b80","name":"InfoSeguridadIT","image":{"@type":"ImageObject","inLanguage":"es","@id":"https:\/\/secure.gravatar.com\/avatar\/f65dac9718ad877804b6a3fb5a58ca3238715fb7957e908f214fc5d6161d758f?s=96&d=mm&r=g","url":"https:\/\/secure.gravatar.com\/avatar\/f65dac9718ad877804b6a3fb5a58ca3238715fb7957e908f214fc5d6161d758f?s=96&d=mm&r=g","contentUrl":"https:\/\/secure.gravatar.com\/avatar\/f65dac9718ad877804b6a3fb5a58ca3238715fb7957e908f214fc5d6161d758f?s=96&d=mm&r=g","caption":"InfoSeguridadIT"},"sameAs":["https:\/\/infoseguridadit.com\/electronica\/","https:\/\/www.facebook.com\/Infoseguridadit\/","https:\/\/www.instagram.com\/infoseguridadit"],"url":"https:\/\/infoseguridadit.com\/electronica\/author\/ramiroderosa\/"}]}},"jetpack_publicize_connections":[],"jetpack_featured_media_url":"https:\/\/infoseguridadit.com\/electronica\/wp-content\/uploads\/2023\/12\/seg-international-foz.jpeg","jetpack-related-posts":[{"id":15408,"url":"https:\/\/infoseguridadit.com\/electronica\/2024\/06\/11\/seg-international-3\/","url_meta":{"origin":14798,"position":0},"title":"SEG International inaugura nueva sucursal en Asunci\u00f3n","author":"InfoSeguridadIT","date":"11 de junio de 2024","format":false,"excerpt":"SEG International una empresa con una visi\u00f3n ambiciosa y un fuerte compromiso con la expansi\u00f3n en Am\u00e9rica Latina, decidi\u00f3 dar un paso significativo al iniciar sus operaciones en Asunci\u00f3n, Paraguay hace m\u00e1s de un a\u00f1o. SEG International se embarc\u00f3 en un ambicioso proyecto de expansi\u00f3n, marcando su presencia inicial con\u2026","rel":"","context":"En \u00abActualidad\u00bb","block_context":{"text":"Actualidad","link":"https:\/\/infoseguridadit.com\/electronica\/category\/actualidad\/"},"img":{"alt_text":"seg international","src":"https:\/\/i0.wp.com\/infoseguridadit.com\/electronica\/wp-content\/uploads\/2024\/06\/seg-international.jpeg?resize=350%2C200&ssl=1","width":350,"height":200,"srcset":"https:\/\/i0.wp.com\/infoseguridadit.com\/electronica\/wp-content\/uploads\/2024\/06\/seg-international.jpeg?resize=350%2C200&ssl=1 1x, https:\/\/i0.wp.com\/infoseguridadit.com\/electronica\/wp-content\/uploads\/2024\/06\/seg-international.jpeg?resize=525%2C300&ssl=1 1.5x, https:\/\/i0.wp.com\/infoseguridadit.com\/electronica\/wp-content\/uploads\/2024\/06\/seg-international.jpeg?resize=700%2C400&ssl=1 2x, https:\/\/i0.wp.com\/infoseguridadit.com\/electronica\/wp-content\/uploads\/2024\/06\/seg-international.jpeg?resize=1050%2C600&ssl=1 3x, https:\/\/i0.wp.com\/infoseguridadit.com\/electronica\/wp-content\/uploads\/2024\/06\/seg-international.jpeg?resize=1400%2C800&ssl=1 4x"},"classes":[]},{"id":15391,"url":"https:\/\/infoseguridadit.com\/electronica\/2024\/05\/31\/seg-international-4\/","url_meta":{"origin":14798,"position":1},"title":"SEG International presente en Securitour Asunci\u00f3n 2024","author":"InfoSeguridadIT","date":"31 de mayo de 2024","format":false,"excerpt":"SEG International partici\u00f3 en la d\u00e9cima edici\u00f3n de la expo SECURITOUR ASUNCI\u00d3N, el pasado viernes 31 de mayo, organizada por la revista InfoSeguridadIT . Este evento reuni\u00f3 a las principales empresas distribuidores del rubro de la seguridad electr\u00f3nica de Paraguay. Durante el evento, SEG International logr\u00f3 captar la atenci\u00f3n de\u2026","rel":"","context":"En \u00abActualidad\u00bb","block_context":{"text":"Actualidad","link":"https:\/\/infoseguridadit.com\/electronica\/category\/actualidad\/"},"img":{"alt_text":"seg international","src":"https:\/\/i0.wp.com\/infoseguridadit.com\/electronica\/wp-content\/uploads\/2024\/06\/seg-securitour-2.jpeg?resize=350%2C200&ssl=1","width":350,"height":200,"srcset":"https:\/\/i0.wp.com\/infoseguridadit.com\/electronica\/wp-content\/uploads\/2024\/06\/seg-securitour-2.jpeg?resize=350%2C200&ssl=1 1x, https:\/\/i0.wp.com\/infoseguridadit.com\/electronica\/wp-content\/uploads\/2024\/06\/seg-securitour-2.jpeg?resize=525%2C300&ssl=1 1.5x, https:\/\/i0.wp.com\/infoseguridadit.com\/electronica\/wp-content\/uploads\/2024\/06\/seg-securitour-2.jpeg?resize=700%2C400&ssl=1 2x, https:\/\/i0.wp.com\/infoseguridadit.com\/electronica\/wp-content\/uploads\/2024\/06\/seg-securitour-2.jpeg?resize=1050%2C600&ssl=1 3x"},"classes":[]},{"id":15052,"url":"https:\/\/infoseguridadit.com\/electronica\/2024\/03\/11\/seg-international\/","url_meta":{"origin":14798,"position":2},"title":"SEG International y una jornada de Capacitaci\u00f3n: Potenciando el \u00c9xito Comercial","author":"InfoSeguridadIT","date":"11 de marzo de 2024","format":false,"excerpt":"SEG International, el pasado lunes 23 de febrero dimos la bienvenida a Ramiro de Rosa, Director de la destacada revista digital InfoSeguridadIT. En esta ocasi\u00f3n, se llev\u00f3 a cabo un curso de capacitaci\u00f3n comercial destinado a los colaboradores de SEG. Jornada La jornada se caracteriz\u00f3 por la profundizaci\u00f3n en diversos\u2026","rel":"","context":"En \u00abActualidad\u00bb","block_context":{"text":"Actualidad","link":"https:\/\/infoseguridadit.com\/electronica\/category\/actualidad\/"},"img":{"alt_text":"","src":"https:\/\/i0.wp.com\/infoseguridadit.com\/electronica\/wp-content\/uploads\/2024\/03\/WhatsApp-Image-2024-03-04-at-16.05.36.jpeg?resize=350%2C200&ssl=1","width":350,"height":200,"srcset":"https:\/\/i0.wp.com\/infoseguridadit.com\/electronica\/wp-content\/uploads\/2024\/03\/WhatsApp-Image-2024-03-04-at-16.05.36.jpeg?resize=350%2C200&ssl=1 1x, https:\/\/i0.wp.com\/infoseguridadit.com\/electronica\/wp-content\/uploads\/2024\/03\/WhatsApp-Image-2024-03-04-at-16.05.36.jpeg?resize=525%2C300&ssl=1 1.5x, https:\/\/i0.wp.com\/infoseguridadit.com\/electronica\/wp-content\/uploads\/2024\/03\/WhatsApp-Image-2024-03-04-at-16.05.36.jpeg?resize=700%2C400&ssl=1 2x, https:\/\/i0.wp.com\/infoseguridadit.com\/electronica\/wp-content\/uploads\/2024\/03\/WhatsApp-Image-2024-03-04-at-16.05.36.jpeg?resize=1050%2C600&ssl=1 3x, https:\/\/i0.wp.com\/infoseguridadit.com\/electronica\/wp-content\/uploads\/2024\/03\/WhatsApp-Image-2024-03-04-at-16.05.36.jpeg?resize=1400%2C800&ssl=1 4x"},"classes":[]},{"id":14944,"url":"https:\/\/infoseguridadit.com\/electronica\/2024\/02\/13\/capacitacion-y-confraternizacion-en-seg-foz-de-iguazu\/","url_meta":{"origin":14798,"position":3},"title":"Capacitaci\u00f3n y confraternizaci\u00f3n en SEG Foz de Iguaz\u00fa","author":"InfoSeguridadIT","date":"13 de febrero de 2024","format":false,"excerpt":"SEG Foz de Iguaz\u00fa ha tenido un emocionante mes de enero para su equipo t\u00e9cnico y de comunicaci\u00f3n, ya que se aventur\u00f3 a la vibrante ciudad de Foz de Iguaz\u00fa para una experiencia \u00fanica. Su principal objetivo fue fortalecer sus conocimientos y habilidades en diversas \u00e1reas clave, cultivando v\u00ednculos m\u00e1s\u2026","rel":"","context":"En \u00abActualidad\u00bb","block_context":{"text":"Actualidad","link":"https:\/\/infoseguridadit.com\/electronica\/category\/actualidad\/"},"img":{"alt_text":"","src":"https:\/\/i0.wp.com\/infoseguridadit.com\/electronica\/wp-content\/uploads\/2024\/02\/SEG-Foz-de-Iguazu-b.jpeg?resize=350%2C200&ssl=1","width":350,"height":200,"srcset":"https:\/\/i0.wp.com\/infoseguridadit.com\/electronica\/wp-content\/uploads\/2024\/02\/SEG-Foz-de-Iguazu-b.jpeg?resize=350%2C200&ssl=1 1x, https:\/\/i0.wp.com\/infoseguridadit.com\/electronica\/wp-content\/uploads\/2024\/02\/SEG-Foz-de-Iguazu-b.jpeg?resize=525%2C300&ssl=1 1.5x, https:\/\/i0.wp.com\/infoseguridadit.com\/electronica\/wp-content\/uploads\/2024\/02\/SEG-Foz-de-Iguazu-b.jpeg?resize=700%2C400&ssl=1 2x, https:\/\/i0.wp.com\/infoseguridadit.com\/electronica\/wp-content\/uploads\/2024\/02\/SEG-Foz-de-Iguazu-b.jpeg?resize=1050%2C600&ssl=1 3x, https:\/\/i0.wp.com\/infoseguridadit.com\/electronica\/wp-content\/uploads\/2024\/02\/SEG-Foz-de-Iguazu-b.jpeg?resize=1400%2C800&ssl=1 4x"},"classes":[]},{"id":14854,"url":"https:\/\/infoseguridadit.com\/electronica\/2023\/12\/19\/seg-international-presenta-su-innovadora-linea-de-camaras-ip-y-analogicas-al-mercado-paraguayo\/","url_meta":{"origin":14798,"position":4},"title":"SEG International presenta su innovadora l\u00ednea de c\u00e1maras IP y anal\u00f3gicas al mercado paraguayo","author":"InfoSeguridadIT","date":"19 de diciembre de 2023","format":false,"excerpt":"SEG International presenta su innovadora l\u00ednea de c\u00e1maras en Paraguay. SEG International, reconocido por su compromiso con la seguridad y la tecnolog\u00eda de vanguardia, introduce una nueva gama de c\u00e1maras IP y Anal\u00f3gicas que prometen sorprender el mercado en Paraguay. Estas c\u00e1maras, equipadas con las mismas caracter\u00edsticas y calidad que\u2026","rel":"","context":"En \u00abActualidad\u00bb","block_context":{"text":"Actualidad","link":"https:\/\/infoseguridadit.com\/electronica\/category\/actualidad\/"},"img":{"alt_text":"","src":"https:\/\/i0.wp.com\/infoseguridadit.com\/electronica\/wp-content\/uploads\/2023\/12\/seg-international-infoseguridadit.jpeg?resize=350%2C200&ssl=1","width":350,"height":200,"srcset":"https:\/\/i0.wp.com\/infoseguridadit.com\/electronica\/wp-content\/uploads\/2023\/12\/seg-international-infoseguridadit.jpeg?resize=350%2C200&ssl=1 1x, https:\/\/i0.wp.com\/infoseguridadit.com\/electronica\/wp-content\/uploads\/2023\/12\/seg-international-infoseguridadit.jpeg?resize=525%2C300&ssl=1 1.5x, https:\/\/i0.wp.com\/infoseguridadit.com\/electronica\/wp-content\/uploads\/2023\/12\/seg-international-infoseguridadit.jpeg?resize=700%2C400&ssl=1 2x, https:\/\/i0.wp.com\/infoseguridadit.com\/electronica\/wp-content\/uploads\/2023\/12\/seg-international-infoseguridadit.jpeg?resize=1050%2C600&ssl=1 3x, https:\/\/i0.wp.com\/infoseguridadit.com\/electronica\/wp-content\/uploads\/2023\/12\/seg-international-infoseguridadit.jpeg?resize=1400%2C800&ssl=1 4x"},"classes":[]},{"id":15344,"url":"https:\/\/infoseguridadit.com\/electronica\/2024\/05\/24\/seg-international-2\/","url_meta":{"origin":14798,"position":5},"title":"SEG International suma Hikvision a su abanico de soluciones","author":"InfoSeguridadIT","date":"24 de mayo de 2024","format":false,"excerpt":"SEG International suma Hikvision a su portafolio de soluciones. Una alianza estrat\u00e9gica para seguir afianzando su presencia en el mercado Paraguayo.\u00a0 Carlos Cao, Country Manager de Hikvision Paraguay. Lucas Soares, Chanel Sales de Hikvision Paraguay. Jos\u00e9 Garc\u00eda, Presidente de Hkvision Latam. Rogerio Martos, CEO de SEG International. Consultamos a Jos\u00e9\u2026","rel":"","context":"En \u00abActualidad\u00bb","block_context":{"text":"Actualidad","link":"https:\/\/infoseguridadit.com\/electronica\/category\/actualidad\/"},"img":{"alt_text":"seg international","src":"https:\/\/i0.wp.com\/infoseguridadit.com\/electronica\/wp-content\/uploads\/2024\/05\/seg-international.jpeg?resize=350%2C200&ssl=1","width":350,"height":200,"srcset":"https:\/\/i0.wp.com\/infoseguridadit.com\/electronica\/wp-content\/uploads\/2024\/05\/seg-international.jpeg?resize=350%2C200&ssl=1 1x, https:\/\/i0.wp.com\/infoseguridadit.com\/electronica\/wp-content\/uploads\/2024\/05\/seg-international.jpeg?resize=525%2C300&ssl=1 1.5x, https:\/\/i0.wp.com\/infoseguridadit.com\/electronica\/wp-content\/uploads\/2024\/05\/seg-international.jpeg?resize=700%2C400&ssl=1 2x, https:\/\/i0.wp.com\/infoseguridadit.com\/electronica\/wp-content\/uploads\/2024\/05\/seg-international.jpeg?resize=1050%2C600&ssl=1 3x"},"classes":[]}],"jetpack_shortlink":"https:\/\/wp.me\/p6cGtH-3QG","_links":{"self":[{"href":"https:\/\/infoseguridadit.com\/electronica\/wp-json\/wp\/v2\/posts\/14798","targetHints":{"allow":["GET"]}}],"collection":[{"href":"https:\/\/infoseguridadit.com\/electronica\/wp-json\/wp\/v2\/posts"}],"about":[{"href":"https:\/\/infoseguridadit.com\/electronica\/wp-json\/wp\/v2\/types\/post"}],"author":[{"embeddable":true,"href":"https:\/\/infoseguridadit.com\/electronica\/wp-json\/wp\/v2\/users\/1"}],"replies":[{"embeddable":true,"href":"https:\/\/infoseguridadit.com\/electronica\/wp-json\/wp\/v2\/comments?post=14798"}],"version-history":[{"count":1,"href":"https:\/\/infoseguridadit.com\/electronica\/wp-json\/wp\/v2\/posts\/14798\/revisions"}],"predecessor-version":[{"id":14806,"href":"https:\/\/infoseguridadit.com\/electronica\/wp-json\/wp\/v2\/posts\/14798\/revisions\/14806"}],"wp:featuredmedia":[{"embeddable":true,"href":"https:\/\/infoseguridadit.com\/electronica\/wp-json\/wp\/v2\/media\/14799"}],"wp:attachment":[{"href":"https:\/\/infoseguridadit.com\/electronica\/wp-json\/wp\/v2\/media?parent=14798"}],"wp:term":[{"taxonomy":"category","embeddable":true,"href":"https:\/\/infoseguridadit.com\/electronica\/wp-json\/wp\/v2\/categories?post=14798"},{"taxonomy":"post_tag","embeddable":true,"href":"https:\/\/infoseguridadit.com\/electronica\/wp-json\/wp\/v2\/tags?post=14798"}],"curies":[{"name":"wp","href":"https:\/\/api.w.org\/{rel}","templated":true}]}}