{"id":15712,"date":"2025-08-19T09:24:07","date_gmt":"2025-08-19T12:24:07","guid":{"rendered":"https:\/\/infoseguridadit.com\/electronica\/?p=15712"},"modified":"2025-08-19T14:54:17","modified_gmt":"2025-08-19T17:54:17","slug":"seg-international-5","status":"publish","type":"post","link":"https:\/\/infoseguridadit.com\/electronica\/2025\/08\/19\/seg-international-5\/","title":{"rendered":"SEG International suma Intelbras a su portfolio y refuerza su propuesta de valor como distribuidor integral en Argentina"},"content":{"rendered":"\n<p><br>SEG International acaba de incorporar a <a href=\"https:\/\/www.intelbras.com\/es\">Intelbras<\/a>, una de las marcas l\u00edderes en tecnolog\u00eda y seguridad electr\u00f3nica de Latinoam\u00e9rica, a su portfolio oficial de productos en Argentina. Hablamos con Rogerio Martos, CEO de la compa\u00f1\u00eda, quien nos comparte la visi\u00f3n detr\u00e1s de esta alianza y c\u00f3mo encaja con el ADN de SEG como distribuidor.<\/p>\n\n\n\n<p><strong>\u00bfQu\u00e9 significa para SEG International sumar Intelbras a su portafolio en Argentina?<\/strong><\/p>\n\n\n\n<p>Sumar Intelbras no es solo sumar una marca m\u00e1s. Para nosotros representa una decisi\u00f3n estrat\u00e9gica que fortalece lo que venimos construyendo hace a\u00f1os: una propuesta integral, con marcas de calidad y respaldo. Intelbras es sin\u00f3nimo de tecnolog\u00eda accesible, soluciones completas y un gran compromiso con la capacitaci\u00f3n t\u00e9cnica. En ese sentido, hay una afinidad muy fuerte con nuestra forma de trabajar y con lo que buscamos transmitir como empresa.<\/p>\n\n\n\n<p><strong>\u00bfQu\u00e9 destacar\u00edas de esta sinergia entre SEG International e Intelbras?<\/strong><\/p>\n\n\n\n<p>Lo primero que quiero destacar es la coincidencia en valores. Tanto Intelbras como SEG creemos en el acompa\u00f1amiento al cliente, en la capacitaci\u00f3n, y en construir relaciones comerciales s\u00f3lidas y humanas.<\/p>\n\n\n\n<p>En nuestro caso, venimos de muchos a\u00f1os como distribuidores en Argentina, entendiendo las particularidades del mercado local, acompa\u00f1ando a instaladores, integradores y distribuidores con cercan\u00eda real.<br>Por eso creemos que esta alianza no solo va a potenciar a ambas marcas, sino que nos permitir\u00e1 elevar el nivel de servicio y propuesta de valor para el canal.<\/p>\n\n\n\n<figure class=\"wp-block-image size-full\"><a href=\"https:\/\/api.whatsapp.com\/send?phone=541127134188\" target=\"_blank\" rel=\"noreferrer noopener\"><img loading=\"lazy\" decoding=\"async\" width=\"1570\" height=\"244\" src=\"https:\/\/infoseguridadit.com\/electronica\/wp-content\/uploads\/2025\/08\/intelbras-1.gif\" alt=\"\" class=\"wp-image-15725\"\/><\/a><\/figure>\n\n\n\n<p><strong>\u00bfQu\u00e9 planes tienen en conjunto?<\/strong><\/p>\n\n\n\n<p>Nuestro objetivo es claro: llevar la marca Intelbras a todo el pa\u00eds, apoy\u00e1ndonos en la estructura, log\u00edstica y equipo comercial que tenemos en SEG International. Y no solo vender productos, sino generar experiencias, capacitaci\u00f3n, fidelizaci\u00f3n.<\/p>\n\n\n\n<p>Queremos organizar eventos con contenido, con visi\u00f3n, con impacto, donde el cliente no solo conozca la tecnolog\u00eda, sino que sienta que est\u00e1 entrando en un nuevo nivel de relaci\u00f3n con su proveedor.<\/p>\n\n\n\n<p>Adem\u00e1s, ya estamos trabajando en transformar nuestras capacitaciones en verdaderos espacios de construcci\u00f3n de comunidad, y en convertir nuestro showroom en un Centro de Experiencias SEG, donde todos los productos est\u00e9n funcionando en condiciones reales, disponibles para demostraci\u00f3n, entrenamiento y cierre comercial.<\/p>\n\n\n\n<p><strong>\u00bfCu\u00e1l es el diferencial de SEG como distribuidor hoy?<\/strong><\/p>\n\n\n\n<p>La mayor\u00eda de los distribuidores compiten por precio. Nosotros elegimos competir por valores, por cercan\u00eda y por servicio. No vendemos cajas, vendemos confianza.<br>El diferencial de SEG es que entendemos al instalador y al integrador como nuestros socios estrat\u00e9gicos, no como simples clientes. Y eso se nota en c\u00f3mo los tratamos, en c\u00f3mo los formamos y en c\u00f3mo los acompa\u00f1amos a crecer.<\/p>\n\n\n\n<p>Sumar Intelbras a nuestra propuesta nos permite seguir cumpliendo ese rol, ahora con una marca que comparte esa misma visi\u00f3n.<\/p>\n\n\n\n<p>Con esta alianza, <a href=\"https:\/\/infoseguridadit.com\/electronica\/2024\/05\/29\/seg-3\/\">SEG<\/a> reafirma su lugar como uno de los distribuidores m\u00e1s activos del pa\u00eds, apostando al desarrollo del canal y al fortalecimiento de la comunidad profesional de la seguridad electr\u00f3nica.<\/p>\n\n\n\n<figure class=\"wp-block-image size-large\"><a href=\"https:\/\/infoseguridadit.com\/electronica\/wp-content\/uploads\/2025\/08\/rogerio-martos-seg-international.jpeg\"><img loading=\"lazy\" decoding=\"async\" width=\"1024\" height=\"576\" src=\"https:\/\/infoseguridadit.com\/electronica\/wp-content\/uploads\/2025\/08\/rogerio-martos-seg-international-1024x576.jpeg\" alt=\"seg international\" class=\"wp-image-15713\" srcset=\"https:\/\/infoseguridadit.com\/electronica\/wp-content\/uploads\/2025\/08\/rogerio-martos-seg-international-1024x576.jpeg 1024w, https:\/\/infoseguridadit.com\/electronica\/wp-content\/uploads\/2025\/08\/rogerio-martos-seg-international-300x169.jpeg 300w, https:\/\/infoseguridadit.com\/electronica\/wp-content\/uploads\/2025\/08\/rogerio-martos-seg-international-768x432.jpeg 768w, https:\/\/infoseguridadit.com\/electronica\/wp-content\/uploads\/2025\/08\/rogerio-martos-seg-international-1536x864.jpeg 1536w, https:\/\/infoseguridadit.com\/electronica\/wp-content\/uploads\/2025\/08\/rogerio-martos-seg-international.jpeg 1600w\" sizes=\"auto, (max-width: 1024px) 100vw, 1024px\" \/><\/a><\/figure>\n","protected":false},"excerpt":{"rendered":"<p>SEG International acaba de incorporar a Intelbras, una de las marcas l\u00edderes en tecnolog\u00eda y seguridad electr\u00f3nica de Latinoam\u00e9rica, a su portfolio oficial de productos en Argentina. Hablamos con Rogerio Martos, CEO de la compa\u00f1\u00eda, quien nos comparte la visi\u00f3n detr\u00e1s de esta alianza y c\u00f3mo encaja con el ADN de SEG como distribuidor. \u00bfQu\u00e9 [&hellip;]<\/p>\n","protected":false},"author":1,"featured_media":15713,"comment_status":"closed","ping_status":"closed","sticky":false,"template":"","format":"standard","meta":{"_joinchat":[],"footnotes":"","jetpack_publicize_message":"","jetpack_publicize_feature_enabled":true,"jetpack_social_post_already_shared":false,"jetpack_social_options":{"image_generator_settings":{"template":"highway","default_image_id":0,"font":"","enabled":false},"version":2},"jetpack_post_was_ever_published":false},"categories":[66,220,8,586,265,267,536],"tags":[326,420],"class_list":["post-15712","post","type-post","status-publish","format-standard","has-post-thumbnail","hentry","category-actualidad","category-automatizacion","category-accesos","category-destacada","category-dis","category-inf","category-internet","tag-intelbras","tag-seg-international"],"yoast_head":"<!-- This site is optimized with the Yoast SEO plugin v27.3 - https:\/\/yoast.com\/product\/yoast-seo-wordpress\/ -->\n<title>SEG International suma Intelbras a su portfolio<\/title>\n<meta name=\"description\" content=\"SEG International acaba de incorporar a Intelbras, una de las marcas l\u00edderes en tecnolog\u00eda y seguridad electr\u00f3nica de Latinoam\u00e9rica\" \/>\n<meta name=\"robots\" content=\"index, follow, max-snippet:-1, max-image-preview:large, max-video-preview:-1\" \/>\n<link rel=\"canonical\" href=\"https:\/\/infoseguridadit.com\/electronica\/2025\/08\/19\/seg-international-5\/\" \/>\n<meta property=\"og:locale\" content=\"es_ES\" \/>\n<meta property=\"og:type\" content=\"article\" \/>\n<meta property=\"og:title\" content=\"SEG International suma Intelbras a su portfolio\" \/>\n<meta property=\"og:description\" content=\"SEG International acaba de incorporar a Intelbras, una de las marcas l\u00edderes en tecnolog\u00eda y seguridad electr\u00f3nica de Latinoam\u00e9rica\" \/>\n<meta property=\"og:url\" content=\"https:\/\/infoseguridadit.com\/electronica\/2025\/08\/19\/seg-international-5\/\" \/>\n<meta property=\"og:site_name\" content=\"Revista InfoSeguridad\" \/>\n<meta property=\"article:publisher\" content=\"https:\/\/www.facebook.com\/Infoseguridadit\" \/>\n<meta property=\"article:author\" content=\"https:\/\/www.facebook.com\/Infoseguridadit\/\" \/>\n<meta property=\"article:published_time\" content=\"2025-08-19T12:24:07+00:00\" \/>\n<meta property=\"article:modified_time\" content=\"2025-08-19T17:54:17+00:00\" \/>\n<meta property=\"og:image\" content=\"https:\/\/infoseguridadit.com\/electronica\/wp-content\/uploads\/2025\/08\/rogerio-martos-seg-international.jpeg\" \/>\n\t<meta property=\"og:image:width\" content=\"1600\" \/>\n\t<meta property=\"og:image:height\" content=\"900\" \/>\n\t<meta property=\"og:image:type\" content=\"image\/jpeg\" \/>\n<meta name=\"author\" content=\"InfoSeguridadIT\" \/>\n<meta name=\"twitter:card\" content=\"summary_large_image\" \/>\n<meta name=\"twitter:creator\" content=\"@gremioseguridad\" \/>\n<meta name=\"twitter:site\" content=\"@gremioseguridad\" \/>\n<meta name=\"twitter:label1\" content=\"Escrito por\" \/>\n\t<meta name=\"twitter:data1\" content=\"InfoSeguridadIT\" \/>\n\t<meta name=\"twitter:label2\" content=\"Tiempo de lectura\" \/>\n\t<meta name=\"twitter:data2\" content=\"3 minutos\" \/>\n<script type=\"application\/ld+json\" class=\"yoast-schema-graph\">{\"@context\":\"https:\\\/\\\/schema.org\",\"@graph\":[{\"@type\":\"Article\",\"@id\":\"https:\\\/\\\/infoseguridadit.com\\\/electronica\\\/2025\\\/08\\\/19\\\/seg-international-5\\\/#article\",\"isPartOf\":{\"@id\":\"https:\\\/\\\/infoseguridadit.com\\\/electronica\\\/2025\\\/08\\\/19\\\/seg-international-5\\\/\"},\"author\":{\"name\":\"InfoSeguridadIT\",\"@id\":\"https:\\\/\\\/infoseguridadit.com\\\/electronica\\\/#\\\/schema\\\/person\\\/ebbcebab56199bc170ca93cc17e06b80\"},\"headline\":\"SEG International suma Intelbras a su portfolio y refuerza su propuesta de valor como distribuidor integral en Argentina\",\"datePublished\":\"2025-08-19T12:24:07+00:00\",\"dateModified\":\"2025-08-19T17:54:17+00:00\",\"mainEntityOfPage\":{\"@id\":\"https:\\\/\\\/infoseguridadit.com\\\/electronica\\\/2025\\\/08\\\/19\\\/seg-international-5\\\/\"},\"wordCount\":534,\"publisher\":{\"@id\":\"https:\\\/\\\/infoseguridadit.com\\\/electronica\\\/#organization\"},\"image\":{\"@id\":\"https:\\\/\\\/infoseguridadit.com\\\/electronica\\\/2025\\\/08\\\/19\\\/seg-international-5\\\/#primaryimage\"},\"thumbnailUrl\":\"https:\\\/\\\/infoseguridadit.com\\\/electronica\\\/wp-content\\\/uploads\\\/2025\\\/08\\\/rogerio-martos-seg-international.jpeg\",\"keywords\":[\"intelbras\",\"seg international\"],\"articleSection\":[\"Actualidad\",\"Automatizaci\u00f3n\",\"Control de Accesos\",\"Destacada\",\"Distribuidores\",\"Informes\",\"Internet\"],\"inLanguage\":\"es\"},{\"@type\":\"WebPage\",\"@id\":\"https:\\\/\\\/infoseguridadit.com\\\/electronica\\\/2025\\\/08\\\/19\\\/seg-international-5\\\/\",\"url\":\"https:\\\/\\\/infoseguridadit.com\\\/electronica\\\/2025\\\/08\\\/19\\\/seg-international-5\\\/\",\"name\":\"SEG International suma Intelbras a su portfolio\",\"isPartOf\":{\"@id\":\"https:\\\/\\\/infoseguridadit.com\\\/electronica\\\/#website\"},\"primaryImageOfPage\":{\"@id\":\"https:\\\/\\\/infoseguridadit.com\\\/electronica\\\/2025\\\/08\\\/19\\\/seg-international-5\\\/#primaryimage\"},\"image\":{\"@id\":\"https:\\\/\\\/infoseguridadit.com\\\/electronica\\\/2025\\\/08\\\/19\\\/seg-international-5\\\/#primaryimage\"},\"thumbnailUrl\":\"https:\\\/\\\/infoseguridadit.com\\\/electronica\\\/wp-content\\\/uploads\\\/2025\\\/08\\\/rogerio-martos-seg-international.jpeg\",\"datePublished\":\"2025-08-19T12:24:07+00:00\",\"dateModified\":\"2025-08-19T17:54:17+00:00\",\"description\":\"SEG International acaba de incorporar a Intelbras, una de las marcas l\u00edderes en tecnolog\u00eda y seguridad electr\u00f3nica de Latinoam\u00e9rica\",\"breadcrumb\":{\"@id\":\"https:\\\/\\\/infoseguridadit.com\\\/electronica\\\/2025\\\/08\\\/19\\\/seg-international-5\\\/#breadcrumb\"},\"inLanguage\":\"es\",\"potentialAction\":[{\"@type\":\"ReadAction\",\"target\":[\"https:\\\/\\\/infoseguridadit.com\\\/electronica\\\/2025\\\/08\\\/19\\\/seg-international-5\\\/\"]}]},{\"@type\":\"ImageObject\",\"inLanguage\":\"es\",\"@id\":\"https:\\\/\\\/infoseguridadit.com\\\/electronica\\\/2025\\\/08\\\/19\\\/seg-international-5\\\/#primaryimage\",\"url\":\"https:\\\/\\\/infoseguridadit.com\\\/electronica\\\/wp-content\\\/uploads\\\/2025\\\/08\\\/rogerio-martos-seg-international.jpeg\",\"contentUrl\":\"https:\\\/\\\/infoseguridadit.com\\\/electronica\\\/wp-content\\\/uploads\\\/2025\\\/08\\\/rogerio-martos-seg-international.jpeg\",\"width\":1600,\"height\":900,\"caption\":\"seg international\"},{\"@type\":\"BreadcrumbList\",\"@id\":\"https:\\\/\\\/infoseguridadit.com\\\/electronica\\\/2025\\\/08\\\/19\\\/seg-international-5\\\/#breadcrumb\",\"itemListElement\":[{\"@type\":\"ListItem\",\"position\":1,\"name\":\"Portada\",\"item\":\"https:\\\/\\\/infoseguridadit.com\\\/electronica\\\/\"},{\"@type\":\"ListItem\",\"position\":2,\"name\":\"SEG International suma Intelbras a su portfolio y refuerza su propuesta de valor como distribuidor integral en Argentina\"}]},{\"@type\":\"WebSite\",\"@id\":\"https:\\\/\\\/infoseguridadit.com\\\/electronica\\\/#website\",\"url\":\"https:\\\/\\\/infoseguridadit.com\\\/electronica\\\/\",\"name\":\"Revista de Seguridad Electr\u00f3nica\",\"description\":\"Todas las novedades para instaladores, integradores y revendedores de Seguridad Electr\u00f3nica\",\"publisher\":{\"@id\":\"https:\\\/\\\/infoseguridadit.com\\\/electronica\\\/#organization\"},\"potentialAction\":[{\"@type\":\"SearchAction\",\"target\":{\"@type\":\"EntryPoint\",\"urlTemplate\":\"https:\\\/\\\/infoseguridadit.com\\\/electronica\\\/?s={search_term_string}\"},\"query-input\":{\"@type\":\"PropertyValueSpecification\",\"valueRequired\":true,\"valueName\":\"search_term_string\"}}],\"inLanguage\":\"es\"},{\"@type\":\"Organization\",\"@id\":\"https:\\\/\\\/infoseguridadit.com\\\/electronica\\\/#organization\",\"name\":\"InfoSeguridadIT\",\"url\":\"https:\\\/\\\/infoseguridadit.com\\\/electronica\\\/\",\"logo\":{\"@type\":\"ImageObject\",\"inLanguage\":\"es\",\"@id\":\"https:\\\/\\\/infoseguridadit.com\\\/electronica\\\/#\\\/schema\\\/logo\\\/image\\\/\",\"url\":\"https:\\\/\\\/infoseguridadit.com\\\/electronica\\\/wp-content\\\/uploads\\\/2023\\\/10\\\/cropped-logo-isit-latam-low-b.png\",\"contentUrl\":\"https:\\\/\\\/infoseguridadit.com\\\/electronica\\\/wp-content\\\/uploads\\\/2023\\\/10\\\/cropped-logo-isit-latam-low-b.png\",\"width\":400,\"height\":111,\"caption\":\"InfoSeguridadIT\"},\"image\":{\"@id\":\"https:\\\/\\\/infoseguridadit.com\\\/electronica\\\/#\\\/schema\\\/logo\\\/image\\\/\"},\"sameAs\":[\"https:\\\/\\\/www.facebook.com\\\/Infoseguridadit\",\"https:\\\/\\\/x.com\\\/gremioseguridad\",\"https:\\\/\\\/www.instagram.com\\\/infoseguridadit\\\/\",\"https:\\\/\\\/www.linkedin.com\\\/in\\\/ramiro-de-rosa--7879a99\\\/\"]},{\"@type\":\"Person\",\"@id\":\"https:\\\/\\\/infoseguridadit.com\\\/electronica\\\/#\\\/schema\\\/person\\\/ebbcebab56199bc170ca93cc17e06b80\",\"name\":\"InfoSeguridadIT\",\"image\":{\"@type\":\"ImageObject\",\"inLanguage\":\"es\",\"@id\":\"https:\\\/\\\/secure.gravatar.com\\\/avatar\\\/f65dac9718ad877804b6a3fb5a58ca3238715fb7957e908f214fc5d6161d758f?s=96&d=mm&r=g\",\"url\":\"https:\\\/\\\/secure.gravatar.com\\\/avatar\\\/f65dac9718ad877804b6a3fb5a58ca3238715fb7957e908f214fc5d6161d758f?s=96&d=mm&r=g\",\"contentUrl\":\"https:\\\/\\\/secure.gravatar.com\\\/avatar\\\/f65dac9718ad877804b6a3fb5a58ca3238715fb7957e908f214fc5d6161d758f?s=96&d=mm&r=g\",\"caption\":\"InfoSeguridadIT\"},\"sameAs\":[\"https:\\\/\\\/infoseguridadit.com\\\/electronica\\\/\",\"https:\\\/\\\/www.facebook.com\\\/Infoseguridadit\\\/\",\"https:\\\/\\\/www.instagram.com\\\/infoseguridadit\"],\"url\":\"https:\\\/\\\/infoseguridadit.com\\\/electronica\\\/author\\\/ramiroderosa\\\/\"}]}<\/script>\n<!-- \/ Yoast SEO plugin. -->","yoast_head_json":{"title":"SEG International suma Intelbras a su portfolio","description":"SEG International acaba de incorporar a Intelbras, una de las marcas l\u00edderes en tecnolog\u00eda y seguridad electr\u00f3nica de Latinoam\u00e9rica","robots":{"index":"index","follow":"follow","max-snippet":"max-snippet:-1","max-image-preview":"max-image-preview:large","max-video-preview":"max-video-preview:-1"},"canonical":"https:\/\/infoseguridadit.com\/electronica\/2025\/08\/19\/seg-international-5\/","og_locale":"es_ES","og_type":"article","og_title":"SEG International suma Intelbras a su portfolio","og_description":"SEG International acaba de incorporar a Intelbras, una de las marcas l\u00edderes en tecnolog\u00eda y seguridad electr\u00f3nica de Latinoam\u00e9rica","og_url":"https:\/\/infoseguridadit.com\/electronica\/2025\/08\/19\/seg-international-5\/","og_site_name":"Revista InfoSeguridad","article_publisher":"https:\/\/www.facebook.com\/Infoseguridadit","article_author":"https:\/\/www.facebook.com\/Infoseguridadit\/","article_published_time":"2025-08-19T12:24:07+00:00","article_modified_time":"2025-08-19T17:54:17+00:00","og_image":[{"width":1600,"height":900,"url":"https:\/\/infoseguridadit.com\/electronica\/wp-content\/uploads\/2025\/08\/rogerio-martos-seg-international.jpeg","type":"image\/jpeg"}],"author":"InfoSeguridadIT","twitter_card":"summary_large_image","twitter_creator":"@gremioseguridad","twitter_site":"@gremioseguridad","twitter_misc":{"Escrito por":"InfoSeguridadIT","Tiempo de lectura":"3 minutos"},"schema":{"@context":"https:\/\/schema.org","@graph":[{"@type":"Article","@id":"https:\/\/infoseguridadit.com\/electronica\/2025\/08\/19\/seg-international-5\/#article","isPartOf":{"@id":"https:\/\/infoseguridadit.com\/electronica\/2025\/08\/19\/seg-international-5\/"},"author":{"name":"InfoSeguridadIT","@id":"https:\/\/infoseguridadit.com\/electronica\/#\/schema\/person\/ebbcebab56199bc170ca93cc17e06b80"},"headline":"SEG International suma Intelbras a su portfolio y refuerza su propuesta de valor como distribuidor integral en Argentina","datePublished":"2025-08-19T12:24:07+00:00","dateModified":"2025-08-19T17:54:17+00:00","mainEntityOfPage":{"@id":"https:\/\/infoseguridadit.com\/electronica\/2025\/08\/19\/seg-international-5\/"},"wordCount":534,"publisher":{"@id":"https:\/\/infoseguridadit.com\/electronica\/#organization"},"image":{"@id":"https:\/\/infoseguridadit.com\/electronica\/2025\/08\/19\/seg-international-5\/#primaryimage"},"thumbnailUrl":"https:\/\/infoseguridadit.com\/electronica\/wp-content\/uploads\/2025\/08\/rogerio-martos-seg-international.jpeg","keywords":["intelbras","seg international"],"articleSection":["Actualidad","Automatizaci\u00f3n","Control de Accesos","Destacada","Distribuidores","Informes","Internet"],"inLanguage":"es"},{"@type":"WebPage","@id":"https:\/\/infoseguridadit.com\/electronica\/2025\/08\/19\/seg-international-5\/","url":"https:\/\/infoseguridadit.com\/electronica\/2025\/08\/19\/seg-international-5\/","name":"SEG International suma Intelbras a su portfolio","isPartOf":{"@id":"https:\/\/infoseguridadit.com\/electronica\/#website"},"primaryImageOfPage":{"@id":"https:\/\/infoseguridadit.com\/electronica\/2025\/08\/19\/seg-international-5\/#primaryimage"},"image":{"@id":"https:\/\/infoseguridadit.com\/electronica\/2025\/08\/19\/seg-international-5\/#primaryimage"},"thumbnailUrl":"https:\/\/infoseguridadit.com\/electronica\/wp-content\/uploads\/2025\/08\/rogerio-martos-seg-international.jpeg","datePublished":"2025-08-19T12:24:07+00:00","dateModified":"2025-08-19T17:54:17+00:00","description":"SEG International acaba de incorporar a Intelbras, una de las marcas l\u00edderes en tecnolog\u00eda y seguridad electr\u00f3nica de Latinoam\u00e9rica","breadcrumb":{"@id":"https:\/\/infoseguridadit.com\/electronica\/2025\/08\/19\/seg-international-5\/#breadcrumb"},"inLanguage":"es","potentialAction":[{"@type":"ReadAction","target":["https:\/\/infoseguridadit.com\/electronica\/2025\/08\/19\/seg-international-5\/"]}]},{"@type":"ImageObject","inLanguage":"es","@id":"https:\/\/infoseguridadit.com\/electronica\/2025\/08\/19\/seg-international-5\/#primaryimage","url":"https:\/\/infoseguridadit.com\/electronica\/wp-content\/uploads\/2025\/08\/rogerio-martos-seg-international.jpeg","contentUrl":"https:\/\/infoseguridadit.com\/electronica\/wp-content\/uploads\/2025\/08\/rogerio-martos-seg-international.jpeg","width":1600,"height":900,"caption":"seg international"},{"@type":"BreadcrumbList","@id":"https:\/\/infoseguridadit.com\/electronica\/2025\/08\/19\/seg-international-5\/#breadcrumb","itemListElement":[{"@type":"ListItem","position":1,"name":"Portada","item":"https:\/\/infoseguridadit.com\/electronica\/"},{"@type":"ListItem","position":2,"name":"SEG International suma Intelbras a su portfolio y refuerza su propuesta de valor como distribuidor integral en Argentina"}]},{"@type":"WebSite","@id":"https:\/\/infoseguridadit.com\/electronica\/#website","url":"https:\/\/infoseguridadit.com\/electronica\/","name":"Revista de Seguridad Electr\u00f3nica","description":"Todas las novedades para instaladores, integradores y revendedores de Seguridad Electr\u00f3nica","publisher":{"@id":"https:\/\/infoseguridadit.com\/electronica\/#organization"},"potentialAction":[{"@type":"SearchAction","target":{"@type":"EntryPoint","urlTemplate":"https:\/\/infoseguridadit.com\/electronica\/?s={search_term_string}"},"query-input":{"@type":"PropertyValueSpecification","valueRequired":true,"valueName":"search_term_string"}}],"inLanguage":"es"},{"@type":"Organization","@id":"https:\/\/infoseguridadit.com\/electronica\/#organization","name":"InfoSeguridadIT","url":"https:\/\/infoseguridadit.com\/electronica\/","logo":{"@type":"ImageObject","inLanguage":"es","@id":"https:\/\/infoseguridadit.com\/electronica\/#\/schema\/logo\/image\/","url":"https:\/\/infoseguridadit.com\/electronica\/wp-content\/uploads\/2023\/10\/cropped-logo-isit-latam-low-b.png","contentUrl":"https:\/\/infoseguridadit.com\/electronica\/wp-content\/uploads\/2023\/10\/cropped-logo-isit-latam-low-b.png","width":400,"height":111,"caption":"InfoSeguridadIT"},"image":{"@id":"https:\/\/infoseguridadit.com\/electronica\/#\/schema\/logo\/image\/"},"sameAs":["https:\/\/www.facebook.com\/Infoseguridadit","https:\/\/x.com\/gremioseguridad","https:\/\/www.instagram.com\/infoseguridadit\/","https:\/\/www.linkedin.com\/in\/ramiro-de-rosa--7879a99\/"]},{"@type":"Person","@id":"https:\/\/infoseguridadit.com\/electronica\/#\/schema\/person\/ebbcebab56199bc170ca93cc17e06b80","name":"InfoSeguridadIT","image":{"@type":"ImageObject","inLanguage":"es","@id":"https:\/\/secure.gravatar.com\/avatar\/f65dac9718ad877804b6a3fb5a58ca3238715fb7957e908f214fc5d6161d758f?s=96&d=mm&r=g","url":"https:\/\/secure.gravatar.com\/avatar\/f65dac9718ad877804b6a3fb5a58ca3238715fb7957e908f214fc5d6161d758f?s=96&d=mm&r=g","contentUrl":"https:\/\/secure.gravatar.com\/avatar\/f65dac9718ad877804b6a3fb5a58ca3238715fb7957e908f214fc5d6161d758f?s=96&d=mm&r=g","caption":"InfoSeguridadIT"},"sameAs":["https:\/\/infoseguridadit.com\/electronica\/","https:\/\/www.facebook.com\/Infoseguridadit\/","https:\/\/www.instagram.com\/infoseguridadit"],"url":"https:\/\/infoseguridadit.com\/electronica\/author\/ramiroderosa\/"}]}},"jetpack_publicize_connections":[],"jetpack_featured_media_url":"https:\/\/infoseguridadit.com\/electronica\/wp-content\/uploads\/2025\/08\/rogerio-martos-seg-international.jpeg","jetpack-related-posts":[{"id":15741,"url":"https:\/\/infoseguridadit.com\/electronica\/2025\/08\/28\/intelbras\/","url_meta":{"origin":15712,"position":0},"title":"Intelbras refuerza su presencia en Argentina con SEG International","author":"InfoSeguridadIT","date":"28 de agosto de 2025","format":false,"excerpt":"Intelbras desembarc\u00f3 fuerte en el mercado argentino. En ese contexto hablamos con Enrique Morbelli, referente de la compa\u00f1\u00eda, quien explic\u00f3 la estrategia, los objetivos y los diferenciales que la marca trae para instaladores e integradores de la regi\u00f3n. \u00bfC\u00f3mo es el arribo de Intelbras a la Argentina y con qu\u00e9\u2026","rel":"","context":"En \u00abControl de Accesos\u00bb","block_context":{"text":"Control de Accesos","link":"https:\/\/infoseguridadit.com\/electronica\/category\/accesos\/"},"img":{"alt_text":"intelbras seg international","src":"https:\/\/i0.wp.com\/infoseguridadit.com\/electronica\/wp-content\/uploads\/2025\/08\/intelbras-seg-international.jpg?resize=350%2C200&ssl=1","width":350,"height":200,"srcset":"https:\/\/i0.wp.com\/infoseguridadit.com\/electronica\/wp-content\/uploads\/2025\/08\/intelbras-seg-international.jpg?resize=350%2C200&ssl=1 1x, https:\/\/i0.wp.com\/infoseguridadit.com\/electronica\/wp-content\/uploads\/2025\/08\/intelbras-seg-international.jpg?resize=525%2C300&ssl=1 1.5x, https:\/\/i0.wp.com\/infoseguridadit.com\/electronica\/wp-content\/uploads\/2025\/08\/intelbras-seg-international.jpg?resize=700%2C400&ssl=1 2x, https:\/\/i0.wp.com\/infoseguridadit.com\/electronica\/wp-content\/uploads\/2025\/08\/intelbras-seg-international.jpg?resize=1050%2C600&ssl=1 3x, https:\/\/i0.wp.com\/infoseguridadit.com\/electronica\/wp-content\/uploads\/2025\/08\/intelbras-seg-international.jpg?resize=1400%2C800&ssl=1 4x"},"classes":[]},{"id":15815,"url":"https:\/\/infoseguridadit.com\/electronica\/2025\/10\/17\/aeinsumos\/","url_meta":{"origin":15712,"position":1},"title":"AeInsumos impulsa la capacitaci\u00f3n t\u00e9cnica en Paran\u00e1 y Santa Fe junto a SEG e Intelbras","author":"InfoSeguridadIT","date":"17 de octubre de 2025","format":false,"excerpt":"Con el objetivo de fortalecer al gremio y ampliar las oportunidades comerciales de los instaladores del Litoral, AeInsumos organiz\u00f3 una jornada de capacitaci\u00f3n junto a Maretec, representante de SEG e Intelbras en Argentina. El encuentro, realizado en Paran\u00e1 y orientado tambi\u00e9n a t\u00e9cnicos de Santa Fe, reuni\u00f3 a profesionales interesados\u2026","rel":"","context":"En \u00abActualidad\u00bb","block_context":{"text":"Actualidad","link":"https:\/\/infoseguridadit.com\/electronica\/category\/actualidad\/"},"img":{"alt_text":"aeinsumos intelbras infoseguridad seg","src":"https:\/\/i0.wp.com\/infoseguridadit.com\/electronica\/wp-content\/uploads\/2025\/10\/aeinsumos-intelbras-infoseguridad-seg.jpg?resize=350%2C200&ssl=1","width":350,"height":200,"srcset":"https:\/\/i0.wp.com\/infoseguridadit.com\/electronica\/wp-content\/uploads\/2025\/10\/aeinsumos-intelbras-infoseguridad-seg.jpg?resize=350%2C200&ssl=1 1x, https:\/\/i0.wp.com\/infoseguridadit.com\/electronica\/wp-content\/uploads\/2025\/10\/aeinsumos-intelbras-infoseguridad-seg.jpg?resize=525%2C300&ssl=1 1.5x, https:\/\/i0.wp.com\/infoseguridadit.com\/electronica\/wp-content\/uploads\/2025\/10\/aeinsumos-intelbras-infoseguridad-seg.jpg?resize=700%2C400&ssl=1 2x, https:\/\/i0.wp.com\/infoseguridadit.com\/electronica\/wp-content\/uploads\/2025\/10\/aeinsumos-intelbras-infoseguridad-seg.jpg?resize=1050%2C600&ssl=1 3x, https:\/\/i0.wp.com\/infoseguridadit.com\/electronica\/wp-content\/uploads\/2025\/10\/aeinsumos-intelbras-infoseguridad-seg.jpg?resize=1400%2C800&ssl=1 4x"},"classes":[]},{"id":16001,"url":"https:\/\/infoseguridadit.com\/electronica\/2025\/11\/19\/brober\/","url_meta":{"origin":15712,"position":2},"title":"Brober: servicio, asistencia t\u00e9cnica y crecimiento territorial al servicio del instalador","author":"InfoSeguridadIT","date":"19 de noviembre de 2025","format":false,"excerpt":"Brober es una empresa con m\u00e1s de una d\u00e9cada de experiencia en el rubro de la automatizaci\u00f3n de portones. Naci\u00f3 como un taller dedicado exclusivamente a la reparaci\u00f3n de motores y, con el tiempo, se transform\u00f3 en un distribuidor de referencia para instaladores y t\u00e9cnicos del sector. Su foco siempre\u2026","rel":"","context":"En \u00abActualidad\u00bb","block_context":{"text":"Actualidad","link":"https:\/\/infoseguridadit.com\/electronica\/category\/actualidad\/"},"img":{"alt_text":"brober","src":"https:\/\/i0.wp.com\/infoseguridadit.com\/electronica\/wp-content\/uploads\/2025\/11\/brober.jpg?resize=350%2C200&ssl=1","width":350,"height":200,"srcset":"https:\/\/i0.wp.com\/infoseguridadit.com\/electronica\/wp-content\/uploads\/2025\/11\/brober.jpg?resize=350%2C200&ssl=1 1x, https:\/\/i0.wp.com\/infoseguridadit.com\/electronica\/wp-content\/uploads\/2025\/11\/brober.jpg?resize=525%2C300&ssl=1 1.5x, https:\/\/i0.wp.com\/infoseguridadit.com\/electronica\/wp-content\/uploads\/2025\/11\/brober.jpg?resize=700%2C400&ssl=1 2x, https:\/\/i0.wp.com\/infoseguridadit.com\/electronica\/wp-content\/uploads\/2025\/11\/brober.jpg?resize=1050%2C600&ssl=1 3x"},"classes":[]},{"id":16034,"url":"https:\/\/infoseguridadit.com\/electronica\/2025\/11\/25\/domhouse\/","url_meta":{"origin":15712,"position":3},"title":"DomHouse: soporte t\u00e9cnico, especializaci\u00f3n y una propuesta integral para el instalador","author":"InfoSeguridadIT","date":"25 de noviembre de 2025","format":false,"excerpt":"DomHouse se consolid\u00f3 en los \u00faltimos a\u00f1os como un punto de referencia para instaladores e integradores que buscan soluciones en automatizaci\u00f3n, videovigilancia, alarmas y cercos el\u00e9ctricos. En esta entrevista exclusiva con Walter Agust\u00edn Villafa\u00f1ez, repasamos c\u00f3mo la empresa logr\u00f3 posicionarse con un enfoque centrado en la asistencia t\u00e9cnica y el\u2026","rel":"","context":"En \u00abDistribuidores\u00bb","block_context":{"text":"Distribuidores","link":"https:\/\/infoseguridadit.com\/electronica\/category\/dis\/"},"img":{"alt_text":"domhouse","src":"https:\/\/i0.wp.com\/infoseguridadit.com\/electronica\/wp-content\/uploads\/2025\/11\/549768199_18409394971118589_5475528937005544626_n.jpg?resize=350%2C200&ssl=1","width":350,"height":200,"srcset":"https:\/\/i0.wp.com\/infoseguridadit.com\/electronica\/wp-content\/uploads\/2025\/11\/549768199_18409394971118589_5475528937005544626_n.jpg?resize=350%2C200&ssl=1 1x, https:\/\/i0.wp.com\/infoseguridadit.com\/electronica\/wp-content\/uploads\/2025\/11\/549768199_18409394971118589_5475528937005544626_n.jpg?resize=525%2C300&ssl=1 1.5x, https:\/\/i0.wp.com\/infoseguridadit.com\/electronica\/wp-content\/uploads\/2025\/11\/549768199_18409394971118589_5475528937005544626_n.jpg?resize=700%2C400&ssl=1 2x, https:\/\/i0.wp.com\/infoseguridadit.com\/electronica\/wp-content\/uploads\/2025\/11\/549768199_18409394971118589_5475528937005544626_n.jpg?resize=1050%2C600&ssl=1 3x, https:\/\/i0.wp.com\/infoseguridadit.com\/electronica\/wp-content\/uploads\/2025\/11\/549768199_18409394971118589_5475528937005544626_n.jpg?resize=1400%2C800&ssl=1 4x"},"classes":[]},{"id":15766,"url":"https:\/\/infoseguridadit.com\/electronica\/2025\/10\/01\/ruta-intelbras\/","url_meta":{"origin":15712,"position":4},"title":"Ruta Intelbras: la experiencia t\u00e9cnica que conecta a instaladores en Argentina","author":"InfoSeguridadIT","date":"1 de octubre de 2025","format":false,"excerpt":"En el marco del evento Ruta Intelbras, realizado recientemente en Argentina, instaladores e integradores de seguridad electr\u00f3nica participaron de una experiencia pr\u00e1ctica que combin\u00f3 capacitaci\u00f3n, interacci\u00f3n y\u00a0desaf\u00edos t\u00e9cnicos. La iniciativa, que Intelbras viene replicando en distintos pa\u00edses de Latinoam\u00e9rica como Uruguay y Colombia, busca acercar a los profesionales las \u00faltimas\u2026","rel":"","context":"En \u00abActualidad\u00bb","block_context":{"text":"Actualidad","link":"https:\/\/infoseguridadit.com\/electronica\/category\/actualidad\/"},"img":{"alt_text":"Ventas en seguridad electro\u0301nica","src":"https:\/\/i0.wp.com\/infoseguridadit.com\/electronica\/wp-content\/uploads\/2025\/10\/ruta-intelbras-maretec-e1759338079350.jpeg?resize=350%2C200&ssl=1","width":350,"height":200,"srcset":"https:\/\/i0.wp.com\/infoseguridadit.com\/electronica\/wp-content\/uploads\/2025\/10\/ruta-intelbras-maretec-e1759338079350.jpeg?resize=350%2C200&ssl=1 1x, https:\/\/i0.wp.com\/infoseguridadit.com\/electronica\/wp-content\/uploads\/2025\/10\/ruta-intelbras-maretec-e1759338079350.jpeg?resize=525%2C300&ssl=1 1.5x, https:\/\/i0.wp.com\/infoseguridadit.com\/electronica\/wp-content\/uploads\/2025\/10\/ruta-intelbras-maretec-e1759338079350.jpeg?resize=700%2C400&ssl=1 2x"},"classes":[]},{"id":17155,"url":"https:\/\/infoseguridadit.com\/electronica\/2026\/08\/14\/maretec-2\/","url_meta":{"origin":15712,"position":5},"title":"Maretec e Intelbras apuestan a la capacitaci\u00f3n para crecer junto al instalador en C\u00f3rdoba","author":"InfoSeguridadIT","date":"14 de agosto de 2026","format":false,"excerpt":"Maretec e Intelbras realizaron este viernes un desayuno t\u00e9cnico en la sucursal C\u00f3rdoba. Instaladores e integradores participaron de un desayuno t\u00e9cnico realizado en la sucursal C\u00f3rdoba de Grupo Maretec, donde pudieron conocer diferentes soluciones de intrusi\u00f3n de Intelbras y conversar directamente con especialistas. Para El\u00edas Tanus, coordinador de la sucursal,\u2026","rel":"","context":"En \u00abActualidad\u00bb","block_context":{"text":"Actualidad","link":"https:\/\/infoseguridadit.com\/electronica\/category\/actualidad\/"},"img":{"alt_text":"maretec infoseguridad","src":"https:\/\/i0.wp.com\/infoseguridadit.com\/electronica\/wp-content\/uploads\/2026\/08\/maretec-infoseguridad.jpg?resize=350%2C200&ssl=1","width":350,"height":200,"srcset":"https:\/\/i0.wp.com\/infoseguridadit.com\/electronica\/wp-content\/uploads\/2026\/08\/maretec-infoseguridad.jpg?resize=350%2C200&ssl=1 1x, https:\/\/i0.wp.com\/infoseguridadit.com\/electronica\/wp-content\/uploads\/2026\/08\/maretec-infoseguridad.jpg?resize=525%2C300&ssl=1 1.5x, https:\/\/i0.wp.com\/infoseguridadit.com\/electronica\/wp-content\/uploads\/2026\/08\/maretec-infoseguridad.jpg?resize=700%2C400&ssl=1 2x, https:\/\/i0.wp.com\/infoseguridadit.com\/electronica\/wp-content\/uploads\/2026\/08\/maretec-infoseguridad.jpg?resize=1050%2C600&ssl=1 3x, https:\/\/i0.wp.com\/infoseguridadit.com\/electronica\/wp-content\/uploads\/2026\/08\/maretec-infoseguridad.jpg?resize=1400%2C800&ssl=1 4x"},"classes":[]}],"jetpack_shortlink":"https:\/\/wp.me\/p6cGtH-45q","_links":{"self":[{"href":"https:\/\/infoseguridadit.com\/electronica\/wp-json\/wp\/v2\/posts\/15712","targetHints":{"allow":["GET"]}}],"collection":[{"href":"https:\/\/infoseguridadit.com\/electronica\/wp-json\/wp\/v2\/posts"}],"about":[{"href":"https:\/\/infoseguridadit.com\/electronica\/wp-json\/wp\/v2\/types\/post"}],"author":[{"embeddable":true,"href":"https:\/\/infoseguridadit.com\/electronica\/wp-json\/wp\/v2\/users\/1"}],"replies":[{"embeddable":true,"href":"https:\/\/infoseguridadit.com\/electronica\/wp-json\/wp\/v2\/comments?post=15712"}],"version-history":[{"count":8,"href":"https:\/\/infoseguridadit.com\/electronica\/wp-json\/wp\/v2\/posts\/15712\/revisions"}],"predecessor-version":[{"id":15729,"href":"https:\/\/infoseguridadit.com\/electronica\/wp-json\/wp\/v2\/posts\/15712\/revisions\/15729"}],"wp:featuredmedia":[{"embeddable":true,"href":"https:\/\/infoseguridadit.com\/electronica\/wp-json\/wp\/v2\/media\/15713"}],"wp:attachment":[{"href":"https:\/\/infoseguridadit.com\/electronica\/wp-json\/wp\/v2\/media?parent=15712"}],"wp:term":[{"taxonomy":"category","embeddable":true,"href":"https:\/\/infoseguridadit.com\/electronica\/wp-json\/wp\/v2\/categories?post=15712"},{"taxonomy":"post_tag","embeddable":true,"href":"https:\/\/infoseguridadit.com\/electronica\/wp-json\/wp\/v2\/tags?post=15712"}],"curies":[{"name":"wp","href":"https:\/\/api.w.org\/{rel}","templated":true}]}}