{"id":16405,"date":"2026-03-18T00:56:09","date_gmt":"2026-03-18T03:56:09","guid":{"rendered":"https:\/\/infoseguridadit.com\/electronica\/?p=16405"},"modified":"2026-03-18T00:56:18","modified_gmt":"2026-03-18T03:56:18","slug":"seguridad-privada","status":"publish","type":"post","link":"https:\/\/infoseguridadit.com\/electronica\/2026\/03\/18\/seguridad-privada\/","title":{"rendered":"Seguridad privada: la integraci\u00f3n entre lo f\u00edsico y lo digital redefine el sector hacia 2027"},"content":{"rendered":"\n<p>La seguridad privada est\u00e1 atravesando una transformaci\u00f3n profunda que la posiciona como parte de la infraestructura estrat\u00e9gica en entornos urbanos, corporativos e industriales. De cara a 2026 y 2027, el sector evoluciona hacia un modelo donde la seguridad f\u00edsica y la digital dejan de operar de forma separada para integrarse en un ecosistema \u00fanico, interconectado y basado en datos.<\/p>\n\n\n\n<figure class=\"wp-block-image size-large\"><a href=\"https:\/\/infoseguridadit.com\/electronica\/wp-content\/uploads\/2026\/03\/seguridad-privada.jpg\"><img loading=\"lazy\" decoding=\"async\" width=\"1024\" height=\"683\" src=\"https:\/\/infoseguridadit.com\/electronica\/wp-content\/uploads\/2026\/03\/seguridad-privada-1024x683.jpg\" alt=\"seguridad privada\" class=\"wp-image-16406\" srcset=\"https:\/\/infoseguridadit.com\/electronica\/wp-content\/uploads\/2026\/03\/seguridad-privada-1024x683.jpg 1024w, https:\/\/infoseguridadit.com\/electronica\/wp-content\/uploads\/2026\/03\/seguridad-privada-300x200.jpg 300w, https:\/\/infoseguridadit.com\/electronica\/wp-content\/uploads\/2026\/03\/seguridad-privada-768x512.jpg 768w, https:\/\/infoseguridadit.com\/electronica\/wp-content\/uploads\/2026\/03\/seguridad-privada.jpg 1536w\" sizes=\"auto, (max-width: 1024px) 100vw, 1024px\" \/><\/a><\/figure>\n\n\n\n<h2 class=\"wp-block-heading\"><strong>Seguridad privada y convergencia con la ciberseguridad<\/strong><\/h2>\n\n\n\n<p>La integraci\u00f3n entre sistemas f\u00edsicos \u2014como videovigilancia, control de accesos y detecci\u00f3n perimetral\u2014 y plataformas digitales marca un punto de inflexi\u00f3n. Hoy, estos dispositivos ya no son elementos aislados: forman parte de redes complejas que requieren protecci\u00f3n integral.<\/p>\n\n\n\n<p>En este contexto, la ciberseguridad deja de ser un \u00e1rea independiente para convertirse en un componente esencial dentro de cualquier estrategia de seguridad privada. Los centros de monitoreo m\u00e1s avanzados est\u00e1n evolucionando hacia modelos h\u00edbridos, donde se combinan la supervisi\u00f3n f\u00edsica con el an\u00e1lisis de amenazas digitales.<\/p>\n\n\n\n<p>Esta convergencia permite abordar riesgos mixtos, como intrusiones que combinan vulnerabilidades f\u00edsicas y ataques inform\u00e1ticos, elevando el nivel de prevenci\u00f3n y respuesta.<\/p>\n\n\n\n<h2 class=\"wp-block-heading\"><strong>El paso de lo reactivo a lo predictivo<\/strong><\/h2>\n\n\n\n<p>Otro de los grandes cambios del sector est\u00e1 vinculado al uso de inteligencia artificial y anal\u00edtica avanzada. La seguridad privada ya no se limita a registrar eventos o responder ante incidentes, sino que comienza a anticiparlos.<\/p>\n\n\n\n<p>Las nuevas soluciones permiten detectar patrones de comportamiento, reducir significativamente los falsos positivos y generar alertas predictivas que facilitan la toma de decisiones antes de que ocurra un evento cr\u00edtico.<\/p>\n\n\n\n<p>Este cambio de paradigma redefine el rol de los centros de monitoreo, que pasan de ser espacios operativos a convertirse en verdaderos centros de an\u00e1lisis y gesti\u00f3n de riesgos.<\/p>\n\n\n\n<h2 class=\"wp-block-heading\"><strong>El rol clave del factor humano<\/strong><\/h2>\n\n\n\n<p>A pesar del avance tecnol\u00f3gico, el factor humano sigue siendo determinante. La incorporaci\u00f3n de herramientas inteligentes no reemplaza al profesional de seguridad, sino que ampl\u00eda sus capacidades.<\/p>\n\n\n\n<p>El nuevo perfil del sector exige mayor capacitaci\u00f3n, comprensi\u00f3n de sistemas integrados y capacidad para interpretar informaci\u00f3n en tiempo real. La toma de decisiones ya no depende \u00fanicamente de la observaci\u00f3n, sino del an\u00e1lisis de datos y la gesti\u00f3n de m\u00faltiples variables simult\u00e1neas.<\/p>\n\n\n\n<p>En este escenario, la formaci\u00f3n continua y la especializaci\u00f3n se convierten en pilares fundamentales para las empresas y los profesionales.<\/p>\n\n\n\n<h2 class=\"wp-block-heading\"><strong>Seguridad privada: un modelo h\u00edbrido, tecnol\u00f3gico y estrat\u00e9gico<\/strong><\/h2>\n\n\n\n<p>La seguridad privada del futuro ser\u00e1 h\u00edbrida por naturaleza: combinar\u00e1 tecnolog\u00eda avanzada, inteligencia de datos y talento humano altamente calificado.<\/p>\n\n\n\n<p>Este enfoque no solo responde a nuevas amenazas, sino tambi\u00e9n a un cambio en la forma de concebir la seguridad, que deja de ser un servicio aislado para integrarse como parte central de la operaci\u00f3n de empresas, ciudades y organizaciones.<\/p>\n\n\n\n<p>La evoluci\u00f3n ya est\u00e1 en marcha, y quienes logren adaptarse a este nuevo paradigma no solo mejorar\u00e1n sus niveles de protecci\u00f3n, sino que tambi\u00e9n ganar\u00e1n competitividad en un mercado cada vez m\u00e1s exigente.<\/p>\n","protected":false},"excerpt":{"rendered":"<p>La seguridad privada est\u00e1 atravesando una transformaci\u00f3n profunda que la posiciona como parte de la infraestructura estrat\u00e9gica en entornos urbanos, corporativos e industriales. De cara a 2026 y 2027, el sector evoluciona hacia un modelo donde la seguridad f\u00edsica y la digital dejan de operar de forma separada para integrarse en un ecosistema \u00fanico, interconectado [&hellip;]<\/p>\n","protected":false},"author":1,"featured_media":16406,"comment_status":"closed","ping_status":"closed","sticky":false,"template":"","format":"standard","meta":{"jetpack_post_was_ever_published":false,"_joinchat":[],"footnotes":"","jetpack_publicize_message":"","jetpack_publicize_feature_enabled":true,"jetpack_social_post_already_shared":false,"jetpack_social_options":{"image_generator_settings":{"template":"highway","default_image_id":0,"font":"","enabled":false},"version":2}},"categories":[267,621],"tags":[],"class_list":["post-16405","post","type-post","status-publish","format-standard","has-post-thumbnail","hentry","category-inf","category-seguridad-privada"],"yoast_head":"<!-- This site is optimized with the Yoast SEO plugin v27.3 - https:\/\/yoast.com\/product\/yoast-seo-wordpress\/ -->\n<title>Seguridad privada: la integraci\u00f3n entre lo f\u00edsico y lo digital<\/title>\n<meta name=\"description\" content=\"Seguridad Privada est\u00e1 atravesando una transformaci\u00f3n profunda que la posiciona como parte de la infraestructura estrat\u00e9gica\" \/>\n<meta name=\"robots\" content=\"index, follow, max-snippet:-1, max-image-preview:large, max-video-preview:-1\" \/>\n<link rel=\"canonical\" href=\"https:\/\/infoseguridadit.com\/electronica\/2026\/03\/18\/seguridad-privada\/\" \/>\n<meta property=\"og:locale\" content=\"es_ES\" \/>\n<meta property=\"og:type\" content=\"article\" \/>\n<meta property=\"og:title\" content=\"Seguridad privada: la integraci\u00f3n entre lo f\u00edsico y lo digital\" \/>\n<meta property=\"og:description\" content=\"Seguridad Privada est\u00e1 atravesando una transformaci\u00f3n profunda que la posiciona como parte de la infraestructura estrat\u00e9gica\" \/>\n<meta property=\"og:url\" content=\"https:\/\/infoseguridadit.com\/electronica\/2026\/03\/18\/seguridad-privada\/\" \/>\n<meta property=\"og:site_name\" content=\"InfoSeguridadIT\" \/>\n<meta property=\"article:publisher\" content=\"https:\/\/www.facebook.com\/Infoseguridadit\" \/>\n<meta property=\"article:author\" content=\"https:\/\/www.facebook.com\/Infoseguridadit\/\" \/>\n<meta property=\"article:published_time\" content=\"2026-03-18T03:56:09+00:00\" \/>\n<meta property=\"article:modified_time\" content=\"2026-03-18T03:56:18+00:00\" \/>\n<meta property=\"og:image\" content=\"https:\/\/infoseguridadit.com\/electronica\/wp-content\/uploads\/2026\/03\/seguridad-privada.jpg\" \/>\n\t<meta property=\"og:image:width\" content=\"1536\" \/>\n\t<meta property=\"og:image:height\" content=\"1024\" \/>\n\t<meta property=\"og:image:type\" content=\"image\/jpeg\" \/>\n<meta name=\"author\" content=\"InfoSeguridadIT\" \/>\n<meta name=\"twitter:card\" content=\"summary_large_image\" \/>\n<meta name=\"twitter:creator\" content=\"@gremioseguridad\" \/>\n<meta name=\"twitter:site\" content=\"@gremioseguridad\" \/>\n<meta name=\"twitter:label1\" content=\"Escrito por\" \/>\n\t<meta name=\"twitter:data1\" content=\"InfoSeguridadIT\" \/>\n\t<meta name=\"twitter:label2\" content=\"Tiempo de lectura\" \/>\n\t<meta name=\"twitter:data2\" content=\"3 minutos\" \/>\n<script type=\"application\/ld+json\" class=\"yoast-schema-graph\">{\"@context\":\"https:\\\/\\\/schema.org\",\"@graph\":[{\"@type\":\"Article\",\"@id\":\"https:\\\/\\\/infoseguridadit.com\\\/electronica\\\/2026\\\/03\\\/18\\\/seguridad-privada\\\/#article\",\"isPartOf\":{\"@id\":\"https:\\\/\\\/infoseguridadit.com\\\/electronica\\\/2026\\\/03\\\/18\\\/seguridad-privada\\\/\"},\"author\":{\"name\":\"InfoSeguridadIT\",\"@id\":\"https:\\\/\\\/infoseguridadit.com\\\/electronica\\\/#\\\/schema\\\/person\\\/ebbcebab56199bc170ca93cc17e06b80\"},\"headline\":\"Seguridad privada: la integraci\u00f3n entre lo f\u00edsico y lo digital redefine el sector hacia 2027\",\"datePublished\":\"2026-03-18T03:56:09+00:00\",\"dateModified\":\"2026-03-18T03:56:18+00:00\",\"mainEntityOfPage\":{\"@id\":\"https:\\\/\\\/infoseguridadit.com\\\/electronica\\\/2026\\\/03\\\/18\\\/seguridad-privada\\\/\"},\"wordCount\":534,\"publisher\":{\"@id\":\"https:\\\/\\\/infoseguridadit.com\\\/electronica\\\/#organization\"},\"image\":{\"@id\":\"https:\\\/\\\/infoseguridadit.com\\\/electronica\\\/2026\\\/03\\\/18\\\/seguridad-privada\\\/#primaryimage\"},\"thumbnailUrl\":\"https:\\\/\\\/infoseguridadit.com\\\/electronica\\\/wp-content\\\/uploads\\\/2026\\\/03\\\/seguridad-privada.jpg\",\"articleSection\":[\"Informes\",\"Seguridad Privada\"],\"inLanguage\":\"es\"},{\"@type\":\"WebPage\",\"@id\":\"https:\\\/\\\/infoseguridadit.com\\\/electronica\\\/2026\\\/03\\\/18\\\/seguridad-privada\\\/\",\"url\":\"https:\\\/\\\/infoseguridadit.com\\\/electronica\\\/2026\\\/03\\\/18\\\/seguridad-privada\\\/\",\"name\":\"Seguridad privada: la integraci\u00f3n entre lo f\u00edsico y lo digital\",\"isPartOf\":{\"@id\":\"https:\\\/\\\/infoseguridadit.com\\\/electronica\\\/#website\"},\"primaryImageOfPage\":{\"@id\":\"https:\\\/\\\/infoseguridadit.com\\\/electronica\\\/2026\\\/03\\\/18\\\/seguridad-privada\\\/#primaryimage\"},\"image\":{\"@id\":\"https:\\\/\\\/infoseguridadit.com\\\/electronica\\\/2026\\\/03\\\/18\\\/seguridad-privada\\\/#primaryimage\"},\"thumbnailUrl\":\"https:\\\/\\\/infoseguridadit.com\\\/electronica\\\/wp-content\\\/uploads\\\/2026\\\/03\\\/seguridad-privada.jpg\",\"datePublished\":\"2026-03-18T03:56:09+00:00\",\"dateModified\":\"2026-03-18T03:56:18+00:00\",\"description\":\"Seguridad Privada est\u00e1 atravesando una transformaci\u00f3n profunda que la posiciona como parte de la infraestructura estrat\u00e9gica\",\"breadcrumb\":{\"@id\":\"https:\\\/\\\/infoseguridadit.com\\\/electronica\\\/2026\\\/03\\\/18\\\/seguridad-privada\\\/#breadcrumb\"},\"inLanguage\":\"es\",\"potentialAction\":[{\"@type\":\"ReadAction\",\"target\":[\"https:\\\/\\\/infoseguridadit.com\\\/electronica\\\/2026\\\/03\\\/18\\\/seguridad-privada\\\/\"]}]},{\"@type\":\"ImageObject\",\"inLanguage\":\"es\",\"@id\":\"https:\\\/\\\/infoseguridadit.com\\\/electronica\\\/2026\\\/03\\\/18\\\/seguridad-privada\\\/#primaryimage\",\"url\":\"https:\\\/\\\/infoseguridadit.com\\\/electronica\\\/wp-content\\\/uploads\\\/2026\\\/03\\\/seguridad-privada.jpg\",\"contentUrl\":\"https:\\\/\\\/infoseguridadit.com\\\/electronica\\\/wp-content\\\/uploads\\\/2026\\\/03\\\/seguridad-privada.jpg\",\"width\":1536,\"height\":1024,\"caption\":\"seguridad privada\"},{\"@type\":\"BreadcrumbList\",\"@id\":\"https:\\\/\\\/infoseguridadit.com\\\/electronica\\\/2026\\\/03\\\/18\\\/seguridad-privada\\\/#breadcrumb\",\"itemListElement\":[{\"@type\":\"ListItem\",\"position\":1,\"name\":\"Portada\",\"item\":\"https:\\\/\\\/infoseguridadit.com\\\/electronica\\\/\"},{\"@type\":\"ListItem\",\"position\":2,\"name\":\"Seguridad privada: la integraci\u00f3n entre lo f\u00edsico y lo digital redefine el sector hacia 2027\"}]},{\"@type\":\"WebSite\",\"@id\":\"https:\\\/\\\/infoseguridadit.com\\\/electronica\\\/#website\",\"url\":\"https:\\\/\\\/infoseguridadit.com\\\/electronica\\\/\",\"name\":\"InfoSeguridadIT\",\"description\":\"InfoSeguridadIT es un portal de noticias sobre tecnolog\u00eda y seguridad electr\u00f3nica dirigido a Integradores, Distribuidores, Importadores, Fabricantes, etc.\",\"publisher\":{\"@id\":\"https:\\\/\\\/infoseguridadit.com\\\/electronica\\\/#organization\"},\"potentialAction\":[{\"@type\":\"SearchAction\",\"target\":{\"@type\":\"EntryPoint\",\"urlTemplate\":\"https:\\\/\\\/infoseguridadit.com\\\/electronica\\\/?s={search_term_string}\"},\"query-input\":{\"@type\":\"PropertyValueSpecification\",\"valueRequired\":true,\"valueName\":\"search_term_string\"}}],\"inLanguage\":\"es\"},{\"@type\":\"Organization\",\"@id\":\"https:\\\/\\\/infoseguridadit.com\\\/electronica\\\/#organization\",\"name\":\"InfoSeguridadIT\",\"url\":\"https:\\\/\\\/infoseguridadit.com\\\/electronica\\\/\",\"logo\":{\"@type\":\"ImageObject\",\"inLanguage\":\"es\",\"@id\":\"https:\\\/\\\/infoseguridadit.com\\\/electronica\\\/#\\\/schema\\\/logo\\\/image\\\/\",\"url\":\"http:\\\/\\\/infoseguridadit.com\\\/electronica\\\/wp-content\\\/uploads\\\/2023\\\/10\\\/cropped-logo-isit-latam-low-b.png\",\"contentUrl\":\"http:\\\/\\\/infoseguridadit.com\\\/electronica\\\/wp-content\\\/uploads\\\/2023\\\/10\\\/cropped-logo-isit-latam-low-b.png\",\"width\":400,\"height\":111,\"caption\":\"InfoSeguridadIT\"},\"image\":{\"@id\":\"https:\\\/\\\/infoseguridadit.com\\\/electronica\\\/#\\\/schema\\\/logo\\\/image\\\/\"},\"sameAs\":[\"https:\\\/\\\/www.facebook.com\\\/Infoseguridadit\",\"https:\\\/\\\/x.com\\\/gremioseguridad\",\"https:\\\/\\\/www.instagram.com\\\/infoseguridadit\\\/\",\"https:\\\/\\\/www.linkedin.com\\\/in\\\/ramiro-de-rosa--7879a99\\\/\"]},{\"@type\":\"Person\",\"@id\":\"https:\\\/\\\/infoseguridadit.com\\\/electronica\\\/#\\\/schema\\\/person\\\/ebbcebab56199bc170ca93cc17e06b80\",\"name\":\"InfoSeguridadIT\",\"image\":{\"@type\":\"ImageObject\",\"inLanguage\":\"es\",\"@id\":\"https:\\\/\\\/secure.gravatar.com\\\/avatar\\\/f65dac9718ad877804b6a3fb5a58ca3238715fb7957e908f214fc5d6161d758f?s=96&d=mm&r=g\",\"url\":\"https:\\\/\\\/secure.gravatar.com\\\/avatar\\\/f65dac9718ad877804b6a3fb5a58ca3238715fb7957e908f214fc5d6161d758f?s=96&d=mm&r=g\",\"contentUrl\":\"https:\\\/\\\/secure.gravatar.com\\\/avatar\\\/f65dac9718ad877804b6a3fb5a58ca3238715fb7957e908f214fc5d6161d758f?s=96&d=mm&r=g\",\"caption\":\"InfoSeguridadIT\"},\"sameAs\":[\"https:\\\/\\\/infoseguridadit.com\\\/electronica\\\/\",\"https:\\\/\\\/www.facebook.com\\\/Infoseguridadit\\\/\",\"https:\\\/\\\/www.instagram.com\\\/infoseguridadit\"],\"url\":\"https:\\\/\\\/infoseguridadit.com\\\/electronica\\\/author\\\/ramiroderosa\\\/\"}]}<\/script>\n<!-- \/ Yoast SEO plugin. -->","yoast_head_json":{"title":"Seguridad privada: la integraci\u00f3n entre lo f\u00edsico y lo digital","description":"Seguridad Privada est\u00e1 atravesando una transformaci\u00f3n profunda que la posiciona como parte de la infraestructura estrat\u00e9gica","robots":{"index":"index","follow":"follow","max-snippet":"max-snippet:-1","max-image-preview":"max-image-preview:large","max-video-preview":"max-video-preview:-1"},"canonical":"https:\/\/infoseguridadit.com\/electronica\/2026\/03\/18\/seguridad-privada\/","og_locale":"es_ES","og_type":"article","og_title":"Seguridad privada: la integraci\u00f3n entre lo f\u00edsico y lo digital","og_description":"Seguridad Privada est\u00e1 atravesando una transformaci\u00f3n profunda que la posiciona como parte de la infraestructura estrat\u00e9gica","og_url":"https:\/\/infoseguridadit.com\/electronica\/2026\/03\/18\/seguridad-privada\/","og_site_name":"InfoSeguridadIT","article_publisher":"https:\/\/www.facebook.com\/Infoseguridadit","article_author":"https:\/\/www.facebook.com\/Infoseguridadit\/","article_published_time":"2026-03-18T03:56:09+00:00","article_modified_time":"2026-03-18T03:56:18+00:00","og_image":[{"width":1536,"height":1024,"url":"https:\/\/infoseguridadit.com\/electronica\/wp-content\/uploads\/2026\/03\/seguridad-privada.jpg","type":"image\/jpeg"}],"author":"InfoSeguridadIT","twitter_card":"summary_large_image","twitter_creator":"@gremioseguridad","twitter_site":"@gremioseguridad","twitter_misc":{"Escrito por":"InfoSeguridadIT","Tiempo de lectura":"3 minutos"},"schema":{"@context":"https:\/\/schema.org","@graph":[{"@type":"Article","@id":"https:\/\/infoseguridadit.com\/electronica\/2026\/03\/18\/seguridad-privada\/#article","isPartOf":{"@id":"https:\/\/infoseguridadit.com\/electronica\/2026\/03\/18\/seguridad-privada\/"},"author":{"name":"InfoSeguridadIT","@id":"https:\/\/infoseguridadit.com\/electronica\/#\/schema\/person\/ebbcebab56199bc170ca93cc17e06b80"},"headline":"Seguridad privada: la integraci\u00f3n entre lo f\u00edsico y lo digital redefine el sector hacia 2027","datePublished":"2026-03-18T03:56:09+00:00","dateModified":"2026-03-18T03:56:18+00:00","mainEntityOfPage":{"@id":"https:\/\/infoseguridadit.com\/electronica\/2026\/03\/18\/seguridad-privada\/"},"wordCount":534,"publisher":{"@id":"https:\/\/infoseguridadit.com\/electronica\/#organization"},"image":{"@id":"https:\/\/infoseguridadit.com\/electronica\/2026\/03\/18\/seguridad-privada\/#primaryimage"},"thumbnailUrl":"https:\/\/infoseguridadit.com\/electronica\/wp-content\/uploads\/2026\/03\/seguridad-privada.jpg","articleSection":["Informes","Seguridad Privada"],"inLanguage":"es"},{"@type":"WebPage","@id":"https:\/\/infoseguridadit.com\/electronica\/2026\/03\/18\/seguridad-privada\/","url":"https:\/\/infoseguridadit.com\/electronica\/2026\/03\/18\/seguridad-privada\/","name":"Seguridad privada: la integraci\u00f3n entre lo f\u00edsico y lo digital","isPartOf":{"@id":"https:\/\/infoseguridadit.com\/electronica\/#website"},"primaryImageOfPage":{"@id":"https:\/\/infoseguridadit.com\/electronica\/2026\/03\/18\/seguridad-privada\/#primaryimage"},"image":{"@id":"https:\/\/infoseguridadit.com\/electronica\/2026\/03\/18\/seguridad-privada\/#primaryimage"},"thumbnailUrl":"https:\/\/infoseguridadit.com\/electronica\/wp-content\/uploads\/2026\/03\/seguridad-privada.jpg","datePublished":"2026-03-18T03:56:09+00:00","dateModified":"2026-03-18T03:56:18+00:00","description":"Seguridad Privada est\u00e1 atravesando una transformaci\u00f3n profunda que la posiciona como parte de la infraestructura estrat\u00e9gica","breadcrumb":{"@id":"https:\/\/infoseguridadit.com\/electronica\/2026\/03\/18\/seguridad-privada\/#breadcrumb"},"inLanguage":"es","potentialAction":[{"@type":"ReadAction","target":["https:\/\/infoseguridadit.com\/electronica\/2026\/03\/18\/seguridad-privada\/"]}]},{"@type":"ImageObject","inLanguage":"es","@id":"https:\/\/infoseguridadit.com\/electronica\/2026\/03\/18\/seguridad-privada\/#primaryimage","url":"https:\/\/infoseguridadit.com\/electronica\/wp-content\/uploads\/2026\/03\/seguridad-privada.jpg","contentUrl":"https:\/\/infoseguridadit.com\/electronica\/wp-content\/uploads\/2026\/03\/seguridad-privada.jpg","width":1536,"height":1024,"caption":"seguridad privada"},{"@type":"BreadcrumbList","@id":"https:\/\/infoseguridadit.com\/electronica\/2026\/03\/18\/seguridad-privada\/#breadcrumb","itemListElement":[{"@type":"ListItem","position":1,"name":"Portada","item":"https:\/\/infoseguridadit.com\/electronica\/"},{"@type":"ListItem","position":2,"name":"Seguridad privada: la integraci\u00f3n entre lo f\u00edsico y lo digital redefine el sector hacia 2027"}]},{"@type":"WebSite","@id":"https:\/\/infoseguridadit.com\/electronica\/#website","url":"https:\/\/infoseguridadit.com\/electronica\/","name":"InfoSeguridadIT","description":"InfoSeguridadIT es un portal de noticias sobre tecnolog\u00eda y seguridad electr\u00f3nica dirigido a Integradores, Distribuidores, Importadores, Fabricantes, etc.","publisher":{"@id":"https:\/\/infoseguridadit.com\/electronica\/#organization"},"potentialAction":[{"@type":"SearchAction","target":{"@type":"EntryPoint","urlTemplate":"https:\/\/infoseguridadit.com\/electronica\/?s={search_term_string}"},"query-input":{"@type":"PropertyValueSpecification","valueRequired":true,"valueName":"search_term_string"}}],"inLanguage":"es"},{"@type":"Organization","@id":"https:\/\/infoseguridadit.com\/electronica\/#organization","name":"InfoSeguridadIT","url":"https:\/\/infoseguridadit.com\/electronica\/","logo":{"@type":"ImageObject","inLanguage":"es","@id":"https:\/\/infoseguridadit.com\/electronica\/#\/schema\/logo\/image\/","url":"http:\/\/infoseguridadit.com\/electronica\/wp-content\/uploads\/2023\/10\/cropped-logo-isit-latam-low-b.png","contentUrl":"http:\/\/infoseguridadit.com\/electronica\/wp-content\/uploads\/2023\/10\/cropped-logo-isit-latam-low-b.png","width":400,"height":111,"caption":"InfoSeguridadIT"},"image":{"@id":"https:\/\/infoseguridadit.com\/electronica\/#\/schema\/logo\/image\/"},"sameAs":["https:\/\/www.facebook.com\/Infoseguridadit","https:\/\/x.com\/gremioseguridad","https:\/\/www.instagram.com\/infoseguridadit\/","https:\/\/www.linkedin.com\/in\/ramiro-de-rosa--7879a99\/"]},{"@type":"Person","@id":"https:\/\/infoseguridadit.com\/electronica\/#\/schema\/person\/ebbcebab56199bc170ca93cc17e06b80","name":"InfoSeguridadIT","image":{"@type":"ImageObject","inLanguage":"es","@id":"https:\/\/secure.gravatar.com\/avatar\/f65dac9718ad877804b6a3fb5a58ca3238715fb7957e908f214fc5d6161d758f?s=96&d=mm&r=g","url":"https:\/\/secure.gravatar.com\/avatar\/f65dac9718ad877804b6a3fb5a58ca3238715fb7957e908f214fc5d6161d758f?s=96&d=mm&r=g","contentUrl":"https:\/\/secure.gravatar.com\/avatar\/f65dac9718ad877804b6a3fb5a58ca3238715fb7957e908f214fc5d6161d758f?s=96&d=mm&r=g","caption":"InfoSeguridadIT"},"sameAs":["https:\/\/infoseguridadit.com\/electronica\/","https:\/\/www.facebook.com\/Infoseguridadit\/","https:\/\/www.instagram.com\/infoseguridadit"],"url":"https:\/\/infoseguridadit.com\/electronica\/author\/ramiroderosa\/"}]}},"jetpack_publicize_connections":[],"jetpack_featured_media_url":"https:\/\/infoseguridadit.com\/electronica\/wp-content\/uploads\/2026\/03\/seguridad-privada.jpg","jetpack-related-posts":[{"id":16502,"url":"https:\/\/infoseguridadit.com\/electronica\/2026\/04\/10\/watchman\/","url_meta":{"origin":16405,"position":0},"title":"Watchman: c\u00f3mo una empresa de seguridad evoluciona hacia un modelo integral con tecnolog\u00eda y operaciones avanzadas","author":"InfoSeguridadIT","date":"10 de abril de 2026","format":false,"excerpt":"Watchman atraviesa un proceso de transformaci\u00f3n clave dentro del sector de la seguridad privada en Argentina. Con m\u00e1s de 35 a\u00f1os de trayectoria, la compa\u00f1\u00eda combina presencia nacional, especializaci\u00f3n en nichos complejos y una apuesta fuerte por la integraci\u00f3n tecnol\u00f3gica como eje de crecimiento hacia 2026 y 2027. Hablamos con\u2026","rel":"","context":"En \u00abActualidad\u00bb","block_context":{"text":"Actualidad","link":"https:\/\/infoseguridadit.com\/electronica\/category\/actualidad\/"},"img":{"alt_text":"watchman","src":"https:\/\/i0.wp.com\/infoseguridadit.com\/electronica\/wp-content\/uploads\/2026\/04\/IMG_6626.jpg?resize=350%2C200&ssl=1","width":350,"height":200,"srcset":"https:\/\/i0.wp.com\/infoseguridadit.com\/electronica\/wp-content\/uploads\/2026\/04\/IMG_6626.jpg?resize=350%2C200&ssl=1 1x, https:\/\/i0.wp.com\/infoseguridadit.com\/electronica\/wp-content\/uploads\/2026\/04\/IMG_6626.jpg?resize=525%2C300&ssl=1 1.5x, https:\/\/i0.wp.com\/infoseguridadit.com\/electronica\/wp-content\/uploads\/2026\/04\/IMG_6626.jpg?resize=700%2C400&ssl=1 2x, https:\/\/i0.wp.com\/infoseguridadit.com\/electronica\/wp-content\/uploads\/2026\/04\/IMG_6626.jpg?resize=1050%2C600&ssl=1 3x, https:\/\/i0.wp.com\/infoseguridadit.com\/electronica\/wp-content\/uploads\/2026\/04\/IMG_6626.jpg?resize=1400%2C800&ssl=1 4x"},"classes":[]},{"id":16102,"url":"https:\/\/infoseguridadit.com\/electronica\/2025\/12\/01\/seguridad-electronica-7\/","url_meta":{"origin":16405,"position":1},"title":"Seguridad electr\u00f3nica en Argentina: por qu\u00e9 necesitamos innovar m\u00e1s, integrarnos mejor y trabajar con est\u00e1ndares reales","author":"InfoSeguridadIT","date":"1 de diciembre de 2025","format":false,"excerpt":"Seguridad electr\u00f3nica en Argentina dej\u00f3 de ser un tema estrictamente tecnol\u00f3gico para transformarse en un eje estrat\u00e9gico del desarrollo nacional. En un mercado cada vez m\u00e1s complejo, donde conviven nuevas amenazas, demandas crecientes y un ecosistema de proveedores en constante renovaci\u00f3n, el pa\u00eds necesita fortalecer su capacidad de innovaci\u00f3n para\u2026","rel":"","context":"En \u00abActualidad\u00bb","block_context":{"text":"Actualidad","link":"https:\/\/infoseguridadit.com\/electronica\/category\/actualidad\/"},"img":{"alt_text":"seguridad electro\u0301nica","src":"https:\/\/i0.wp.com\/infoseguridadit.com\/electronica\/wp-content\/uploads\/2025\/12\/seguridad-electronica.jpg?resize=350%2C200&ssl=1","width":350,"height":200,"srcset":"https:\/\/i0.wp.com\/infoseguridadit.com\/electronica\/wp-content\/uploads\/2025\/12\/seguridad-electronica.jpg?resize=350%2C200&ssl=1 1x, https:\/\/i0.wp.com\/infoseguridadit.com\/electronica\/wp-content\/uploads\/2025\/12\/seguridad-electronica.jpg?resize=525%2C300&ssl=1 1.5x, https:\/\/i0.wp.com\/infoseguridadit.com\/electronica\/wp-content\/uploads\/2025\/12\/seguridad-electronica.jpg?resize=700%2C400&ssl=1 2x, https:\/\/i0.wp.com\/infoseguridadit.com\/electronica\/wp-content\/uploads\/2025\/12\/seguridad-electronica.jpg?resize=1050%2C600&ssl=1 3x, https:\/\/i0.wp.com\/infoseguridadit.com\/electronica\/wp-content\/uploads\/2025\/12\/seguridad-electronica.jpg?resize=1400%2C800&ssl=1 4x"},"classes":[]},{"id":11640,"url":"https:\/\/infoseguridadit.com\/electronica\/2021\/05\/04\/rapid-sos-y-softguard-redefinen-la-seguridad-de-los-sitemas-de-emergencias\/","url_meta":{"origin":16405,"position":2},"title":"RAPID SOS y SOFTGUARD redefinen la seguridad de los sitemas de emergencias","author":"InfoSeguridadIT","date":"4 de mayo de 2021","format":false,"excerpt":"En la era digital, la mayor\u00eda de las llamadas de emergencia contin\u00faan involucrando solo una conexi\u00f3n de voz y una aproximaci\u00f3n de la ubicaci\u00f3n de la persona que realiza la llamada telef\u00f3nica. Esto supone un problema porque en ocasiones la persona no puede hablar o no conoce su ubicaci\u00f3n, por\u2026","rel":"","context":"En \u00abMonitoreo\u00bb","block_context":{"text":"Monitoreo","link":"https:\/\/infoseguridadit.com\/electronica\/category\/monitore\/"},"img":{"alt_text":"softguard infoseguridadit 3","src":"https:\/\/i0.wp.com\/infoseguridadit.com\/electronica\/wp-content\/uploads\/2021\/05\/softguard-infoseguridadit-3-scaled.jpg?resize=350%2C200&ssl=1","width":350,"height":200,"srcset":"https:\/\/i0.wp.com\/infoseguridadit.com\/electronica\/wp-content\/uploads\/2021\/05\/softguard-infoseguridadit-3-scaled.jpg?resize=350%2C200&ssl=1 1x, https:\/\/i0.wp.com\/infoseguridadit.com\/electronica\/wp-content\/uploads\/2021\/05\/softguard-infoseguridadit-3-scaled.jpg?resize=525%2C300&ssl=1 1.5x, https:\/\/i0.wp.com\/infoseguridadit.com\/electronica\/wp-content\/uploads\/2021\/05\/softguard-infoseguridadit-3-scaled.jpg?resize=700%2C400&ssl=1 2x, https:\/\/i0.wp.com\/infoseguridadit.com\/electronica\/wp-content\/uploads\/2021\/05\/softguard-infoseguridadit-3-scaled.jpg?resize=1050%2C600&ssl=1 3x, https:\/\/i0.wp.com\/infoseguridadit.com\/electronica\/wp-content\/uploads\/2021\/05\/softguard-infoseguridadit-3-scaled.jpg?resize=1400%2C800&ssl=1 4x"},"classes":[]},{"id":16341,"url":"https:\/\/infoseguridadit.com\/electronica\/2026\/03\/09\/ezer-seguridad\/","url_meta":{"origin":16405,"position":3},"title":"De la vigilancia tradicional a un modelo h\u00edbrido con tecnolog\u00eda, videoverificaci\u00f3n e IA","author":"InfoSeguridadIT","date":"9 de marzo de 2026","format":false,"excerpt":"Entrevistamos a Walter R. Smith, CEO de EZER Seguridad, \u00e9l no se presenta como un \u201cevangelizador\u201d de la tecnolog\u00eda. Todo lo contrario: su historia es la de muchas pymes familiares de seguridad privada en Argentina.\u00a0Una empresa nacida y consolidada en vigilancia f\u00edsica, con foco en el capital humano y el\u2026","rel":"","context":"En \u00abEntrevistas\u00bb","block_context":{"text":"Entrevistas","link":"https:\/\/infoseguridadit.com\/electronica\/category\/entrevistas\/"},"img":{"alt_text":"","src":"https:\/\/i0.wp.com\/infoseguridadit.com\/electronica\/wp-content\/uploads\/2026\/03\/ezer-seguridad.jpg?resize=350%2C200&ssl=1","width":350,"height":200,"srcset":"https:\/\/i0.wp.com\/infoseguridadit.com\/electronica\/wp-content\/uploads\/2026\/03\/ezer-seguridad.jpg?resize=350%2C200&ssl=1 1x, https:\/\/i0.wp.com\/infoseguridadit.com\/electronica\/wp-content\/uploads\/2026\/03\/ezer-seguridad.jpg?resize=525%2C300&ssl=1 1.5x, https:\/\/i0.wp.com\/infoseguridadit.com\/electronica\/wp-content\/uploads\/2026\/03\/ezer-seguridad.jpg?resize=700%2C400&ssl=1 2x, https:\/\/i0.wp.com\/infoseguridadit.com\/electronica\/wp-content\/uploads\/2026\/03\/ezer-seguridad.jpg?resize=1050%2C600&ssl=1 3x, https:\/\/i0.wp.com\/infoseguridadit.com\/electronica\/wp-content\/uploads\/2026\/03\/ezer-seguridad.jpg?resize=1400%2C800&ssl=1 4x"},"classes":[]},{"id":15789,"url":"https:\/\/infoseguridadit.com\/electronica\/2025\/10\/07\/domotica\/","url_meta":{"origin":16405,"position":4},"title":"Dom\u00f3tica, asistentes virtuales e IoT: la nueva frontera entre confort y seguridad","author":"InfoSeguridadIT","date":"7 de octubre de 2025","format":false,"excerpt":"Dom\u00f3tica y la integraci\u00f3n tecnol\u00f3gica redefine la seguridad del hogar.Los sistemas de control de accesos y alarmas dejaron de ser soluciones aisladas: hoy se comunican con asistentes virtuales, sensores IoT y dispositivos inteligentes que elevan la experiencia del usuario y abren nuevas oportunidades para los integradores. De los sistemas cerrados\u2026","rel":"","context":"En \u00abIntegracion\u00bb","block_context":{"text":"Integracion","link":"https:\/\/infoseguridadit.com\/electronica\/category\/integracion\/"},"img":{"alt_text":"Domo\u0301tica infoseguridad","src":"https:\/\/i0.wp.com\/infoseguridadit.com\/electronica\/wp-content\/uploads\/2025\/10\/Domotica-infoseguridad.jpg?resize=350%2C200&ssl=1","width":350,"height":200,"srcset":"https:\/\/i0.wp.com\/infoseguridadit.com\/electronica\/wp-content\/uploads\/2025\/10\/Domotica-infoseguridad.jpg?resize=350%2C200&ssl=1 1x, https:\/\/i0.wp.com\/infoseguridadit.com\/electronica\/wp-content\/uploads\/2025\/10\/Domotica-infoseguridad.jpg?resize=525%2C300&ssl=1 1.5x, https:\/\/i0.wp.com\/infoseguridadit.com\/electronica\/wp-content\/uploads\/2025\/10\/Domotica-infoseguridad.jpg?resize=700%2C400&ssl=1 2x"},"classes":[]},{"id":16597,"url":"https:\/\/infoseguridadit.com\/electronica\/2026\/04\/28\/ojos-en-alerta\/","url_meta":{"origin":16405,"position":5},"title":"Ojos en Alerta: c\u00f3mo la participaci\u00f3n ciudadana y la inteligencia artificial redefinen la prevenci\u00f3n del delito","author":"InfoSeguridadIT","date":"28 de abril de 2026","format":false,"excerpt":"Ojos en Alerta propone un enfoque innovador basado en la participaci\u00f3n ciudadana, la comunicaci\u00f3n y el uso estrat\u00e9gico de la tecnolog\u00eda. Este modelo, impulsado desde gobiernos locales, plantea una transformaci\u00f3n concreta: pasar de un esquema reactivo a uno preventivo, donde el vecino cumple un rol activo.Ojos en Alerta: el rol\u2026","rel":"","context":"En \u00abActualidad\u00bb","block_context":{"text":"Actualidad","link":"https:\/\/infoseguridadit.com\/electronica\/category\/actualidad\/"},"img":{"alt_text":"ojos en alerta","src":"https:\/\/i0.wp.com\/infoseguridadit.com\/electronica\/wp-content\/uploads\/2026\/04\/ojos-en-alerta.jpg?resize=350%2C200&ssl=1","width":350,"height":200,"srcset":"https:\/\/i0.wp.com\/infoseguridadit.com\/electronica\/wp-content\/uploads\/2026\/04\/ojos-en-alerta.jpg?resize=350%2C200&ssl=1 1x, https:\/\/i0.wp.com\/infoseguridadit.com\/electronica\/wp-content\/uploads\/2026\/04\/ojos-en-alerta.jpg?resize=525%2C300&ssl=1 1.5x, https:\/\/i0.wp.com\/infoseguridadit.com\/electronica\/wp-content\/uploads\/2026\/04\/ojos-en-alerta.jpg?resize=700%2C400&ssl=1 2x, https:\/\/i0.wp.com\/infoseguridadit.com\/electronica\/wp-content\/uploads\/2026\/04\/ojos-en-alerta.jpg?resize=1050%2C600&ssl=1 3x, https:\/\/i0.wp.com\/infoseguridadit.com\/electronica\/wp-content\/uploads\/2026\/04\/ojos-en-alerta.jpg?resize=1400%2C800&ssl=1 4x"},"classes":[]}],"jetpack_shortlink":"https:\/\/wp.me\/p6cGtH-4gB","_links":{"self":[{"href":"https:\/\/infoseguridadit.com\/electronica\/wp-json\/wp\/v2\/posts\/16405","targetHints":{"allow":["GET"]}}],"collection":[{"href":"https:\/\/infoseguridadit.com\/electronica\/wp-json\/wp\/v2\/posts"}],"about":[{"href":"https:\/\/infoseguridadit.com\/electronica\/wp-json\/wp\/v2\/types\/post"}],"author":[{"embeddable":true,"href":"https:\/\/infoseguridadit.com\/electronica\/wp-json\/wp\/v2\/users\/1"}],"replies":[{"embeddable":true,"href":"https:\/\/infoseguridadit.com\/electronica\/wp-json\/wp\/v2\/comments?post=16405"}],"version-history":[{"count":1,"href":"https:\/\/infoseguridadit.com\/electronica\/wp-json\/wp\/v2\/posts\/16405\/revisions"}],"predecessor-version":[{"id":16407,"href":"https:\/\/infoseguridadit.com\/electronica\/wp-json\/wp\/v2\/posts\/16405\/revisions\/16407"}],"wp:featuredmedia":[{"embeddable":true,"href":"https:\/\/infoseguridadit.com\/electronica\/wp-json\/wp\/v2\/media\/16406"}],"wp:attachment":[{"href":"https:\/\/infoseguridadit.com\/electronica\/wp-json\/wp\/v2\/media?parent=16405"}],"wp:term":[{"taxonomy":"category","embeddable":true,"href":"https:\/\/infoseguridadit.com\/electronica\/wp-json\/wp\/v2\/categories?post=16405"},{"taxonomy":"post_tag","embeddable":true,"href":"https:\/\/infoseguridadit.com\/electronica\/wp-json\/wp\/v2\/tags?post=16405"}],"curies":[{"name":"wp","href":"https:\/\/api.w.org\/{rel}","templated":true}]}}